{"id":99490,"date":"2025-09-08T15:20:51","date_gmt":"2025-09-08T21:20:51","guid":{"rendered":"https:\/\/diarioavanzada.com.mx\/?p=99490"},"modified":"2025-09-08T15:20:51","modified_gmt":"2025-09-08T21:20:51","slug":"cdmx-mujer-da-a-luz-a-una-bebe-en-la-via-publica-y-la-abandona","status":"publish","type":"post","link":"https:\/\/diarioavanzada.com.mx\/?p=99490","title":{"rendered":"CDMX: Mujer da a luz a una beb\u00e9 en la v\u00eda p\u00fablica y la abandona"},"content":{"rendered":"\n<p class=\"p1 wp-block-paragraph\"><em>Abandona a su beb\u00e9 reci\u00e9n nacida en calles de la GAM; la menor prematura lucha por sobrevivir<\/em><\/p>\n\n\n\n<p class=\"p1 wp-block-paragraph\">Ciudad de M\u00e9xico, M\u00e9xico, Avanzada (08\/09\/2025).- Una mujer dio a luz en plena v\u00eda p\u00fablica y abandon\u00f3 a su beb\u00e9 en la colonia Industrial de la alcald\u00eda Gustavo A. Madero. El hecho qued\u00f3 registrado en video, donde se observa a la mujer descender de un autom\u00f3vil, bajarse el pantal\u00f3n y parir a una ni\u00f1a, para despu\u00e9s limpiarse con pa\u00f1uelos, subir nuevamente al veh\u00edculo y retirarse del lugar.<\/p>\n\n\n\n<p class=\"p1 wp-block-paragraph\">La reci\u00e9n nacida, de 32 semanas de gestaci\u00f3n seg\u00fan el IMSS Bienestar, fue localizada por un ciclista que pasaba por la zona, quien la atendi\u00f3 mientras arribaban param\u00e9dicos. La menor fue trasladada a un hospital, donde se reporta en estado grave debido a hipotermia y complicaciones respiratorias.<\/p>\n\n\n\n<p class=\"p1 wp-block-paragraph\">En un primer momento, la Secretar\u00eda de Seguridad Ciudadana (SSC) inform\u00f3 que la beb\u00e9 ten\u00eda 25 semanas de gestaci\u00f3n, sin embargo, la rectificaci\u00f3n m\u00e9dica confirm\u00f3 que eran 32 semanas.<\/p>\n\n\n\n<p class=\"p1 wp-block-paragraph\">La SSC abri\u00f3 una carpeta de investigaci\u00f3n para identificar a la madre y deslindar responsabilidades legales por el abandono.<\/p>\n\n\n\n<figure class=\"wp-block-embed is-type-rich is-provider-twitter wp-block-embed-twitter\"><div class=\"wp-block-embed__wrapper\">\n<div class=\"embed-twitter\"><blockquote class=\"twitter-tweet\" data-width=\"550\" data-dnt=\"true\"><p lang=\"es\" dir=\"ltr\">Una beb\u00e9 abandonada en Ciudad de M\u00e9xico despierta alarma y un llamado urgente a la conciencia<br><br>Ciudad de M\u00e9xico. \u2014 El hallazgo de una reci\u00e9n nacida en estado cr\u00edtico en la alcald\u00eda Gustavo A. Madero ha generado conmoci\u00f3n y dolor. La beb\u00e9, con apenas unas horas de vida, fue\u2026 <a href=\"https:\/\/t.co\/3NHBEJsLaO\">pic.twitter.com\/3NHBEJsLaO<\/a><\/p>&mdash; \u2119\ud835\udd46\u211d\ud835\udd4b\ud835\udd38\ud835\udd43 \ud835\udd38\ud835\udd43 \ud835\udd3b\ud835\udd40\ud835\udd38 \u00ae (@portalaldia) <a href=\"https:\/\/twitter.com\/portalaldia\/status\/1965059615193809208?ref_src=twsrc%5Etfw\">September 8, 2025<\/a><\/blockquote><script async src=\"https:\/\/platform.twitter.com\/widgets.js\" charset=\"utf-8\"><\/script><\/div>\n<\/div><\/figure>\n<div class=\"fb-background-color\">\n\t\t\t  <div \n\t\t\t  \tclass = \"fb-comments\" \n\t\t\t  \tdata-href = \"https:\/\/diarioavanzada.com.mx\/?p=99490\"\n\t\t\t  \tdata-numposts = \"10\"\n\t\t\t  \tdata-lazy = \"true\"\n\t\t\t\tdata-colorscheme = \"light\"\n\t\t\t\tdata-order-by = \"social\"\n\t\t\t\tdata-mobile=true>\n\t\t\t  <\/div><\/div>\n\t\t  <style>\n\t\t    .fb-background-color {\n\t\t\t\tbackground:  !important;\n\t\t\t}\n\t\t\t.fb_iframe_widget_fluid_desktop iframe {\n\t\t\t    width: 100% !important;\n\t\t\t}\n\t\t  <\/style>\n\t\t  ","protected":false},"excerpt":{"rendered":"<p>Abandona a su beb\u00e9 reci\u00e9n nacida en calles de la GAM; la menor prematura lucha por sobrevivir Ciudad de M\u00e9xico, M\u00e9xico, Avanzada (08\/09\/2025).- Una mujer dio a luz en plena v\u00eda p\u00fablica y abandon\u00f3 a su beb\u00e9 en la colonia Industrial de la alcald\u00eda Gustavo A. Madero. El hecho qued\u00f3 registrado en video, donde se [&hellip;]<\/p>\n","protected":false},"author":7,"featured_media":99489,"comment_status":"closed","ping_status":"closed","sticky":false,"template":"","format":"standard","meta":{"_coblocks_attr":"","_coblocks_dimensions":"","_coblocks_responsive_height":"","_coblocks_accordion_ie_support":"","_crdt_document":"","advanced_seo_description":"","jetpack_seo_html_title":"","jetpack_seo_noindex":false,"_jetpack_memberships_contains_paid_content":false,"footnotes":""},"categories":[209,22,7,231],"tags":[],"class_list":["post-99490","post","type-post","status-publish","format-standard","has-post-thumbnail","hentry","category-importantes","category-nacion","category-noticias","category-seguridad"],"jetpack_featured_media_url":"https:\/\/diarioavanzada.com.mx\/wp-content\/uploads\/2025\/09\/img_4913.png","jetpack-related-posts":[],"jetpack_sharing_enabled":true,"amp_enabled":true,"_links":{"self":[{"href":"https:\/\/diarioavanzada.com.mx\/index.php?rest_route=\/wp\/v2\/posts\/99490","targetHints":{"allow":["GET"]}}],"collection":[{"href":"https:\/\/diarioavanzada.com.mx\/index.php?rest_route=\/wp\/v2\/posts"}],"about":[{"href":"https:\/\/diarioavanzada.com.mx\/index.php?rest_route=\/wp\/v2\/types\/post"}],"author":[{"embeddable":true,"href":"https:\/\/diarioavanzada.com.mx\/index.php?rest_route=\/wp\/v2\/users\/7"}],"replies":[{"embeddable":true,"href":"https:\/\/diarioavanzada.com.mx\/index.php?rest_route=%2Fwp%2Fv2%2Fcomments&post=99490"}],"version-history":[{"count":0,"href":"https:\/\/diarioavanzada.com.mx\/index.php?rest_route=\/wp\/v2\/posts\/99490\/revisions"}],"wp:featuredmedia":[{"embeddable":true,"href":"https:\/\/diarioavanzada.com.mx\/index.php?rest_route=\/wp\/v2\/media\/99489"}],"wp:attachment":[{"href":"https:\/\/diarioavanzada.com.mx\/index.php?rest_route=%2Fwp%2Fv2%2Fmedia&parent=99490"}],"wp:term":[{"taxonomy":"category","embeddable":true,"href":"https:\/\/diarioavanzada.com.mx\/index.php?rest_route=%2Fwp%2Fv2%2Fcategories&post=99490"},{"taxonomy":"post_tag","embeddable":true,"href":"https:\/\/diarioavanzada.com.mx\/index.php?rest_route=%2Fwp%2Fv2%2Ftags&post=99490"}],"curies":[{"name":"wp","href":"https:\/\/api.w.org\/{rel}","templated":true}]}}