{"id":99259,"date":"2025-09-04T20:58:16","date_gmt":"2025-09-05T02:58:16","guid":{"rendered":"https:\/\/diarioavanzada.com.mx\/?p=99259"},"modified":"2025-09-04T20:58:16","modified_gmt":"2025-09-05T02:58:16","slug":"indira-se-enreda-repite-el-optimo-80-de-abasto-antes-y-despues-de-las-rutas-de-la-salud","status":"publish","type":"post","link":"https:\/\/diarioavanzada.com.mx\/?p=99259","title":{"rendered":"Indira se enreda: repite el \u201c\u00f3ptimo\u201d 80% de abasto antes y despu\u00e9s de las \u201cRutas de la Salud\u201d"},"content":{"rendered":"\n<p class=\"p1 wp-block-paragraph\">Colima, M\u00e9xico, Avanzada (04\/09\/2025).- La gobernadora de Colima, Indira Vizca\u00edno Silva, incurri\u00f3 en una doble contradicci\u00f3n al declarar que el estado presenta un abasto de medicamentos del 80 por ciento antes y despu\u00e9s de implementar las \u201cRutas de la Salud\u201d, pero adem\u00e1s, contradijo la versi\u00f3n del Gobierno Federal, pues ellos aseguraron que se hab\u00eda alcanzado el 100 por ciento de cobertura en las entidades adheridas al IMSS-Bienestar.<\/p>\n\n\n\n<p class=\"p1 wp-block-paragraph\">Esta ma\u00f1ana, Vizca\u00edno celebr\u00f3 la estrategia federal, destacando que en tres d\u00edas se surtieron 141 unidades m\u00e9dicas en Colima, lo que representa, seg\u00fan dijo, un 80 por ciento de abasto. La mandataria subray\u00f3 que este nivel es \u201c\u00f3ptimo\u201d conforme a est\u00e1ndares internacionales, aunque reconoci\u00f3 que resta un 20 por ciento, principalmente de medicamentos especializados, que llegar\u00e1n en las pr\u00f3ximas semanas.<\/p>\n\n\n\n<p class=\"p1 wp-block-paragraph\">Sin embargo, el pasado 27 de agosto, la gobernadora hab\u00eda declarado lo mismo: que Colima ten\u00eda un 80 por ciento de suministro, antes de la puesta en marcha de las \u201cRutas de la Salud\u201d y las compras consolidadas. En aquella ocasi\u00f3n, asegur\u00f3 que este porcentaje era ya reflejo de la estrategia nacional para estabilizar el sistema estatal de salud.<\/p>\n\n\n\n<p class=\"p1 wp-block-paragraph\">La contradicci\u00f3n se profundiza porque el 2 de septiembre, el Gobierno de M\u00e9xico asegur\u00f3 que los hospitales y centros de salud del IMSS-Bienestar cuentan con un abasto del 100 por ciento, tras la entrega de 28 millones de medicamentos a lo largo de 23 estados. En conferencia, la presidenta Claudia Sheinbaum subray\u00f3 que el mecanismo de distribuci\u00f3n permite eficiencia y cobertura total, mientras que el director del IMSS-Bienestar, Alejandro Svarch P\u00e9rez, garantiz\u00f3 que las rutas seguir\u00e1n operando cada mes para mantener ese nivel.<\/p>\n\n\n\n<p class=\"p1 wp-block-paragraph\">De esta manera, mientras la Federaci\u00f3n presume cobertura completa, la gobernadora colimense insiste en que el suministro estatal se mantiene en un \u201c\u00f3ptimo\u201d de 80 por ciento, el mismo nivel que ya hab\u00eda reconocido desde antes de que se anunciara el despliegue de las \u201cRutas de la Salud\u201d.<\/p>\n\n\n\n<p class=\"p1 wp-block-paragraph\"><\/p>\n<div class=\"fb-background-color\">\n\t\t\t  <div \n\t\t\t  \tclass = \"fb-comments\" \n\t\t\t  \tdata-href = \"https:\/\/diarioavanzada.com.mx\/?p=99259\"\n\t\t\t  \tdata-numposts = \"10\"\n\t\t\t  \tdata-lazy = \"true\"\n\t\t\t\tdata-colorscheme = \"light\"\n\t\t\t\tdata-order-by = \"social\"\n\t\t\t\tdata-mobile=true>\n\t\t\t  <\/div><\/div>\n\t\t  <style>\n\t\t    .fb-background-color {\n\t\t\t\tbackground:  !important;\n\t\t\t}\n\t\t\t.fb_iframe_widget_fluid_desktop iframe {\n\t\t\t    width: 100% !important;\n\t\t\t}\n\t\t  <\/style>\n\t\t  ","protected":false},"excerpt":{"rendered":"<p>Colima, M\u00e9xico, Avanzada (04\/09\/2025).- La gobernadora de Colima, Indira Vizca\u00edno Silva, incurri\u00f3 en una doble contradicci\u00f3n al declarar que el estado presenta un abasto de medicamentos del 80 por ciento antes y despu\u00e9s de implementar las \u201cRutas de la Salud\u201d, pero adem\u00e1s, contradijo la versi\u00f3n del Gobierno Federal, pues ellos aseguraron que se hab\u00eda alcanzado [&hellip;]<\/p>\n","protected":false},"author":7,"featured_media":99258,"comment_status":"closed","ping_status":"closed","sticky":false,"template":"","format":"standard","meta":{"_coblocks_attr":"","_coblocks_dimensions":"","_coblocks_responsive_height":"","_coblocks_accordion_ie_support":"","_crdt_document":"","advanced_seo_description":"","jetpack_seo_html_title":"","jetpack_seo_noindex":false,"_jetpack_memberships_contains_paid_content":false,"footnotes":""},"categories":[19,209,7],"tags":[210],"class_list":["post-99259","post","type-post","status-publish","format-standard","has-post-thumbnail","hentry","category-colima","category-importantes","category-noticias","tag-portada"],"jetpack_featured_media_url":"https:\/\/diarioavanzada.com.mx\/wp-content\/uploads\/2025\/09\/img_4858.jpg","jetpack-related-posts":[],"jetpack_sharing_enabled":true,"amp_enabled":true,"_links":{"self":[{"href":"https:\/\/diarioavanzada.com.mx\/index.php?rest_route=\/wp\/v2\/posts\/99259","targetHints":{"allow":["GET"]}}],"collection":[{"href":"https:\/\/diarioavanzada.com.mx\/index.php?rest_route=\/wp\/v2\/posts"}],"about":[{"href":"https:\/\/diarioavanzada.com.mx\/index.php?rest_route=\/wp\/v2\/types\/post"}],"author":[{"embeddable":true,"href":"https:\/\/diarioavanzada.com.mx\/index.php?rest_route=\/wp\/v2\/users\/7"}],"replies":[{"embeddable":true,"href":"https:\/\/diarioavanzada.com.mx\/index.php?rest_route=%2Fwp%2Fv2%2Fcomments&post=99259"}],"version-history":[{"count":0,"href":"https:\/\/diarioavanzada.com.mx\/index.php?rest_route=\/wp\/v2\/posts\/99259\/revisions"}],"wp:featuredmedia":[{"embeddable":true,"href":"https:\/\/diarioavanzada.com.mx\/index.php?rest_route=\/wp\/v2\/media\/99258"}],"wp:attachment":[{"href":"https:\/\/diarioavanzada.com.mx\/index.php?rest_route=%2Fwp%2Fv2%2Fmedia&parent=99259"}],"wp:term":[{"taxonomy":"category","embeddable":true,"href":"https:\/\/diarioavanzada.com.mx\/index.php?rest_route=%2Fwp%2Fv2%2Fcategories&post=99259"},{"taxonomy":"post_tag","embeddable":true,"href":"https:\/\/diarioavanzada.com.mx\/index.php?rest_route=%2Fwp%2Fv2%2Ftags&post=99259"}],"curies":[{"name":"wp","href":"https:\/\/api.w.org\/{rel}","templated":true}]}}