{"id":99196,"date":"2025-09-04T12:21:03","date_gmt":"2025-09-04T18:21:03","guid":{"rendered":"https:\/\/diarioavanzada.com.mx\/?p=99196"},"modified":"2025-09-04T12:21:03","modified_gmt":"2025-09-04T18:21:03","slug":"colima-sangra-12-asesinatos-en-dos-dias-y-los-responsables-siguen-libres","status":"publish","type":"post","link":"https:\/\/diarioavanzada.com.mx\/?p=99196","title":{"rendered":"Colima sangra: 12 asesinatos en dos d\u00edas y los responsables siguen libres"},"content":{"rendered":"\n<p class=\"p1 wp-block-paragraph\">Colima, M\u00e9xico, Avanzada (04\/09\/2025).- La violencia en Colima no da tregua: en apenas dos d\u00edas fueron asesinadas doce personas en distintos municipios de la entidad, sin que hasta el momento se registren personas detenidas por los hechos. Entre las v\u00edctimas se encuentra un herido del ataque a la panader\u00eda El Pich\u00f3n, quien perdi\u00f3 la vida ayer.<\/p>\n\n\n\n<p class=\"p1 wp-block-paragraph\">El dos de septiembre, durante la madrugada, un grupo armado irrumpi\u00f3 en la reconocida panader\u00eda ubicada en la colonia Placetas de la capital del estado, donde dispararon contra clientes y trabajadores. El saldo inicial fue de seis personas muertas y un herido de gravedad. Ayer, el presidente del PRI en Colima, Enrique Rojas Orozco, confirm\u00f3 que la v\u00edctima lesionada tambi\u00e9n hab\u00eda fallecido, elevando la cifra a siete v\u00edctimas mortales.<\/p>\n\n\n\n<p class=\"p1 wp-block-paragraph\">La violencia continu\u00f3 el mismo 2 de septiembre. A media ma\u00f1ana, una mujer fue ejecutada en pleno centro de Manzanillo mientras caminaba por la calle Hidalgo. M\u00e1s tarde, en Coquimatl\u00e1n, dos cuerpos fueron localizados a la orilla de la carretera Jala\u2013Ejido Madrid; ambos estaban maniatados, presentaban signos de tortura y ten\u00edan disparos en la cabeza.<\/p>\n\n\n\n<p class=\"p1 wp-block-paragraph\">El 3 de septiembre, la jornada homicida sigui\u00f3 en Manzanillo. Cerca de las 20:00 horas, un comando armado ingres\u00f3 a una vivienda en el fraccionamiento La Joya II, en la comunidad de Santiago, y ejecut\u00f3 a una mujer y a un hombre. Los atacantes huyeron sin ser detenidos.<\/p>\n\n\n\n<p class=\"p1 wp-block-paragraph\">Mientras tanto, la gobernadora Indira Vizca\u00edno Silva asegur\u00f3 en sus redes sociales que, en la sesi\u00f3n de la Mesa de Coordinaci\u00f3n Estatal para la Construcci\u00f3n de Paz, se revisaron los avances en las investigaciones y el despliegue de fuerzas de seguridad. \u201cCon coordinaci\u00f3n y convicci\u00f3n, no pararemos hasta devolverle a las familias colimenses la tranquilidad que exigen y merecen\u201d, afirm\u00f3.<\/p>\n\n\n\n<p class=\"p1 wp-block-paragraph\">Sin embargo, hasta el cierre de esta nota, ninguno de los responsables de los doce homicidios hab\u00eda sido detenido, lo que exhibe nuevamente la impunidad con la que operan los c\u00e1rteles en la entidad.<\/p>\n\n\n\n<p class=\"p1 wp-block-paragraph\"><\/p>\n<div class=\"fb-background-color\">\n\t\t\t  <div \n\t\t\t  \tclass = \"fb-comments\" \n\t\t\t  \tdata-href = \"https:\/\/diarioavanzada.com.mx\/?p=99196\"\n\t\t\t  \tdata-numposts = \"10\"\n\t\t\t  \tdata-lazy = \"true\"\n\t\t\t\tdata-colorscheme = \"light\"\n\t\t\t\tdata-order-by = \"social\"\n\t\t\t\tdata-mobile=true>\n\t\t\t  <\/div><\/div>\n\t\t  <style>\n\t\t    .fb-background-color {\n\t\t\t\tbackground:  !important;\n\t\t\t}\n\t\t\t.fb_iframe_widget_fluid_desktop iframe {\n\t\t\t    width: 100% !important;\n\t\t\t}\n\t\t  <\/style>\n\t\t  ","protected":false},"excerpt":{"rendered":"<p>Colima, M\u00e9xico, Avanzada (04\/09\/2025).- La violencia en Colima no da tregua: en apenas dos d\u00edas fueron asesinadas doce personas en distintos municipios de la entidad, sin que hasta el momento se registren personas detenidas por los hechos. Entre las v\u00edctimas se encuentra un herido del ataque a la panader\u00eda El Pich\u00f3n, quien perdi\u00f3 la vida [&hellip;]<\/p>\n","protected":false},"author":7,"featured_media":99195,"comment_status":"closed","ping_status":"closed","sticky":false,"template":"","format":"standard","meta":{"_coblocks_attr":"","_coblocks_dimensions":"","_coblocks_responsive_height":"","_coblocks_accordion_ie_support":"","_crdt_document":"","advanced_seo_description":"","jetpack_seo_html_title":"","jetpack_seo_noindex":false,"_jetpack_memberships_contains_paid_content":false,"footnotes":""},"categories":[19,209,7,231],"tags":[210],"class_list":["post-99196","post","type-post","status-publish","format-standard","has-post-thumbnail","hentry","category-colima","category-importantes","category-noticias","category-seguridad","tag-portada"],"jetpack_featured_media_url":"https:\/\/diarioavanzada.com.mx\/wp-content\/uploads\/2025\/09\/img_4840.jpg","jetpack-related-posts":[],"jetpack_sharing_enabled":true,"amp_enabled":true,"_links":{"self":[{"href":"https:\/\/diarioavanzada.com.mx\/index.php?rest_route=\/wp\/v2\/posts\/99196","targetHints":{"allow":["GET"]}}],"collection":[{"href":"https:\/\/diarioavanzada.com.mx\/index.php?rest_route=\/wp\/v2\/posts"}],"about":[{"href":"https:\/\/diarioavanzada.com.mx\/index.php?rest_route=\/wp\/v2\/types\/post"}],"author":[{"embeddable":true,"href":"https:\/\/diarioavanzada.com.mx\/index.php?rest_route=\/wp\/v2\/users\/7"}],"replies":[{"embeddable":true,"href":"https:\/\/diarioavanzada.com.mx\/index.php?rest_route=%2Fwp%2Fv2%2Fcomments&post=99196"}],"version-history":[{"count":0,"href":"https:\/\/diarioavanzada.com.mx\/index.php?rest_route=\/wp\/v2\/posts\/99196\/revisions"}],"wp:featuredmedia":[{"embeddable":true,"href":"https:\/\/diarioavanzada.com.mx\/index.php?rest_route=\/wp\/v2\/media\/99195"}],"wp:attachment":[{"href":"https:\/\/diarioavanzada.com.mx\/index.php?rest_route=%2Fwp%2Fv2%2Fmedia&parent=99196"}],"wp:term":[{"taxonomy":"category","embeddable":true,"href":"https:\/\/diarioavanzada.com.mx\/index.php?rest_route=%2Fwp%2Fv2%2Fcategories&post=99196"},{"taxonomy":"post_tag","embeddable":true,"href":"https:\/\/diarioavanzada.com.mx\/index.php?rest_route=%2Fwp%2Fv2%2Ftags&post=99196"}],"curies":[{"name":"wp","href":"https:\/\/api.w.org\/{rel}","templated":true}]}}