{"id":99087,"date":"2025-09-03T09:05:28","date_gmt":"2025-09-03T15:05:28","guid":{"rendered":"https:\/\/diarioavanzada.com.mx\/?p=99087"},"modified":"2025-09-03T09:05:28","modified_gmt":"2025-09-03T15:05:28","slug":"ayer-se-registro-el-dia-mas-violento-de-2025-en-colima-asesinaron-a-nueve-personas","status":"publish","type":"post","link":"https:\/\/diarioavanzada.com.mx\/?p=99087","title":{"rendered":"Ayer se registr\u00f3 el d\u00eda m\u00e1s violento de 2025 en Colima: asesinaron a nueve personas"},"content":{"rendered":"\n<p class=\"p1 wp-block-paragraph\">Colima, M\u00e9xico, Avanzada (03\/09\/2025).- Mientras la gobernadora Indira Vizca\u00edno Silva asegura que las estrategias de coordinaci\u00f3n han permitido reducir en 33 por ciento el homicidio doloso en la entidad, la violencia volvi\u00f3 a exhibir otra cara: solo ayer, los c\u00e1rteles asesinaron a nueve personas en distintos puntos del estado.<\/p>\n\n\n\n<p class=\"p1 wp-block-paragraph\">El hecho m\u00e1s cruento ocurri\u00f3 de madrugada en la reconocida panader\u00eda El Pich\u00f3n, en la colonia Placetas de la capital, cuando un grupo armado irrumpi\u00f3 en el establecimiento y dispar\u00f3 contra quienes se encontraban dentro. El ataque dej\u00f3 seis muertos y un herido de gravedad.<\/p>\n\n\n\n<p class=\"p1 wp-block-paragraph\">Horas despu\u00e9s, alrededor de las 10 de la ma\u00f1ana, una mujer fue ejecutada a plena luz del d\u00eda mientras caminaba sobre la calle Hidalgo, en el centro de Manzanillo. Por la tarde, en Coquimatl\u00e1n, fueron localizados dos cad\u00e1veres a la orilla de la carretera Jala\u2013Ejido Madrid; ambos cuerpos estaban amarrados de pies y manos, con signos de tortura y un disparo en la cabeza.<\/p>\n\n\n\n<p class=\"p1 wp-block-paragraph\">En contraste con esta jornada violenta, la gobernadora public\u00f3 en sus redes sociales un mensaje en el que destac\u00f3 acuerdos alcanzados durante la LI Sesi\u00f3n Ordinaria del Consejo Nacional de Seguridad P\u00fablica. Vizca\u00edno resalt\u00f3 que en los pr\u00f3ximos cuatro a\u00f1os los estados deber\u00e1n incrementar gradualmente el n\u00famero de polic\u00edas estatales, polic\u00edas de investigaci\u00f3n y ministerios p\u00fablicos, y asegur\u00f3 que desde ese espacio \u201cno pararemos en la coordinaci\u00f3n y esfuerzo necesarios hasta lograr los niveles de seguridad que las y los colimenses demandan\u201d.<\/p>\n\n\n\n<p class=\"p1 wp-block-paragraph\">Sin embargo, los hechos del d\u00eda exhiben una realidad distinta a las cifras oficiales: Colima sigue siendo escenario de cr\u00edmenes brutales que evidencian la fuerza con la que operan los grupos criminales en la entidad.<\/p>\n<div class=\"fb-background-color\">\n\t\t\t  <div \n\t\t\t  \tclass = \"fb-comments\" \n\t\t\t  \tdata-href = \"https:\/\/diarioavanzada.com.mx\/?p=99087\"\n\t\t\t  \tdata-numposts = \"10\"\n\t\t\t  \tdata-lazy = \"true\"\n\t\t\t\tdata-colorscheme = \"light\"\n\t\t\t\tdata-order-by = \"social\"\n\t\t\t\tdata-mobile=true>\n\t\t\t  <\/div><\/div>\n\t\t  <style>\n\t\t    .fb-background-color {\n\t\t\t\tbackground:  !important;\n\t\t\t}\n\t\t\t.fb_iframe_widget_fluid_desktop iframe {\n\t\t\t    width: 100% !important;\n\t\t\t}\n\t\t  <\/style>\n\t\t  ","protected":false},"excerpt":{"rendered":"<p>Colima, M\u00e9xico, Avanzada (03\/09\/2025).- Mientras la gobernadora Indira Vizca\u00edno Silva asegura que las estrategias de coordinaci\u00f3n han permitido reducir en 33 por ciento el homicidio doloso en la entidad, la violencia volvi\u00f3 a exhibir otra cara: solo ayer, los c\u00e1rteles asesinaron a nueve personas en distintos puntos del estado. El hecho m\u00e1s cruento ocurri\u00f3 de [&hellip;]<\/p>\n","protected":false},"author":7,"featured_media":99086,"comment_status":"closed","ping_status":"closed","sticky":false,"template":"","format":"standard","meta":{"_coblocks_attr":"","_coblocks_dimensions":"","_coblocks_responsive_height":"","_coblocks_accordion_ie_support":"","_crdt_document":"","advanced_seo_description":"","jetpack_seo_html_title":"","jetpack_seo_noindex":false,"_jetpack_memberships_contains_paid_content":false,"footnotes":""},"categories":[19,209,7,231],"tags":[210],"class_list":["post-99087","post","type-post","status-publish","format-standard","has-post-thumbnail","hentry","category-colima","category-importantes","category-noticias","category-seguridad","tag-portada"],"jetpack_featured_media_url":"https:\/\/diarioavanzada.com.mx\/wp-content\/uploads\/2025\/09\/img_4796.jpg","jetpack-related-posts":[],"jetpack_sharing_enabled":true,"amp_enabled":true,"_links":{"self":[{"href":"https:\/\/diarioavanzada.com.mx\/index.php?rest_route=\/wp\/v2\/posts\/99087","targetHints":{"allow":["GET"]}}],"collection":[{"href":"https:\/\/diarioavanzada.com.mx\/index.php?rest_route=\/wp\/v2\/posts"}],"about":[{"href":"https:\/\/diarioavanzada.com.mx\/index.php?rest_route=\/wp\/v2\/types\/post"}],"author":[{"embeddable":true,"href":"https:\/\/diarioavanzada.com.mx\/index.php?rest_route=\/wp\/v2\/users\/7"}],"replies":[{"embeddable":true,"href":"https:\/\/diarioavanzada.com.mx\/index.php?rest_route=%2Fwp%2Fv2%2Fcomments&post=99087"}],"version-history":[{"count":0,"href":"https:\/\/diarioavanzada.com.mx\/index.php?rest_route=\/wp\/v2\/posts\/99087\/revisions"}],"wp:featuredmedia":[{"embeddable":true,"href":"https:\/\/diarioavanzada.com.mx\/index.php?rest_route=\/wp\/v2\/media\/99086"}],"wp:attachment":[{"href":"https:\/\/diarioavanzada.com.mx\/index.php?rest_route=%2Fwp%2Fv2%2Fmedia&parent=99087"}],"wp:term":[{"taxonomy":"category","embeddable":true,"href":"https:\/\/diarioavanzada.com.mx\/index.php?rest_route=%2Fwp%2Fv2%2Fcategories&post=99087"},{"taxonomy":"post_tag","embeddable":true,"href":"https:\/\/diarioavanzada.com.mx\/index.php?rest_route=%2Fwp%2Fv2%2Ftags&post=99087"}],"curies":[{"name":"wp","href":"https:\/\/api.w.org\/{rel}","templated":true}]}}