{"id":99042,"date":"2025-09-02T21:31:11","date_gmt":"2025-09-03T03:31:11","guid":{"rendered":"https:\/\/diarioavanzada.com.mx\/?p=99042"},"modified":"2025-09-02T21:34:17","modified_gmt":"2025-09-03T03:34:17","slug":"cancelan-palenque-de-culiacan-2025-por-inseguridad","status":"publish","type":"post","link":"https:\/\/diarioavanzada.com.mx\/?p=99042","title":{"rendered":"Cancelan Palenque de Culiac\u00e1n 2025 por inseguridad"},"content":{"rendered":"\n<p class=\"p3 wp-block-paragraph\">Colima, M\u00e9xico, Avanzada (2\/9\/2025).- La organizaci\u00f3n del Palenque de Culiac\u00e1n anunci\u00f3 la cancelaci\u00f3n definitiva de las festividades programadas para este 2025, al se\u00f1alar que la decisi\u00f3n obedece a la situaci\u00f3n de inseguridad que enfrenta la ciudad y el estado de Sinaloa.<\/p>\n\n\n\n<p class=\"p3 wp-block-paragraph\">En un comunicado difundido este martes, informaron que la determinaci\u00f3n fue tomada en coordinaci\u00f3n con la Feria Ganadera, representantes art\u00edsticos, m\u00e1nagers y dependencias gubernamentales. Subrayaron que el principal compromiso es proteger la integridad de los asistentes y de quienes hacen posible la realizaci\u00f3n de este evento tradicional.<\/p>\n\n\n\n<p class=\"p3 wp-block-paragraph\">La organizaci\u00f3n tambi\u00e9n inform\u00f3 que se implementar\u00e1 un proceso de devoluci\u00f3n para las personas que adquirieron boletos correspondientes a 2024, el cual ser\u00e1 llevado a cabo de manera sencilla y eficiente para minimizar inconvenientes. Los detalles sobre plazos y procedimientos ser\u00e1n publicados en redes sociales oficiales en los pr\u00f3ximos d\u00edas.<\/p>\n\n\n\n<p class=\"p3 wp-block-paragraph\">Finalmente, expresaron su deseo de que pronto cambien las condiciones de seguridad para retomar las celebraciones y conciertos, siempre priorizando la protecci\u00f3n de los asistentes.<\/p>\n\n\n\n<p class=\"p3 wp-block-paragraph\"><\/p>\n<div class=\"fb-background-color\">\n\t\t\t  <div \n\t\t\t  \tclass = \"fb-comments\" \n\t\t\t  \tdata-href = \"https:\/\/diarioavanzada.com.mx\/?p=99042\"\n\t\t\t  \tdata-numposts = \"10\"\n\t\t\t  \tdata-lazy = \"true\"\n\t\t\t\tdata-colorscheme = \"light\"\n\t\t\t\tdata-order-by = \"social\"\n\t\t\t\tdata-mobile=true>\n\t\t\t  <\/div><\/div>\n\t\t  <style>\n\t\t    .fb-background-color {\n\t\t\t\tbackground:  !important;\n\t\t\t}\n\t\t\t.fb_iframe_widget_fluid_desktop iframe {\n\t\t\t    width: 100% !important;\n\t\t\t}\n\t\t  <\/style>\n\t\t  ","protected":false},"excerpt":{"rendered":"<p>Colima, M\u00e9xico, Avanzada (2\/9\/2025).- La organizaci\u00f3n del Palenque de Culiac\u00e1n anunci\u00f3 la cancelaci\u00f3n definitiva de las festividades programadas para este 2025, al se\u00f1alar que la decisi\u00f3n obedece a la situaci\u00f3n de inseguridad que enfrenta la ciudad y el estado de Sinaloa. En un comunicado difundido este martes, informaron que la determinaci\u00f3n fue tomada en coordinaci\u00f3n [&hellip;]<\/p>\n","protected":false},"author":7,"featured_media":99043,"comment_status":"closed","ping_status":"closed","sticky":false,"template":"","format":"standard","meta":{"_coblocks_attr":"","_coblocks_dimensions":"","_coblocks_responsive_height":"","_coblocks_accordion_ie_support":"","_crdt_document":"","advanced_seo_description":"","jetpack_seo_html_title":"","jetpack_seo_noindex":false,"_jetpack_memberships_contains_paid_content":false,"footnotes":""},"categories":[209,22,7,231,29],"tags":[210],"class_list":["post-99042","post","type-post","status-publish","format-standard","has-post-thumbnail","hentry","category-importantes","category-nacion","category-noticias","category-seguridad","category-sociedad","tag-portada"],"jetpack_featured_media_url":"https:\/\/diarioavanzada.com.mx\/wp-content\/uploads\/2025\/09\/img_9903.jpg","jetpack-related-posts":[],"jetpack_sharing_enabled":true,"amp_enabled":true,"_links":{"self":[{"href":"https:\/\/diarioavanzada.com.mx\/index.php?rest_route=\/wp\/v2\/posts\/99042","targetHints":{"allow":["GET"]}}],"collection":[{"href":"https:\/\/diarioavanzada.com.mx\/index.php?rest_route=\/wp\/v2\/posts"}],"about":[{"href":"https:\/\/diarioavanzada.com.mx\/index.php?rest_route=\/wp\/v2\/types\/post"}],"author":[{"embeddable":true,"href":"https:\/\/diarioavanzada.com.mx\/index.php?rest_route=\/wp\/v2\/users\/7"}],"replies":[{"embeddable":true,"href":"https:\/\/diarioavanzada.com.mx\/index.php?rest_route=%2Fwp%2Fv2%2Fcomments&post=99042"}],"version-history":[{"count":2,"href":"https:\/\/diarioavanzada.com.mx\/index.php?rest_route=\/wp\/v2\/posts\/99042\/revisions"}],"predecessor-version":[{"id":99045,"href":"https:\/\/diarioavanzada.com.mx\/index.php?rest_route=\/wp\/v2\/posts\/99042\/revisions\/99045"}],"wp:featuredmedia":[{"embeddable":true,"href":"https:\/\/diarioavanzada.com.mx\/index.php?rest_route=\/wp\/v2\/media\/99043"}],"wp:attachment":[{"href":"https:\/\/diarioavanzada.com.mx\/index.php?rest_route=%2Fwp%2Fv2%2Fmedia&parent=99042"}],"wp:term":[{"taxonomy":"category","embeddable":true,"href":"https:\/\/diarioavanzada.com.mx\/index.php?rest_route=%2Fwp%2Fv2%2Fcategories&post=99042"},{"taxonomy":"post_tag","embeddable":true,"href":"https:\/\/diarioavanzada.com.mx\/index.php?rest_route=%2Fwp%2Fv2%2Ftags&post=99042"}],"curies":[{"name":"wp","href":"https:\/\/api.w.org\/{rel}","templated":true}]}}