{"id":98499,"date":"2025-08-29T10:17:19","date_gmt":"2025-08-29T16:17:19","guid":{"rendered":"https:\/\/diarioavanzada.com.mx\/?p=98499"},"modified":"2025-08-29T10:17:19","modified_gmt":"2025-08-29T16:17:19","slug":"riult-rivera-participa-en-mesa-de-seguridad-encabezada-por-claudia-sheinbaum","status":"publish","type":"post","link":"https:\/\/diarioavanzada.com.mx\/?p=98499","title":{"rendered":"Riult Rivera participa en Mesa de Seguridad encabezada por Claudia Sheinbaum"},"content":{"rendered":"\n<p class=\"wp-block-paragraph\"><em>En el encuentro, llevado a cabo este viernes, se revisaron l\u00edneas de acci\u00f3n y coordinaci\u00f3n entre los tres \u00f3rdenes de gobierno para reforzar la seguridad ciudadana en la zona conurbada y garantizar mayor protecci\u00f3n a las familias colimenses. El Presidente Riult Rivera agradeci\u00f3 el respaldo y la colaboraci\u00f3n de las instituciones de seguridad federales y reconoci\u00f3 la disposici\u00f3n del Gobierno de la Rep\u00fablica para trabajar de la mano con el municipio.<\/em><\/p>\n\n\n\n<p class=\"wp-block-paragraph\">Colima, Colima, Comunicado (29\/08\/2025).- El Presidente Municipal de Colima, Riult Rivera, particip\u00f3 hoy en la Mesa de Seguridad Nacional encabezada por la Presidenta de la Rep\u00fablica, Dra. Claudia Sheinbaum Pardo, donde se abordaron las estrategias de seguridad que se implementar\u00e1n en los municipios de Colima y Manzanillo.<\/p>\n\n\n\n<p class=\"wp-block-paragraph\">Durante la Mesa de Seguridad Nacional, autoridades federales, estatales y municipales intercambiaron diagn\u00f3sticos y acordaron medidas operativas y preventivas espec\u00edficas para atender los retos de seguridad en Colima y Manzanillo. Se enfatiz\u00f3 la importancia de la inteligencia, la presencia coordinada en territorio y el despliegue de recursos y programas orientados a la prevenci\u00f3n del delito y la protecci\u00f3n de la comunidad.<\/p>\n\n\n\n<p class=\"wp-block-paragraph\">En este encuentro, adem\u00e1s de la Presidenta de M\u00e9xico, participaron:<br \/>\u2022 Luis Rodr\u00edguez Bucio, Subsecretario de Seguridad P\u00fablica.<br \/>\u2022 Omar Garc\u00eda Harfuch, titular de la Secretar\u00eda de Seguridad y Protecci\u00f3n Ciudadana (SSPC).<br \/>\u2022 General de Divisi\u00f3n Ricardo Trevilla Trejo, titular de la Secretar\u00eda de la Defensa Nacional (SEDENA).<br \/>\u2022 Almirante Jos\u00e9 Rafael Ojeda Dur\u00e1n, titular de la Secretar\u00eda de Marina (SEMAR).<br \/>\u2022 Alejandro Gertz Manero, Fiscal General de la Rep\u00fablica.<br \/>\u2022 Francisco Almaz\u00e1n Barocio, titular del Centro Nacional de Inteligencia (CNI).<br \/>\u2022 Mtra. Marcela Figueroa Franco, titular del Secretariado Ejecutivo del Sistema Nacional de Seguridad P\u00fablica.<\/p>\n\n\n\n<p class=\"wp-block-paragraph\">El Presidente Municipal, Riult Rivera, agradeci\u00f3 el respaldo y la colaboraci\u00f3n de las instituciones de seguridad federales y reconoci\u00f3 la disposici\u00f3n del Gobierno de la Rep\u00fablica para trabajar de manera conjunta con los municipios.<\/p>\n\n\n\n<p class=\"wp-block-paragraph\">\u201cEste respaldo nos permite fortalecer las acciones en las calles y los programas de prevenci\u00f3n que benefician directamente a nuestras familias. La seguridad de Colima es una prioridad y estamos convencidos de que, trabajando en coordinaci\u00f3n, lograremos avanzar hacia Otro Colima m\u00e1s seguro y en armon\u00eda\u201d, expres\u00f3.<\/p>\n<div class=\"fb-background-color\">\n\t\t\t  <div \n\t\t\t  \tclass = \"fb-comments\" \n\t\t\t  \tdata-href = \"https:\/\/diarioavanzada.com.mx\/?p=98499\"\n\t\t\t  \tdata-numposts = \"10\"\n\t\t\t  \tdata-lazy = \"true\"\n\t\t\t\tdata-colorscheme = \"light\"\n\t\t\t\tdata-order-by = \"social\"\n\t\t\t\tdata-mobile=true>\n\t\t\t  <\/div><\/div>\n\t\t  <style>\n\t\t    .fb-background-color {\n\t\t\t\tbackground:  !important;\n\t\t\t}\n\t\t\t.fb_iframe_widget_fluid_desktop iframe {\n\t\t\t    width: 100% !important;\n\t\t\t}\n\t\t  <\/style>\n\t\t  ","protected":false},"excerpt":{"rendered":"<p>En el encuentro, llevado a cabo este viernes, se revisaron l\u00edneas de acci\u00f3n y coordinaci\u00f3n entre los tres \u00f3rdenes de gobierno para reforzar la seguridad ciudadana en la zona conurbada y garantizar mayor protecci\u00f3n a las familias colimenses. El Presidente Riult Rivera agradeci\u00f3 el respaldo y la colaboraci\u00f3n de las instituciones de seguridad federales y [&hellip;]<\/p>\n","protected":false},"author":7,"featured_media":98498,"comment_status":"closed","ping_status":"closed","sticky":false,"template":"","format":"standard","meta":{"_coblocks_attr":"","_coblocks_dimensions":"","_coblocks_responsive_height":"","_coblocks_accordion_ie_support":"","_crdt_document":"","advanced_seo_description":"","jetpack_seo_html_title":"","jetpack_seo_noindex":false,"_jetpack_memberships_contains_paid_content":false,"footnotes":""},"categories":[19,209,7,231],"tags":[210],"class_list":["post-98499","post","type-post","status-publish","format-standard","has-post-thumbnail","hentry","category-colima","category-importantes","category-noticias","category-seguridad","tag-portada"],"jetpack_featured_media_url":"https:\/\/diarioavanzada.com.mx\/wp-content\/uploads\/2025\/08\/bec4e43f-a19a-4d07-a093-08922f262656-1.jpg","jetpack-related-posts":[],"jetpack_sharing_enabled":true,"amp_enabled":true,"_links":{"self":[{"href":"https:\/\/diarioavanzada.com.mx\/index.php?rest_route=\/wp\/v2\/posts\/98499","targetHints":{"allow":["GET"]}}],"collection":[{"href":"https:\/\/diarioavanzada.com.mx\/index.php?rest_route=\/wp\/v2\/posts"}],"about":[{"href":"https:\/\/diarioavanzada.com.mx\/index.php?rest_route=\/wp\/v2\/types\/post"}],"author":[{"embeddable":true,"href":"https:\/\/diarioavanzada.com.mx\/index.php?rest_route=\/wp\/v2\/users\/7"}],"replies":[{"embeddable":true,"href":"https:\/\/diarioavanzada.com.mx\/index.php?rest_route=%2Fwp%2Fv2%2Fcomments&post=98499"}],"version-history":[{"count":0,"href":"https:\/\/diarioavanzada.com.mx\/index.php?rest_route=\/wp\/v2\/posts\/98499\/revisions"}],"wp:featuredmedia":[{"embeddable":true,"href":"https:\/\/diarioavanzada.com.mx\/index.php?rest_route=\/wp\/v2\/media\/98498"}],"wp:attachment":[{"href":"https:\/\/diarioavanzada.com.mx\/index.php?rest_route=%2Fwp%2Fv2%2Fmedia&parent=98499"}],"wp:term":[{"taxonomy":"category","embeddable":true,"href":"https:\/\/diarioavanzada.com.mx\/index.php?rest_route=%2Fwp%2Fv2%2Fcategories&post=98499"},{"taxonomy":"post_tag","embeddable":true,"href":"https:\/\/diarioavanzada.com.mx\/index.php?rest_route=%2Fwp%2Fv2%2Ftags&post=98499"}],"curies":[{"name":"wp","href":"https:\/\/api.w.org\/{rel}","templated":true}]}}