{"id":9841,"date":"2020-01-21T09:08:22","date_gmt":"2020-01-21T14:08:22","guid":{"rendered":"https:\/\/diarioavanzada.com.mx\/?p=9841"},"modified":"2020-01-21T09:08:23","modified_gmt":"2020-01-21T14:08:23","slug":"medicos-del-hru-llevan-cuatro-dias-en-paro-por-impago","status":"publish","type":"post","link":"https:\/\/diarioavanzada.com.mx\/?p=9841","title":{"rendered":"M\u00e9dicos del HRU llevan cuatro d\u00edas en paro por impago"},"content":{"rendered":"\n<p class=\"wp-block-paragraph\">Colima, M\u00e9xico, Avanzada (21\/01\/2020).- Los m\u00e9dicos residentes del Hospital Regional Universitario llevan cuatro d\u00edas en paro por falta del pago de su quincena, el aguinaldo y el incumplimiento en la entrega de uniformes, batas, y zapatos para realizar su actividad.<\/p>\n\n\n\n<p class=\"wp-block-paragraph\">Desde el pasado viernes, los m\u00e9dicos que est\u00e1n cursando una especialidad decidieron instalar la Asamblea Acad\u00e9mica, donde acordaron s\u00f3lo atender las urgencias m\u00e9dicas que pongan en peligro a los pacientes.<\/p>\n\n\n\n<p class=\"wp-block-paragraph\">Tras cuatro d\u00edas de paro, este martes a las 11:30 de la ma\u00f1ana se llevar\u00e1 a cabo una reuni\u00f3n en la que participar\u00e1 la Secretar\u00eda de Salud, Leticia, Delgado Carrillo, y el jefe de Ense\u00f1anza, adem\u00e1s de los residentes inconformes.<\/p>\n\n\n\n<p class=\"wp-block-paragraph\">De acuerdo a los m\u00e9dicos \u2013que decidieron omitir su nombre por posibles represalias- expusieron que en este encuentro se espera que la titular de Salud les informe cu\u00e1ndo se les estar\u00e1 depositando los adeudos que tienen con ellos.<\/p>\n\n\n\n<p class=\"wp-block-paragraph\">Adem\u00e1s, solicitar\u00e1n a la autoridad que se comprometa a que este tipo de situaciones no volver\u00e1n a suceder, \u201cporque el 90 por ciento de los m\u00e9dicos residentes somos de otros estados del pa\u00eds y en Colima estamos pagando renta, y tenemos compromisos con nuestras familias\u201d, expresaron.<\/p>\n\n\n\n<p class=\"wp-block-paragraph\">Los m\u00e9dicos puntualizaron que adem\u00e1s de los adeudos, en el Hospital Regional Universitario no cuentan con los materiales quir\u00fargicos necesarios para poder realizar su actividad; tampoco existe un buen abasto de medicinas, ni material de curaci\u00f3n.<\/p>\n\n\n\n<p class=\"wp-block-paragraph\">Por \u00faltimo, manifestaron que a partir de la reuni\u00f3n de este d\u00eda, decidir\u00e1n si contin\u00faan en paro o regresar\u00e1n a sus actividades m\u00e9dicas en las diferentes especialidades del Hospital Regional Universitario.&nbsp;<\/p>\n<div class=\"fb-background-color\">\n\t\t\t  <div \n\t\t\t  \tclass = \"fb-comments\" \n\t\t\t  \tdata-href = \"https:\/\/diarioavanzada.com.mx\/?p=9841\"\n\t\t\t  \tdata-numposts = \"10\"\n\t\t\t  \tdata-lazy = \"true\"\n\t\t\t\tdata-colorscheme = \"light\"\n\t\t\t\tdata-order-by = \"social\"\n\t\t\t\tdata-mobile=true>\n\t\t\t  <\/div><\/div>\n\t\t  <style>\n\t\t    .fb-background-color {\n\t\t\t\tbackground:  !important;\n\t\t\t}\n\t\t\t.fb_iframe_widget_fluid_desktop iframe {\n\t\t\t    width: 100% !important;\n\t\t\t}\n\t\t  <\/style>\n\t\t  ","protected":false},"excerpt":{"rendered":"<p>Colima, M\u00e9xico, Avanzada (21\/01\/2020).- Los m\u00e9dicos residentes del Hospital Regional Universitario llevan cuatro d\u00edas en paro por falta del pago de su quincena, el aguinaldo y el incumplimiento en la entrega de uniformes, batas, y zapatos para realizar su actividad. Desde el pasado viernes, los m\u00e9dicos que est\u00e1n cursando una especialidad decidieron instalar la Asamblea [&hellip;]<\/p>\n","protected":false},"author":5,"featured_media":346,"comment_status":"closed","ping_status":"closed","sticky":false,"template":"","format":"standard","meta":{"_coblocks_attr":"","_coblocks_dimensions":"","_coblocks_responsive_height":"","_coblocks_accordion_ie_support":"","_crdt_document":"","advanced_seo_description":"","jetpack_seo_html_title":"","jetpack_seo_noindex":false,"_jetpack_memberships_contains_paid_content":false,"footnotes":""},"categories":[19],"tags":[210,218],"class_list":["post-9841","post","type-post","status-publish","format-standard","has-post-thumbnail","hentry","category-colima","tag-portada","tag-salud"],"jetpack_featured_media_url":"https:\/\/diarioavanzada.com.mx\/wp-content\/uploads\/2018\/04\/A-A-HRU.jpg","jetpack-related-posts":[],"jetpack_sharing_enabled":true,"amp_enabled":true,"_links":{"self":[{"href":"https:\/\/diarioavanzada.com.mx\/index.php?rest_route=\/wp\/v2\/posts\/9841","targetHints":{"allow":["GET"]}}],"collection":[{"href":"https:\/\/diarioavanzada.com.mx\/index.php?rest_route=\/wp\/v2\/posts"}],"about":[{"href":"https:\/\/diarioavanzada.com.mx\/index.php?rest_route=\/wp\/v2\/types\/post"}],"author":[{"embeddable":true,"href":"https:\/\/diarioavanzada.com.mx\/index.php?rest_route=\/wp\/v2\/users\/5"}],"replies":[{"embeddable":true,"href":"https:\/\/diarioavanzada.com.mx\/index.php?rest_route=%2Fwp%2Fv2%2Fcomments&post=9841"}],"version-history":[{"count":0,"href":"https:\/\/diarioavanzada.com.mx\/index.php?rest_route=\/wp\/v2\/posts\/9841\/revisions"}],"wp:featuredmedia":[{"embeddable":true,"href":"https:\/\/diarioavanzada.com.mx\/index.php?rest_route=\/wp\/v2\/media\/346"}],"wp:attachment":[{"href":"https:\/\/diarioavanzada.com.mx\/index.php?rest_route=%2Fwp%2Fv2%2Fmedia&parent=9841"}],"wp:term":[{"taxonomy":"category","embeddable":true,"href":"https:\/\/diarioavanzada.com.mx\/index.php?rest_route=%2Fwp%2Fv2%2Fcategories&post=9841"},{"taxonomy":"post_tag","embeddable":true,"href":"https:\/\/diarioavanzada.com.mx\/index.php?rest_route=%2Fwp%2Fv2%2Ftags&post=9841"}],"curies":[{"name":"wp","href":"https:\/\/api.w.org\/{rel}","templated":true}]}}