{"id":9776,"date":"2020-01-16T09:48:49","date_gmt":"2020-01-16T14:48:49","guid":{"rendered":"https:\/\/diarioavanzada.com.mx\/?p=9776"},"modified":"2020-01-16T09:48:50","modified_gmt":"2020-01-16T14:48:50","slug":"cambian-a-un-ingeniero-por-un-medico-en-la-delegacion-del-imss-en-colima","status":"publish","type":"post","link":"https:\/\/diarioavanzada.com.mx\/?p=9776","title":{"rendered":"Cambian a un ingeniero por un m\u00e9dico en la Delegaci\u00f3n del IMSS en Colima"},"content":{"rendered":"\n<p class=\"wp-block-paragraph\">Colima, M\u00e9xico, Avanzada (16\/01\/2020).- Tras un proceso de selecci\u00f3n a nivel nacional,&nbsp;el m\u00e9dico, Edgar Jav\u00e1n Vargas Salazar fue designado como nuevo delegado del IMSS Colima en sustituci\u00f3n del ingeniero y ex funcionario del gobierno estatal, y regidor de Morena, Rafael Brice\u00f1o Alcaraz.<\/p>\n\n\n\n<p class=\"wp-block-paragraph\">La tarde de ayer, el Consejo T\u00e9cnico del IMSS a nivel nacional, nombr\u00f3 a los 32 delegados en los diferentes estados del pa\u00eds, a trav\u00e9s de un proceso de selecci\u00f3n en el que participaron los trabajadores del sector salud o personas relacionadas con el \u00e1rea.<\/p>\n\n\n\n<p class=\"wp-block-paragraph\">La acci\u00f3n forma parte de un proyecto impulsando para erradicar la designaci\u00f3n de delegados a trav\u00e9s de amiguismos o compadrazgos por encima del personal m\u00e9dico o de enfermer\u00eda.<\/p>\n\n\n\n<p class=\"wp-block-paragraph\">Edgar Jav\u00e1n Vargas Salazar tiene un doctorado en Direcci\u00f3n e Innovaci\u00f3n de Instituciones de Salud.<\/p>\n\n\n\n<p class=\"wp-block-paragraph\">Cabe recordar que en enero de 2019, el regidor de Morena, y ex funcionario del gobierno durante el sexenio de Mario Anguiano Moreno e Ignacio Peralta S\u00e1nchez&nbsp; fue designado como delegado del IMSS a pesar de no tener perfil m\u00e9dico.<\/p>\n\n\n\n<p class=\"wp-block-paragraph\">Ayer, cuando se conoci\u00f3 la designaci\u00f3n del nuevo delegado del IMSS, el l\u00edder del sindicato del Seguro Social en Colima, Rafael Ruvalcaba Aceves celebr\u00f3 el nombramiento y acept\u00f3 que Rafael Brice\u00f1o Alcaraz hubo un \u201cdesgaste\u201d en la comunicaci\u00f3n, lo que impidi\u00f3 que se avanzara&nbsp;en temas centrales para la instituci\u00f3n.&nbsp;<\/p>\n<div class=\"fb-background-color\">\n\t\t\t  <div \n\t\t\t  \tclass = \"fb-comments\" \n\t\t\t  \tdata-href = \"https:\/\/diarioavanzada.com.mx\/?p=9776\"\n\t\t\t  \tdata-numposts = \"10\"\n\t\t\t  \tdata-lazy = \"true\"\n\t\t\t\tdata-colorscheme = \"light\"\n\t\t\t\tdata-order-by = \"social\"\n\t\t\t\tdata-mobile=true>\n\t\t\t  <\/div><\/div>\n\t\t  <style>\n\t\t    .fb-background-color {\n\t\t\t\tbackground:  !important;\n\t\t\t}\n\t\t\t.fb_iframe_widget_fluid_desktop iframe {\n\t\t\t    width: 100% !important;\n\t\t\t}\n\t\t  <\/style>\n\t\t  ","protected":false},"excerpt":{"rendered":"<p>Colima, M\u00e9xico, Avanzada (16\/01\/2020).- Tras un proceso de selecci\u00f3n a nivel nacional,&nbsp;el m\u00e9dico, Edgar Jav\u00e1n Vargas Salazar fue designado como nuevo delegado del IMSS Colima en sustituci\u00f3n del ingeniero y ex funcionario del gobierno estatal, y regidor de Morena, Rafael Brice\u00f1o Alcaraz. La tarde de ayer, el Consejo T\u00e9cnico del IMSS a nivel nacional, nombr\u00f3 [&hellip;]<\/p>\n","protected":false},"author":5,"featured_media":3172,"comment_status":"closed","ping_status":"closed","sticky":false,"template":"","format":"standard","meta":{"_coblocks_attr":"","_coblocks_dimensions":"","_coblocks_responsive_height":"","_coblocks_accordion_ie_support":"","_crdt_document":"","advanced_seo_description":"","jetpack_seo_html_title":"","jetpack_seo_noindex":false,"_jetpack_memberships_contains_paid_content":false,"footnotes":""},"categories":[19],"tags":[210],"class_list":["post-9776","post","type-post","status-publish","format-standard","has-post-thumbnail","hentry","category-colima","tag-portada"],"jetpack_featured_media_url":"https:\/\/diarioavanzada.com.mx\/wp-content\/uploads\/2019\/01\/Rafael-Bricen\u0303o-Alcaraz.png","jetpack-related-posts":[],"jetpack_sharing_enabled":true,"amp_enabled":true,"_links":{"self":[{"href":"https:\/\/diarioavanzada.com.mx\/index.php?rest_route=\/wp\/v2\/posts\/9776","targetHints":{"allow":["GET"]}}],"collection":[{"href":"https:\/\/diarioavanzada.com.mx\/index.php?rest_route=\/wp\/v2\/posts"}],"about":[{"href":"https:\/\/diarioavanzada.com.mx\/index.php?rest_route=\/wp\/v2\/types\/post"}],"author":[{"embeddable":true,"href":"https:\/\/diarioavanzada.com.mx\/index.php?rest_route=\/wp\/v2\/users\/5"}],"replies":[{"embeddable":true,"href":"https:\/\/diarioavanzada.com.mx\/index.php?rest_route=%2Fwp%2Fv2%2Fcomments&post=9776"}],"version-history":[{"count":0,"href":"https:\/\/diarioavanzada.com.mx\/index.php?rest_route=\/wp\/v2\/posts\/9776\/revisions"}],"wp:featuredmedia":[{"embeddable":true,"href":"https:\/\/diarioavanzada.com.mx\/index.php?rest_route=\/wp\/v2\/media\/3172"}],"wp:attachment":[{"href":"https:\/\/diarioavanzada.com.mx\/index.php?rest_route=%2Fwp%2Fv2%2Fmedia&parent=9776"}],"wp:term":[{"taxonomy":"category","embeddable":true,"href":"https:\/\/diarioavanzada.com.mx\/index.php?rest_route=%2Fwp%2Fv2%2Fcategories&post=9776"},{"taxonomy":"post_tag","embeddable":true,"href":"https:\/\/diarioavanzada.com.mx\/index.php?rest_route=%2Fwp%2Fv2%2Ftags&post=9776"}],"curies":[{"name":"wp","href":"https:\/\/api.w.org\/{rel}","templated":true}]}}