{"id":97707,"date":"2025-08-22T16:03:33","date_gmt":"2025-08-22T22:03:33","guid":{"rendered":"https:\/\/diarioavanzada.com.mx\/?p=97707"},"modified":"2025-08-22T16:03:33","modified_gmt":"2025-08-22T22:03:33","slug":"rescatan-a-nina-de-4-anos-su-madre-la-dejo-sola-varios-dias-por-irse-con-su-novio","status":"publish","type":"post","link":"https:\/\/diarioavanzada.com.mx\/?p=97707","title":{"rendered":"Rescatan a ni\u00f1a de 4 a\u00f1os; su madre la dej\u00f3 sola varios d\u00edas por irse con su novio"},"content":{"rendered":"\n<p class=\"p1 wp-block-paragraph\"><em>El llanto de una peque\u00f1a encerrada en un ba\u00f1o de la colonia Aquiles Serd\u00e1n alert\u00f3 a vecinos, quienes llamaron a la polic\u00eda. La menor fue resguardada y trasladada con su bisabuelo mientras la Fiscal\u00eda busca a la madre.<\/em><\/p>\n\n\n\n<p class=\"p1 wp-block-paragraph\">Ciudad de M\u00e9xico, Avanzada (22\/08\/2025).- Una ni\u00f1a de apenas cuatro a\u00f1os fue encontrada sola y en estado de abandono dentro de un departamento en la alcald\u00eda Venustiano Carranza, en la Ciudad de M\u00e9xico. La menor permanec\u00eda encerrada en el ba\u00f1o del inmueble, presuntamente porque su madre decidi\u00f3 ausentarse durante varios d\u00edas para irse con su pareja sentimental.<\/p>\n\n\n\n<p class=\"p1 wp-block-paragraph\">El hallazgo ocurri\u00f3 en la colonia Aquiles Serd\u00e1n, en la esquina de las calles Bol\u00edvares y Jerusal\u00e9n. Fue un hombre de 58 a\u00f1os, arrendador del departamento, quien alert\u00f3 a la polic\u00eda luego de escuchar el llanto de la peque\u00f1a durante varias horas sin que nadie respondiera por ella.<\/p>\n\n\n\n<p class=\"p1 wp-block-paragraph\">Elementos de la Polic\u00eda Auxiliar de la Secretar\u00eda de Seguridad Ciudadana acudieron al lugar y, con el apoyo del due\u00f1o del inmueble que proporcion\u00f3 una copia de las llaves, ingresaron al departamento. En el ba\u00f1o encontraron a la menor, visiblemente asustada. Tras ganar su confianza, la ni\u00f1a relat\u00f3 que su madre la hab\u00eda dejado encerrada sin explicarle a d\u00f3nde iba.<\/p>\n\n\n\n<p class=\"p1 wp-block-paragraph\">Al sitio tambi\u00e9n lleg\u00f3 un hombre de 76 a\u00f1os que se identific\u00f3 como bisabuelo de la ni\u00f1a. Inform\u00f3 a los agentes que su nieta, madre de la menor, rentaba el departamento con su pareja, pero desde hac\u00eda aproximadamente cuatro d\u00edas no ten\u00eda noticias de ella.<\/p>\n\n\n\n<p class=\"p1 wp-block-paragraph\">Param\u00e9dicos de Protecci\u00f3n Civil valoraron a la peque\u00f1a y confirmaron que se encontraba en buen estado de salud, sin lesiones visibles. Los polic\u00edas le brindaron agua y alimentos mientras se aseguraba su resguardo.<\/p>\n\n\n\n<p class=\"p1 wp-block-paragraph\">Finalmente, la ni\u00f1a y su bisabuelo fueron trasladados a la Fiscal\u00eda de Investigaci\u00f3n de Delitos Cometidos en Agravio de Ni\u00f1as, Ni\u00f1os y Adolescentes (FIDCANNA), instancia que inici\u00f3 una investigaci\u00f3n para localizar a la madre y determinar la custodia de la menor.<\/p>\n\n\n\n<p class=\"p1 wp-block-paragraph\">Las autoridades se\u00f1alaron que el abandono infantil es considerado una forma de maltrato y puede derivar en sanciones legales. Hasta el momento, se desconoce el paradero de la madre.<\/p>\n\n\n\n<p class=\"wp-block-paragraph\"><\/p>\n<div class=\"fb-background-color\">\n\t\t\t  <div \n\t\t\t  \tclass = \"fb-comments\" \n\t\t\t  \tdata-href = \"https:\/\/diarioavanzada.com.mx\/?p=97707\"\n\t\t\t  \tdata-numposts = \"10\"\n\t\t\t  \tdata-lazy = \"true\"\n\t\t\t\tdata-colorscheme = \"light\"\n\t\t\t\tdata-order-by = \"social\"\n\t\t\t\tdata-mobile=true>\n\t\t\t  <\/div><\/div>\n\t\t  <style>\n\t\t    .fb-background-color {\n\t\t\t\tbackground:  !important;\n\t\t\t}\n\t\t\t.fb_iframe_widget_fluid_desktop iframe {\n\t\t\t    width: 100% !important;\n\t\t\t}\n\t\t  <\/style>\n\t\t  ","protected":false},"excerpt":{"rendered":"<p>El llanto de una peque\u00f1a encerrada en un ba\u00f1o de la colonia Aquiles Serd\u00e1n alert\u00f3 a vecinos, quienes llamaron a la polic\u00eda. La menor fue resguardada y trasladada con su bisabuelo mientras la Fiscal\u00eda busca a la madre. Ciudad de M\u00e9xico, Avanzada (22\/08\/2025).- Una ni\u00f1a de apenas cuatro a\u00f1os fue encontrada sola y en estado [&hellip;]<\/p>\n","protected":false},"author":7,"featured_media":97706,"comment_status":"closed","ping_status":"closed","sticky":false,"template":"","format":"standard","meta":{"_coblocks_attr":"","_coblocks_dimensions":"","_coblocks_responsive_height":"","_coblocks_accordion_ie_support":"","_crdt_document":"","advanced_seo_description":"","jetpack_seo_html_title":"","jetpack_seo_noindex":false,"_jetpack_memberships_contains_paid_content":false,"footnotes":""},"categories":[22,7,231],"tags":[],"class_list":["post-97707","post","type-post","status-publish","format-standard","has-post-thumbnail","hentry","category-nacion","category-noticias","category-seguridad"],"jetpack_featured_media_url":"https:\/\/diarioavanzada.com.mx\/wp-content\/uploads\/2025\/08\/img_5624.png","jetpack-related-posts":[],"jetpack_sharing_enabled":true,"amp_enabled":true,"_links":{"self":[{"href":"https:\/\/diarioavanzada.com.mx\/index.php?rest_route=\/wp\/v2\/posts\/97707","targetHints":{"allow":["GET"]}}],"collection":[{"href":"https:\/\/diarioavanzada.com.mx\/index.php?rest_route=\/wp\/v2\/posts"}],"about":[{"href":"https:\/\/diarioavanzada.com.mx\/index.php?rest_route=\/wp\/v2\/types\/post"}],"author":[{"embeddable":true,"href":"https:\/\/diarioavanzada.com.mx\/index.php?rest_route=\/wp\/v2\/users\/7"}],"replies":[{"embeddable":true,"href":"https:\/\/diarioavanzada.com.mx\/index.php?rest_route=%2Fwp%2Fv2%2Fcomments&post=97707"}],"version-history":[{"count":1,"href":"https:\/\/diarioavanzada.com.mx\/index.php?rest_route=\/wp\/v2\/posts\/97707\/revisions"}],"predecessor-version":[{"id":97713,"href":"https:\/\/diarioavanzada.com.mx\/index.php?rest_route=\/wp\/v2\/posts\/97707\/revisions\/97713"}],"wp:featuredmedia":[{"embeddable":true,"href":"https:\/\/diarioavanzada.com.mx\/index.php?rest_route=\/wp\/v2\/media\/97706"}],"wp:attachment":[{"href":"https:\/\/diarioavanzada.com.mx\/index.php?rest_route=%2Fwp%2Fv2%2Fmedia&parent=97707"}],"wp:term":[{"taxonomy":"category","embeddable":true,"href":"https:\/\/diarioavanzada.com.mx\/index.php?rest_route=%2Fwp%2Fv2%2Fcategories&post=97707"},{"taxonomy":"post_tag","embeddable":true,"href":"https:\/\/diarioavanzada.com.mx\/index.php?rest_route=%2Fwp%2Fv2%2Ftags&post=97707"}],"curies":[{"name":"wp","href":"https:\/\/api.w.org\/{rel}","templated":true}]}}