{"id":97639,"date":"2025-08-21T23:36:29","date_gmt":"2025-08-22T05:36:29","guid":{"rendered":"https:\/\/diarioavanzada.com.mx\/?p=97639"},"modified":"2025-08-21T23:42:26","modified_gmt":"2025-08-22T05:42:26","slug":"gobernadora-tiene-dos-pendientes-especificos-pero-la-seguridad-no-esta-entre-ellos","status":"publish","type":"post","link":"https:\/\/diarioavanzada.com.mx\/?p=97639","title":{"rendered":"La gobernadora tiene \u201cdos pendientes espec\u00edficos\u201d, pero la seguridad no es uno de ellos"},"content":{"rendered":"\n<p class=\"p1 wp-block-paragraph\">Colima, M\u00e9xico, Avanzada (21\/8\/2025).- La gobernadora de Colima, Indira Vizca\u00edno Silva, eludi\u00f3 nuevamente referirse a la crisis de seguridad que atraviesa el estado, pese a ser la presidenta de la mesa de coordinaci\u00f3n en la materia y a que Colima se mantiene en los primeros lugares nacionales en homicidios dolosos.<\/p>\n\n\n\n<p class=\"p3 wp-block-paragraph\">Durante una entrevista transmitida la ma\u00f1ana de este jueves en la estaci\u00f3n 91.7 FM con la conductora Diana Guerrero, la mandataria abord\u00f3 temas relacionados con infraestructura, apoyos a empresarios, programas sociales y proyectos de salud. Habl\u00f3, entre otros puntos, de la construcci\u00f3n del Paso Vehicular Arco Norte, la reducci\u00f3n de la pobreza y la llamada Ruta de la Salud, impulsada por la presidenta Claudia Sheinbaum, que \u2014dijo\u2014 garantiza el abasto de medicamentos en hospitales y cl\u00ednicas de la entidad.<\/p>\n\n\n\n<p class=\"p3 wp-block-paragraph\">Cuando la conductora cuestion\u00f3 a Vizca\u00edno sobre c\u00f3mo se mantendr\u00edan e incrementar\u00edan los avances en el estado, la gobernadora sostuvo que en Colima no existe crisis financiera y enlist\u00f3 resultados en educaci\u00f3n, programas sociales y obra p\u00fablica. Posteriormente, mencion\u00f3 \u201ctengo dos pendientes espec\u00edficos, que me parece que son importantes. Pero que vamos a atender con todo el impulso\u201d: la consolidaci\u00f3n del modelo IMSS-Bienestar y la mejora en el transporte p\u00fablico.<\/p>\n\n\n\n<p class=\"p3 wp-block-paragraph\">\u201cEstamos trabajando ya en diferentes comisiones en el tema de movilidad (\u2026) es un tema que s\u00ed o s\u00ed vamos a atender en nuestra administraci\u00f3n y vamos a garantizar dejar un mucho mejor servicio del que recibimos\u201d, expres\u00f3.<\/p>\n\n\n\n<p class=\"p3 wp-block-paragraph\">El tema de seguridad no fue mencionado en ning\u00fan momento, lo que contrasta con las publicaciones que Vizca\u00edno realiza espor\u00e1dicamente en sus redes sociales, donde comparte fotograf\u00edas de la mesa de coordinaci\u00f3n y sostiene que es una de sus prioridades.<\/p>\n\n\n\n<p class=\"p3 wp-block-paragraph\">La omisi\u00f3n resulta significativa, pues desde el inicio de su administraci\u00f3n Colima se ha mantenido en el primer lugar nacional en homicidios dolosos, con episodios diarios de violencia ligados a la disputa de c\u00e1rteles, sin que hasta ahora la estrategia oficial haya logrado contener la ola delictiva.<\/p>\n\n\n\n<p class=\"p3 wp-block-paragraph\"><\/p>\n<div class=\"fb-background-color\">\n\t\t\t  <div \n\t\t\t  \tclass = \"fb-comments\" \n\t\t\t  \tdata-href = \"https:\/\/diarioavanzada.com.mx\/?p=97639\"\n\t\t\t  \tdata-numposts = \"10\"\n\t\t\t  \tdata-lazy = \"true\"\n\t\t\t\tdata-colorscheme = \"light\"\n\t\t\t\tdata-order-by = \"social\"\n\t\t\t\tdata-mobile=true>\n\t\t\t  <\/div><\/div>\n\t\t  <style>\n\t\t    .fb-background-color {\n\t\t\t\tbackground:  !important;\n\t\t\t}\n\t\t\t.fb_iframe_widget_fluid_desktop iframe {\n\t\t\t    width: 100% !important;\n\t\t\t}\n\t\t  <\/style>\n\t\t  ","protected":false},"excerpt":{"rendered":"<p>Colima, M\u00e9xico, Avanzada (21\/8\/2025).- La gobernadora de Colima, Indira Vizca\u00edno Silva, eludi\u00f3 nuevamente referirse a la crisis de seguridad que atraviesa el estado, pese a ser la presidenta de la mesa de coordinaci\u00f3n en la materia y a que Colima se mantiene en los primeros lugares nacionales en homicidios dolosos. Durante una entrevista transmitida la [&hellip;]<\/p>\n","protected":false},"author":7,"featured_media":97640,"comment_status":"closed","ping_status":"closed","sticky":false,"template":"","format":"standard","meta":{"_coblocks_attr":"","_coblocks_dimensions":"","_coblocks_responsive_height":"","_coblocks_accordion_ie_support":"","_crdt_document":"","advanced_seo_description":"","jetpack_seo_html_title":"","jetpack_seo_noindex":false,"_jetpack_memberships_contains_paid_content":false,"footnotes":""},"categories":[19,209,7,231],"tags":[210],"class_list":["post-97639","post","type-post","status-publish","format-standard","has-post-thumbnail","hentry","category-colima","category-importantes","category-noticias","category-seguridad","tag-portada"],"jetpack_featured_media_url":"https:\/\/diarioavanzada.com.mx\/wp-content\/uploads\/2025\/08\/img_4482.jpg","jetpack-related-posts":[],"jetpack_sharing_enabled":true,"amp_enabled":true,"_links":{"self":[{"href":"https:\/\/diarioavanzada.com.mx\/index.php?rest_route=\/wp\/v2\/posts\/97639","targetHints":{"allow":["GET"]}}],"collection":[{"href":"https:\/\/diarioavanzada.com.mx\/index.php?rest_route=\/wp\/v2\/posts"}],"about":[{"href":"https:\/\/diarioavanzada.com.mx\/index.php?rest_route=\/wp\/v2\/types\/post"}],"author":[{"embeddable":true,"href":"https:\/\/diarioavanzada.com.mx\/index.php?rest_route=\/wp\/v2\/users\/7"}],"replies":[{"embeddable":true,"href":"https:\/\/diarioavanzada.com.mx\/index.php?rest_route=%2Fwp%2Fv2%2Fcomments&post=97639"}],"version-history":[{"count":5,"href":"https:\/\/diarioavanzada.com.mx\/index.php?rest_route=\/wp\/v2\/posts\/97639\/revisions"}],"predecessor-version":[{"id":97645,"href":"https:\/\/diarioavanzada.com.mx\/index.php?rest_route=\/wp\/v2\/posts\/97639\/revisions\/97645"}],"wp:featuredmedia":[{"embeddable":true,"href":"https:\/\/diarioavanzada.com.mx\/index.php?rest_route=\/wp\/v2\/media\/97640"}],"wp:attachment":[{"href":"https:\/\/diarioavanzada.com.mx\/index.php?rest_route=%2Fwp%2Fv2%2Fmedia&parent=97639"}],"wp:term":[{"taxonomy":"category","embeddable":true,"href":"https:\/\/diarioavanzada.com.mx\/index.php?rest_route=%2Fwp%2Fv2%2Fcategories&post=97639"},{"taxonomy":"post_tag","embeddable":true,"href":"https:\/\/diarioavanzada.com.mx\/index.php?rest_route=%2Fwp%2Fv2%2Ftags&post=97639"}],"curies":[{"name":"wp","href":"https:\/\/api.w.org\/{rel}","templated":true}]}}