{"id":96634,"date":"2025-08-11T11:32:14","date_gmt":"2025-08-11T17:32:14","guid":{"rendered":"https:\/\/diarioavanzada.com.mx\/?p=96634"},"modified":"2025-08-11T11:38:55","modified_gmt":"2025-08-11T17:38:55","slug":"laguna-de-cuyutlan-el-riesgo-de-una-herida-irreversible","status":"publish","type":"post","link":"https:\/\/diarioavanzada.com.mx\/?p=96634","title":{"rendered":"Laguna de Cuyutl\u00e1n: el riesgo de una herida irreversible"},"content":{"rendered":"\n<p class=\"s3 wp-block-paragraph\"><strong>EDITORIAL<\/strong><\/p>\n\n\n\n<p class=\"s3 wp-block-paragraph\">La Laguna de Cuyutl\u00e1n&nbsp;significa&nbsp;mucho m\u00e1s que un cuerpo de agua en la costa de Colima.&nbsp;De acuerdo con diversos estudios acad\u00e9micos, se trata de&nbsp;un ecosistema de importancia nacional, hogar de manglares, aves migratorias, tortugas marinas, peces y crust\u00e1ceos que sostienen la pesca artesanal, as\u00ed como de salinas que forman parte del patrimonio cultural y econ\u00f3mico de la regi\u00f3n. Es un espacio vital para la biodiversidad y para las comunidades que dependen de \u00e9l.<\/p>\n\n\n\n<p class=\"s3 wp-block-paragraph\">Sin embargo, este santuario natural se encuentra nuevamente bajo amenaza. El proyecto de ampliaci\u00f3n del Puerto de Manzanillo hacia el Vaso II de la laguna,&nbsp;impulsado por el gobierno de Claudia Sheinbaum y respaldado con entusiasmo por la administraci\u00f3n de Indira Vizca\u00edno, representa un riesgo real de da\u00f1os irreversibles. Los impactos potenciales van desde la alteraci\u00f3n de la hidrodin\u00e1mica de la laguna y la p\u00e9rdida de manglares, as\u00ed como el da\u00f1o a los islotes,&nbsp;hasta la afectaci\u00f3n directa de las pesquer\u00edas y las salinas, pilares hist\u00f3ricos de la econom\u00eda local.<\/p>\n\n\n\n<p class=\"s3 wp-block-paragraph\">No ser\u00eda la primera vez que la Laguna de Cuyutl\u00e1n sufre por intereses econ\u00f3micos disfrazados de progreso. Durante los gobiernos del PRI y del PAN ya hubo intervenciones que redujeron su integridad ecol\u00f3gica, fragmentaron su superficie y afectaron la calidad del agua. Hoy, con el proyecto morenista, el riesgo es que se aseste la puntilla, lo que ser\u00eda&nbsp;un da\u00f1o de tal magnitud que convierta en imposible cualquier recuperaci\u00f3n futura.<\/p>\n\n\n\n<p class=\"s3 wp-block-paragraph\">Resulta particularmente preocupante que sean pocas las organizaciones ambientalistas que se han pronunciado con firmeza para defender la laguna. Salvo casos como el de&nbsp;Demarem&nbsp;A.C.&nbsp;o el de&nbsp;Tsikini&nbsp;A.C, la mayor\u00eda de&nbsp;activistasy colectivos locales han optado por un silencio inexplicable. Todo apunta a que la cooptaci\u00f3n pol\u00edtica y econ\u00f3mica ejercida por la llamada \u201cCuarta Transformaci\u00f3n\u201d ha conseguido frenar voces cr\u00edticas, incluso en espacios que antes se caracterizaban por su defensa abierta del medio ambiente.<\/p>\n\n\n\n<p class=\"s3 wp-block-paragraph\">A\u00fan m\u00e1s llamativo es que los actuales gobiernos de Morena rescaten un proyecto concebido en tiempos del \u201cneoliberalismo\u201d que tanto&nbsp;han&nbsp;criticado, espec\u00edficamente bajo el mandato de Felipe Calder\u00f3n. En su momento, ese plan portuario fue cuestionado por su potencial destructivo; hoy, en nombre de un supuesto desarrollo nacional, vuelve a la&nbsp;mesa, maquillado con promesas de conservaci\u00f3n que suenan huecas ante la experiencia acumulada de da\u00f1os previos.<\/p>\n\n\n\n<p class=\"s3 wp-block-paragraph\">En el discurso oficial, la ampliaci\u00f3n portuaria se presenta como una obra estrat\u00e9gica para la econom\u00eda,&nbsp;con una inversi\u00f3n de m\u00e1s de 63 mil millones de pesos,&nbsp;con el objetivo de posicionar a Manzanillo como el puerto m\u00e1s importante de Am\u00e9rica Latina. Pero en los hechos, se trata de otro caso en que el valor monetario y las metas de competitividad pesan m\u00e1s que la preservaci\u00f3n ambiental y la calidad de vida de las comunidades costeras.<\/p>\n\n\n\n<p class=\"s3 wp-block-paragraph\">La historia reciente de la Laguna de Cuyutl\u00e1n demuestra que los proyectos que priorizan el beneficio econ\u00f3mico inmediato, sin un compromiso real con la protecci\u00f3n ambiental, terminan dejando un saldo de p\u00e9rdidas irreparables. Si este proyecto sigue adelante bajo las condiciones actuales, la laguna podr\u00eda convertirse en el \u00faltimo gran sacrificio ecol\u00f3gico de Colima en nombre del \u201cprogreso\u201d.<\/p>\n<div class=\"fb-background-color\">\n\t\t\t  <div \n\t\t\t  \tclass = \"fb-comments\" \n\t\t\t  \tdata-href = \"https:\/\/diarioavanzada.com.mx\/?p=96634\"\n\t\t\t  \tdata-numposts = \"10\"\n\t\t\t  \tdata-lazy = \"true\"\n\t\t\t\tdata-colorscheme = \"light\"\n\t\t\t\tdata-order-by = \"social\"\n\t\t\t\tdata-mobile=true>\n\t\t\t  <\/div><\/div>\n\t\t  <style>\n\t\t    .fb-background-color {\n\t\t\t\tbackground:  !important;\n\t\t\t}\n\t\t\t.fb_iframe_widget_fluid_desktop iframe {\n\t\t\t    width: 100% !important;\n\t\t\t}\n\t\t  <\/style>\n\t\t  ","protected":false},"excerpt":{"rendered":"<p>EDITORIAL La Laguna de Cuyutl\u00e1n&nbsp;significa&nbsp;mucho m\u00e1s que un cuerpo de agua en la costa de Colima.&nbsp;De acuerdo con diversos estudios acad\u00e9micos, se trata de&nbsp;un ecosistema de importancia nacional, hogar de manglares, aves migratorias, tortugas marinas, peces y crust\u00e1ceos que sostienen la pesca artesanal, as\u00ed como de salinas que forman parte del patrimonio cultural y econ\u00f3mico [&hellip;]<\/p>\n","protected":false},"author":7,"featured_media":96633,"comment_status":"closed","ping_status":"closed","sticky":false,"template":"","format":"standard","meta":{"_coblocks_attr":"","_coblocks_dimensions":"","_coblocks_responsive_height":"","_coblocks_accordion_ie_support":"","_crdt_document":"","advanced_seo_description":"","jetpack_seo_html_title":"","jetpack_seo_noindex":false,"_jetpack_memberships_contains_paid_content":false,"footnotes":""},"categories":[19,209,7],"tags":[210],"class_list":["post-96634","post","type-post","status-publish","format-standard","has-post-thumbnail","hentry","category-colima","category-importantes","category-noticias","tag-portada"],"jetpack_featured_media_url":"https:\/\/diarioavanzada.com.mx\/wp-content\/uploads\/2025\/08\/img_4230.jpg","jetpack-related-posts":[],"jetpack_sharing_enabled":true,"amp_enabled":true,"_links":{"self":[{"href":"https:\/\/diarioavanzada.com.mx\/index.php?rest_route=\/wp\/v2\/posts\/96634","targetHints":{"allow":["GET"]}}],"collection":[{"href":"https:\/\/diarioavanzada.com.mx\/index.php?rest_route=\/wp\/v2\/posts"}],"about":[{"href":"https:\/\/diarioavanzada.com.mx\/index.php?rest_route=\/wp\/v2\/types\/post"}],"author":[{"embeddable":true,"href":"https:\/\/diarioavanzada.com.mx\/index.php?rest_route=\/wp\/v2\/users\/7"}],"replies":[{"embeddable":true,"href":"https:\/\/diarioavanzada.com.mx\/index.php?rest_route=%2Fwp%2Fv2%2Fcomments&post=96634"}],"version-history":[{"count":4,"href":"https:\/\/diarioavanzada.com.mx\/index.php?rest_route=\/wp\/v2\/posts\/96634\/revisions"}],"predecessor-version":[{"id":96638,"href":"https:\/\/diarioavanzada.com.mx\/index.php?rest_route=\/wp\/v2\/posts\/96634\/revisions\/96638"}],"wp:featuredmedia":[{"embeddable":true,"href":"https:\/\/diarioavanzada.com.mx\/index.php?rest_route=\/wp\/v2\/media\/96633"}],"wp:attachment":[{"href":"https:\/\/diarioavanzada.com.mx\/index.php?rest_route=%2Fwp%2Fv2%2Fmedia&parent=96634"}],"wp:term":[{"taxonomy":"category","embeddable":true,"href":"https:\/\/diarioavanzada.com.mx\/index.php?rest_route=%2Fwp%2Fv2%2Fcategories&post=96634"},{"taxonomy":"post_tag","embeddable":true,"href":"https:\/\/diarioavanzada.com.mx\/index.php?rest_route=%2Fwp%2Fv2%2Ftags&post=96634"}],"curies":[{"name":"wp","href":"https:\/\/api.w.org\/{rel}","templated":true}]}}