{"id":96283,"date":"2025-08-07T11:02:07","date_gmt":"2025-08-07T17:02:07","guid":{"rendered":"https:\/\/diarioavanzada.com.mx\/?p=96283"},"modified":"2025-08-07T11:02:07","modified_gmt":"2025-08-07T17:02:07","slug":"oficio-mortal-en-colima-veladores-los-asesinan-cuando-simplemente-hacian-su-trabajo","status":"publish","type":"post","link":"https:\/\/diarioavanzada.com.mx\/?p=96283","title":{"rendered":"Oficio mortal en Colima: veladores, los asesinan cuando simplemente hac\u00edan su trabajo"},"content":{"rendered":"\n<p class=\"p1 wp-block-paragraph\">Colima, M\u00e9xico, Avanzada (07\/08\/2025).- En Colima, dedicarse a labores de vigilancia nocturna se ha convertido en una ocupaci\u00f3n de alto riesgo. La crueldad con la que se han perpetrado m\u00faltiples homicidios contra veladores en distintos municipios del estado revela una escalada de violencia que alcanza incluso a los trabajadores m\u00e1s indefensos.<\/p>\n\n\n\n<p class=\"p1 wp-block-paragraph\">Uno de los casos m\u00e1s brutales ocurri\u00f3 el 8 de agosto de 2023, en la colonia Villas del R\u00edo, en Villa de \u00c1lvarez. Ah\u00ed, un velador de aproximadamente 50 a\u00f1os fue ejecutado con disparos en la cabeza y luego calcinado, en un ataque que evidencia un ensa\u00f1amiento atroz. Su cuerpo, con quemaduras de tercer grado, fue localizado en una bloquera donde desempe\u00f1aba su jornada nocturna.<\/p>\n\n\n\n<p class=\"p1 wp-block-paragraph\">Sobre esta problem\u00e1tica se pronunci\u00f3 Edgar Ren\u00e9 Cruz Benavides, presidente de la C\u00e1mara Mexicana de la Industria de la Construcci\u00f3n (CMIC), delegaci\u00f3n Colima, quien en entrevista para el portal <em>L\u00edneas Delgadas<\/em> reconoci\u00f3 que, aunque no se tienen registrados asesinatos de empresarios afiliados por c\u00e1rteles o por extorsi\u00f3n directa, s\u00ed hay varios casos de veladores asesinados en hechos vinculados al robo de maquinaria o asaltos violentos.<\/p>\n\n\n\n<p class=\"p3 wp-block-paragraph\">\u201cDesafortunadamente ha fallecido personal de vigilancia. La seguridad nos impacta y aleja inversiones. No solo los inversionistas que vienen de fuera, tambi\u00e9n a los locales, el robo es bastante significativo\u201d, declar\u00f3 Cruz Benavides.<\/p>\n\n\n\n<p class=\"p1 wp-block-paragraph\">La afirmaci\u00f3n del l\u00edder empresarial encuentra eco en los m\u00faltiples reportes period\u00edsticos que han documentado asesinatos de veladores en Colima, Villa de \u00c1lvarez, Tecom\u00e1n y Manzanillo, a lo largo de los \u00faltimos a\u00f1os. <\/p>\n\n\n\n<p class=\"p1 wp-block-paragraph\">Algunos casos:<\/p>\n\n\n\n<p class=\"p4 wp-block-paragraph\">\u2022 <strong>Colima (Los Tepames, febrero 2022): <\/strong>Un velador de 58 a\u00f1os fue asesinado con arma punzocortante durante un robo a un rancho.<\/p>\n\n\n\n<p class=\"p4 wp-block-paragraph\">\u2022 <strong>Colima (colonia La Antorcha, enero 2023):<\/strong> Un hombre identificado como velador fue hallado ejecutado dentro de un veh\u00edculo en un taller mec\u00e1nico.<\/p>\n\n\n\n<p class=\"p4 wp-block-paragraph\">\u2022 <strong>Tecom\u00e1n (colonia Bayardo, abril 2023):<\/strong> Velador de un lote de autos fue ejecutado con varios disparos, incluyendo uno en el ojo.<\/p>\n\n\n\n<p class=\"p4 wp-block-paragraph\">\u2022 <strong>Tecom\u00e1n (mismo lugar, mayo 2023):<\/strong> Apenas semanas despu\u00e9s, el velador y un contador del mismo lote fueron ejecutados a balazos.<\/p>\n\n\n\n<p class=\"p4 wp-block-paragraph\">\u2022 <strong>Tecom\u00e1n (fraccionamiento San Ram\u00f3n, septiembre 2024):<\/strong> Otro velador fue encontrado muerto con impactos de arma de fuego.<\/p>\n\n\n\n<p class=\"p4 wp-block-paragraph\">\u2022 <strong>Tecom\u00e1n (avenida Antonio Lea\u00f1o, febrero 2025):<\/strong> Un velador de 80 a\u00f1os fue localizado sin vida junto a una empacadora, con golpes visibles en el rostro.<\/p>\n\n\n\n<p class=\"p4 wp-block-paragraph\">\u2022 <strong>Manzanillo (Tapeixtles, febrero 2025):<\/strong> Un hombre de 60 a\u00f1os, encargado de vigilar un patio de fertilizantes, fue ejecutado con m\u00faltiples disparos.<\/p>\n\n\n\n<p class=\"p4 wp-block-paragraph\">\u2022 <strong>Villa de \u00c1lvarez (Unidad Deportiva, diciembre 2019):<\/strong> Un velador de la tercera edad fue encontrado muerto en la v\u00eda p\u00fablica, sin signos visibles de violencia.<\/p>\n\n\n\n<p class=\"p3 wp-block-paragraph\">\u201cLlamadas de extorsi\u00f3n tenemos todo el tiempo, pero cobro de piso no. Lo que m\u00e1s nos afecta es el robo y la inseguridad. Y eso ha cobrado vidas de quienes simplemente est\u00e1n haciendo su trabajo\u201d, agreg\u00f3 el presidente de la CMIC.<\/p>\n\n\n\n<p class=\"p1 wp-block-paragraph\">Las estad\u00edsticas oficiales no desagregan con precisi\u00f3n los homicidios por ocupaci\u00f3n, pero estos reportes muestran que la vigilancia nocturna en Colima se ha convertido en una de las profesiones m\u00e1s vulnerables. Sin el respaldo de protocolos de seguridad ni condiciones adecuadas, muchos veladores contin\u00faan laborando bajo riesgo latente, en medio de una crisis de violencia que, lejos de disminuir, parece extenderse en zonas urbanas e industriales por igual.<\/p>\n\n\n\n<p class=\"p1 wp-block-paragraph\"><\/p>\n<div class=\"fb-background-color\">\n\t\t\t  <div \n\t\t\t  \tclass = \"fb-comments\" \n\t\t\t  \tdata-href = \"https:\/\/diarioavanzada.com.mx\/?p=96283\"\n\t\t\t  \tdata-numposts = \"10\"\n\t\t\t  \tdata-lazy = \"true\"\n\t\t\t\tdata-colorscheme = \"light\"\n\t\t\t\tdata-order-by = \"social\"\n\t\t\t\tdata-mobile=true>\n\t\t\t  <\/div><\/div>\n\t\t  <style>\n\t\t    .fb-background-color {\n\t\t\t\tbackground:  !important;\n\t\t\t}\n\t\t\t.fb_iframe_widget_fluid_desktop iframe {\n\t\t\t    width: 100% !important;\n\t\t\t}\n\t\t  <\/style>\n\t\t  ","protected":false},"excerpt":{"rendered":"<p>Colima, M\u00e9xico, Avanzada (07\/08\/2025).- En Colima, dedicarse a labores de vigilancia nocturna se ha convertido en una ocupaci\u00f3n de alto riesgo. La crueldad con la que se han perpetrado m\u00faltiples homicidios contra veladores en distintos municipios del estado revela una escalada de violencia que alcanza incluso a los trabajadores m\u00e1s indefensos. Uno de los casos [&hellip;]<\/p>\n","protected":false},"author":7,"featured_media":96282,"comment_status":"closed","ping_status":"closed","sticky":false,"template":"","format":"standard","meta":{"_coblocks_attr":"","_coblocks_dimensions":"","_coblocks_responsive_height":"","_coblocks_accordion_ie_support":"","_crdt_document":"","advanced_seo_description":"","jetpack_seo_html_title":"","jetpack_seo_noindex":false,"_jetpack_memberships_contains_paid_content":false,"footnotes":""},"categories":[19,209,7,231],"tags":[210],"class_list":["post-96283","post","type-post","status-publish","format-standard","has-post-thumbnail","hentry","category-colima","category-importantes","category-noticias","category-seguridad","tag-portada"],"jetpack_featured_media_url":"https:\/\/diarioavanzada.com.mx\/wp-content\/uploads\/2025\/08\/95a0128c-e79d-431b-a489-f0d6537355fc-1.jpg","jetpack-related-posts":[],"jetpack_sharing_enabled":true,"amp_enabled":true,"_links":{"self":[{"href":"https:\/\/diarioavanzada.com.mx\/index.php?rest_route=\/wp\/v2\/posts\/96283","targetHints":{"allow":["GET"]}}],"collection":[{"href":"https:\/\/diarioavanzada.com.mx\/index.php?rest_route=\/wp\/v2\/posts"}],"about":[{"href":"https:\/\/diarioavanzada.com.mx\/index.php?rest_route=\/wp\/v2\/types\/post"}],"author":[{"embeddable":true,"href":"https:\/\/diarioavanzada.com.mx\/index.php?rest_route=\/wp\/v2\/users\/7"}],"replies":[{"embeddable":true,"href":"https:\/\/diarioavanzada.com.mx\/index.php?rest_route=%2Fwp%2Fv2%2Fcomments&post=96283"}],"version-history":[{"count":0,"href":"https:\/\/diarioavanzada.com.mx\/index.php?rest_route=\/wp\/v2\/posts\/96283\/revisions"}],"wp:featuredmedia":[{"embeddable":true,"href":"https:\/\/diarioavanzada.com.mx\/index.php?rest_route=\/wp\/v2\/media\/96282"}],"wp:attachment":[{"href":"https:\/\/diarioavanzada.com.mx\/index.php?rest_route=%2Fwp%2Fv2%2Fmedia&parent=96283"}],"wp:term":[{"taxonomy":"category","embeddable":true,"href":"https:\/\/diarioavanzada.com.mx\/index.php?rest_route=%2Fwp%2Fv2%2Fcategories&post=96283"},{"taxonomy":"post_tag","embeddable":true,"href":"https:\/\/diarioavanzada.com.mx\/index.php?rest_route=%2Fwp%2Fv2%2Ftags&post=96283"}],"curies":[{"name":"wp","href":"https:\/\/api.w.org\/{rel}","templated":true}]}}