{"id":95913,"date":"2025-08-04T10:07:53","date_gmt":"2025-08-04T16:07:53","guid":{"rendered":"https:\/\/diarioavanzada.com.mx\/?p=95913"},"modified":"2025-08-04T10:08:36","modified_gmt":"2025-08-04T16:08:36","slug":"la-barra-mexicana-de-abogados-condena-censura-y-hostigamiento-contra-la-prensa","status":"publish","type":"post","link":"https:\/\/diarioavanzada.com.mx\/?p=95913","title":{"rendered":"La Barra Mexicana de Abogados condena censura y hostigamiento contra la prensa"},"content":{"rendered":"\n<p class=\"p1 wp-block-paragraph\">M\u00e9xico, Avanzada (04\/08\/2025).- La Barra Mexicana Colegio de Abogados expres\u00f3 su profunda preocupaci\u00f3n ante lo que calific\u00f3 como una serie de \u201crecurrentes actos de censura, restricciones indebidas a la libertad de expresi\u00f3n y hostigamiento\u201d contra periodistas, medios de comunicaci\u00f3n, activistas y ciudadanos en diversas entidades del pa\u00eds.<\/p>\n\n\n\n<p class=\"p1 wp-block-paragraph\">En un pronunciamiento p\u00fablico, la organizaci\u00f3n subray\u00f3 que la libertad de expresi\u00f3n es un derecho humano fundamental, protegido tanto por la Constituci\u00f3n como por tratados internacionales, y denunci\u00f3 que actualmente se emplean herramientas legales y administrativas para silenciar voces cr\u00edticas.<\/p>\n\n\n\n<p class=\"p1 wp-block-paragraph\">\u201cObservamos con alarma la utilizaci\u00f3n de instrumentos legales para intimidar o sancionar la cr\u00edtica p\u00fablica; la censura de contenido period\u00edstico mediante instituciones jur\u00eddicas; e incluso, en casos extremos, la criminalizaci\u00f3n del ejercicio de la libertad de expresi\u00f3n\u201d, se\u00f1al\u00f3 la agrupaci\u00f3n, al tiempo que lament\u00f3 el uso del poder y sus instituciones para inhibir la libertad de prensa.<\/p>\n\n\n\n<p class=\"p1 wp-block-paragraph\">En ese contexto, la Barra hizo un en\u00e9rgico llamado a las autoridades de todos los niveles de gobierno a garantizar plenamente este derecho fundamental, y exhort\u00f3 a los organismos aut\u00f3nomos y al Poder Judicial a actuar con firmeza ante cualquier violaci\u00f3n.<\/p>\n\n\n\n<p class=\"p1 wp-block-paragraph\">\u201cLa Barra Mexicana Colegio de Abogados reitera su compromiso indeclinable con los principios democr\u00e1ticos, los Derechos Humanos y el imperio de la Ley. No puede haber justicia sin libertad. No puede haber democracia sin voces libres\u201d, concluy\u00f3 el comunicado.<\/p>\n\n\n\n<p class=\"p1 wp-block-paragraph\"><\/p>\n<div class=\"fb-background-color\">\n\t\t\t  <div \n\t\t\t  \tclass = \"fb-comments\" \n\t\t\t  \tdata-href = \"https:\/\/diarioavanzada.com.mx\/?p=95913\"\n\t\t\t  \tdata-numposts = \"10\"\n\t\t\t  \tdata-lazy = \"true\"\n\t\t\t\tdata-colorscheme = \"light\"\n\t\t\t\tdata-order-by = \"social\"\n\t\t\t\tdata-mobile=true>\n\t\t\t  <\/div><\/div>\n\t\t  <style>\n\t\t    .fb-background-color {\n\t\t\t\tbackground:  !important;\n\t\t\t}\n\t\t\t.fb_iframe_widget_fluid_desktop iframe {\n\t\t\t    width: 100% !important;\n\t\t\t}\n\t\t  <\/style>\n\t\t  ","protected":false},"excerpt":{"rendered":"<p>M\u00e9xico, Avanzada (04\/08\/2025).- La Barra Mexicana Colegio de Abogados expres\u00f3 su profunda preocupaci\u00f3n ante lo que calific\u00f3 como una serie de \u201crecurrentes actos de censura, restricciones indebidas a la libertad de expresi\u00f3n y hostigamiento\u201d contra periodistas, medios de comunicaci\u00f3n, activistas y ciudadanos en diversas entidades del pa\u00eds. En un pronunciamiento p\u00fablico, la organizaci\u00f3n subray\u00f3 que [&hellip;]<\/p>\n","protected":false},"author":7,"featured_media":95912,"comment_status":"closed","ping_status":"closed","sticky":false,"template":"","format":"standard","meta":{"_coblocks_attr":"","_coblocks_dimensions":"","_coblocks_responsive_height":"","_coblocks_accordion_ie_support":"","_crdt_document":"","advanced_seo_description":"","jetpack_seo_html_title":"","jetpack_seo_noindex":false,"_jetpack_memberships_contains_paid_content":false,"footnotes":""},"categories":[209,22,7],"tags":[210],"class_list":["post-95913","post","type-post","status-publish","format-standard","has-post-thumbnail","hentry","category-importantes","category-nacion","category-noticias","tag-portada"],"jetpack_featured_media_url":"https:\/\/diarioavanzada.com.mx\/wp-content\/uploads\/2025\/08\/img_8223-1.jpg","jetpack-related-posts":[],"jetpack_sharing_enabled":true,"amp_enabled":true,"_links":{"self":[{"href":"https:\/\/diarioavanzada.com.mx\/index.php?rest_route=\/wp\/v2\/posts\/95913","targetHints":{"allow":["GET"]}}],"collection":[{"href":"https:\/\/diarioavanzada.com.mx\/index.php?rest_route=\/wp\/v2\/posts"}],"about":[{"href":"https:\/\/diarioavanzada.com.mx\/index.php?rest_route=\/wp\/v2\/types\/post"}],"author":[{"embeddable":true,"href":"https:\/\/diarioavanzada.com.mx\/index.php?rest_route=\/wp\/v2\/users\/7"}],"replies":[{"embeddable":true,"href":"https:\/\/diarioavanzada.com.mx\/index.php?rest_route=%2Fwp%2Fv2%2Fcomments&post=95913"}],"version-history":[{"count":1,"href":"https:\/\/diarioavanzada.com.mx\/index.php?rest_route=\/wp\/v2\/posts\/95913\/revisions"}],"predecessor-version":[{"id":95914,"href":"https:\/\/diarioavanzada.com.mx\/index.php?rest_route=\/wp\/v2\/posts\/95913\/revisions\/95914"}],"wp:featuredmedia":[{"embeddable":true,"href":"https:\/\/diarioavanzada.com.mx\/index.php?rest_route=\/wp\/v2\/media\/95912"}],"wp:attachment":[{"href":"https:\/\/diarioavanzada.com.mx\/index.php?rest_route=%2Fwp%2Fv2%2Fmedia&parent=95913"}],"wp:term":[{"taxonomy":"category","embeddable":true,"href":"https:\/\/diarioavanzada.com.mx\/index.php?rest_route=%2Fwp%2Fv2%2Fcategories&post=95913"},{"taxonomy":"post_tag","embeddable":true,"href":"https:\/\/diarioavanzada.com.mx\/index.php?rest_route=%2Fwp%2Fv2%2Ftags&post=95913"}],"curies":[{"name":"wp","href":"https:\/\/api.w.org\/{rel}","templated":true}]}}