{"id":95751,"date":"2025-08-02T12:02:31","date_gmt":"2025-08-02T18:02:31","guid":{"rendered":"https:\/\/diarioavanzada.com.mx\/?p=95751"},"modified":"2025-08-02T12:07:22","modified_gmt":"2025-08-02T18:07:22","slug":"activan-alerta-amber-en-colima-por-desaparicion-de-nino-de-4-anos-en-el-centro-de-la-capital","status":"publish","type":"post","link":"https:\/\/diarioavanzada.com.mx\/?p=95751","title":{"rendered":"Activan Alerta Amber en Colima por la desaparici\u00f3n de Jaycob, tiene 4 a\u00f1os de edad"},"content":{"rendered":"\n<p class=\"p1 wp-block-paragraph\"><em>La Fiscal\u00eda de Colima activ\u00f3 la Alerta Amber para localizar a Jaycob Gael Hern\u00e1ndez L\u00f3pez, un ni\u00f1o de 4 a\u00f1os desaparecido en el centro de la capital. Autoridades temen que su integridad est\u00e9 en riesgo y solicitan el apoyo de la ciudadan\u00eda para dar con su paradero.<\/em><\/p>\n\n\n\n<p class=\"p1 wp-block-paragraph\">Colima, M\u00e9xico, Avanzada (02\/08\/2025).- La Fiscal\u00eda General del Estado de Colima activ\u00f3 la Alerta Amber para localizar a Jaycob Gael Hern\u00e1ndez L\u00f3pez, un ni\u00f1o de 4 a\u00f1os que fue visto por \u00faltima vez este viernes 1 de agosto en el centro de la ciudad de Colima, alrededor de las 22:00 horas.<\/p>\n\n\n\n<p class=\"p1 wp-block-paragraph\">Seg\u00fan la ficha emitida por la autoridad, el menor desapareci\u00f3 en la zona del jard\u00edn N\u00fa\u00f1ez, y desde entonces se desconoce su paradero. Debido a que se teme por su integridad f\u00edsica y se considera que puede ser v\u00edctima de la comisi\u00f3n de un delito, se emiti\u00f3 de inmediato la alerta a nivel estatal.<\/p>\n\n\n\n<p class=\"p1 wp-block-paragraph\">Jaycob Gael mide aproximadamente 90 cent\u00edmetros, pesa alrededor de 15 kilos, tiene tez morena clara, ojos grandes de color caf\u00e9 obscuro y cabello corto, casta\u00f1o claro. Como se\u00f1as particulares, presenta un lunar en el lado derecho de su espalda y una quemadura en el brazo izquierdo. El d\u00eda de su desaparici\u00f3n vest\u00eda short de mezclilla color azul claro, camiseta tipo polo color blanco con estampado de palmeras en color gris, negro y dorado, y sandalias negras.<\/p>\n\n\n\n<p class=\"p1 wp-block-paragraph\">Las autoridades solicitan a la poblaci\u00f3n cualquier informaci\u00f3n que pueda contribuir a su localizaci\u00f3n. Los reportes pueden hacerse al n\u00famero 312 31 27910 de la Alerta Amber Colima o al 800 00 85400, n\u00famero nacional de emergencias para este tipo de casos.<\/p>\n\n\n\n<p class=\"p1 wp-block-paragraph\">La Fiscal\u00eda reitera que cada minuto cuenta en casos de desaparici\u00f3n de menores y pide a la ciudadan\u00eda mantenerse atenta y compartir la informaci\u00f3n difundida por los canales oficiales.<\/p>\n\n\n\n<figure class=\"wp-block-image size-large\"><img loading=\"lazy\" decoding=\"async\" width=\"489\" height=\"634\" src=\"https:\/\/diarioavanzada.com.mx\/wp-content\/uploads\/2025\/08\/img_9450.jpg\" alt=\"\" class=\"wp-image-95749\" srcset=\"https:\/\/diarioavanzada.com.mx\/wp-content\/uploads\/2025\/08\/img_9450.jpg 489w, https:\/\/diarioavanzada.com.mx\/wp-content\/uploads\/2025\/08\/img_9450-231x300.jpg 231w\" sizes=\"auto, (max-width: 489px) 100vw, 489px\" \/><\/figure>\n<div class=\"fb-background-color\">\n\t\t\t  <div \n\t\t\t  \tclass = \"fb-comments\" \n\t\t\t  \tdata-href = \"https:\/\/diarioavanzada.com.mx\/?p=95751\"\n\t\t\t  \tdata-numposts = \"10\"\n\t\t\t  \tdata-lazy = \"true\"\n\t\t\t\tdata-colorscheme = \"light\"\n\t\t\t\tdata-order-by = \"social\"\n\t\t\t\tdata-mobile=true>\n\t\t\t  <\/div><\/div>\n\t\t  <style>\n\t\t    .fb-background-color {\n\t\t\t\tbackground:  !important;\n\t\t\t}\n\t\t\t.fb_iframe_widget_fluid_desktop iframe {\n\t\t\t    width: 100% !important;\n\t\t\t}\n\t\t  <\/style>\n\t\t  ","protected":false},"excerpt":{"rendered":"<p>La Fiscal\u00eda de Colima activ\u00f3 la Alerta Amber para localizar a Jaycob Gael Hern\u00e1ndez L\u00f3pez, un ni\u00f1o de 4 a\u00f1os desaparecido en el centro de la capital. Autoridades temen que su integridad est\u00e9 en riesgo y solicitan el apoyo de la ciudadan\u00eda para dar con su paradero. Colima, M\u00e9xico, Avanzada (02\/08\/2025).- La Fiscal\u00eda General del [&hellip;]<\/p>\n","protected":false},"author":7,"featured_media":95750,"comment_status":"closed","ping_status":"closed","sticky":false,"template":"","format":"standard","meta":{"_coblocks_attr":"","_coblocks_dimensions":"","_coblocks_responsive_height":"","_coblocks_accordion_ie_support":"","_crdt_document":"","advanced_seo_description":"","jetpack_seo_html_title":"","jetpack_seo_noindex":false,"_jetpack_memberships_contains_paid_content":false,"footnotes":""},"categories":[19,209,7,231],"tags":[210],"class_list":["post-95751","post","type-post","status-publish","format-standard","has-post-thumbnail","hentry","category-colima","category-importantes","category-noticias","category-seguridad","tag-portada"],"jetpack_featured_media_url":"https:\/\/diarioavanzada.com.mx\/wp-content\/uploads\/2025\/08\/img_9451.jpg","jetpack-related-posts":[],"jetpack_sharing_enabled":true,"amp_enabled":true,"_links":{"self":[{"href":"https:\/\/diarioavanzada.com.mx\/index.php?rest_route=\/wp\/v2\/posts\/95751","targetHints":{"allow":["GET"]}}],"collection":[{"href":"https:\/\/diarioavanzada.com.mx\/index.php?rest_route=\/wp\/v2\/posts"}],"about":[{"href":"https:\/\/diarioavanzada.com.mx\/index.php?rest_route=\/wp\/v2\/types\/post"}],"author":[{"embeddable":true,"href":"https:\/\/diarioavanzada.com.mx\/index.php?rest_route=\/wp\/v2\/users\/7"}],"replies":[{"embeddable":true,"href":"https:\/\/diarioavanzada.com.mx\/index.php?rest_route=%2Fwp%2Fv2%2Fcomments&post=95751"}],"version-history":[{"count":1,"href":"https:\/\/diarioavanzada.com.mx\/index.php?rest_route=\/wp\/v2\/posts\/95751\/revisions"}],"predecessor-version":[{"id":95752,"href":"https:\/\/diarioavanzada.com.mx\/index.php?rest_route=\/wp\/v2\/posts\/95751\/revisions\/95752"}],"wp:featuredmedia":[{"embeddable":true,"href":"https:\/\/diarioavanzada.com.mx\/index.php?rest_route=\/wp\/v2\/media\/95750"}],"wp:attachment":[{"href":"https:\/\/diarioavanzada.com.mx\/index.php?rest_route=%2Fwp%2Fv2%2Fmedia&parent=95751"}],"wp:term":[{"taxonomy":"category","embeddable":true,"href":"https:\/\/diarioavanzada.com.mx\/index.php?rest_route=%2Fwp%2Fv2%2Fcategories&post=95751"},{"taxonomy":"post_tag","embeddable":true,"href":"https:\/\/diarioavanzada.com.mx\/index.php?rest_route=%2Fwp%2Fv2%2Ftags&post=95751"}],"curies":[{"name":"wp","href":"https:\/\/api.w.org\/{rel}","templated":true}]}}