{"id":9566,"date":"2020-01-09T11:36:08","date_gmt":"2020-01-09T16:36:08","guid":{"rendered":"https:\/\/diarioavanzada.com.mx\/?p=9566"},"modified":"2020-01-09T11:36:09","modified_gmt":"2020-01-09T16:36:09","slug":"gobernador-miente-dice-que-adeudo-con-el-issste-es-de-150-mdp-documento-oficial-senala-310","status":"publish","type":"post","link":"https:\/\/diarioavanzada.com.mx\/?p=9566","title":{"rendered":"Gobernador miente, dice que adeudo con el ISSSTE es de 150 MDP; documento oficial se\u00f1ala 310"},"content":{"rendered":"\n<p class=\"wp-block-paragraph\">Colima, M\u00e9xico, Avanzada (09\/01\/2020).- El gobernador del Estado, Ignacio Peralta S\u00e1nchez se\u00f1al\u00f3 que el adeudo que la administraci\u00f3n estatal tiene con el ISSSTE es&nbsp; de 130 a 150 millones de pesos, sin embargo, el documento que \u00e9l mismo public\u00f3 en el Peri\u00f3dico Oficial &nbsp;establece que los pasivos son por 310 millones de pesos.<\/p>\n\n\n\n<p class=\"wp-block-paragraph\">En entrevista con los medios de comunicaci\u00f3n, el mandatario estatal se\u00f1al\u00f3 que en los pr\u00f3ximos d\u00edas estar\u00eda firmando el reconocimiento de pago en el marco de la posible visita &nbsp;a la entidad del director &nbsp;general del ISSSTE, Luis Antonio Pineda.<\/p>\n\n\n\n<p class=\"wp-block-paragraph\">De igual forma explic\u00f3 que el pasivo de \u201c130 a 150 millones de pesos\u201d no se gener\u00f3 durante su gobierno, ya que fue heredado de la administraci\u00f3n anterior.<\/p>\n\n\n\n<p class=\"wp-block-paragraph\">Sin embargo, el pasado 19 de diciembre, el mandatario estatal autoriz\u00f3 la publicaci\u00f3n en el Peri\u00f3dico Oficial \u201cEl Estado de Colima\u201d&nbsp; del decreto 215 en el cual se establece que el adeudo del gobierno de Colima con el ISSSTE es de 310 millones de pesos.<\/p>\n\n\n\n<p class=\"wp-block-paragraph\">En el documento publicado el 19 de diciembre del a\u00f1o pasado, se establece que desde el 2012, 2013, 2014, 2015, la administraci\u00f3n estatal no cubri\u00f3 la cuota de cesant\u00eda, edad avanzada y vejez de los trabajadores federalizados de Salud, principalmente.<\/p>\n\n\n\n<p class=\"wp-block-paragraph\">Por el adeudo de trabajadores de Salud se le deben al ISSSTE 160 millones 837 mil 233 pesos, correspondiente al 4 bimestre de 2012, 2013, 2014, 2015; y en cuanto a la coordinaci\u00f3n de Servicio Educativos el adeudo es 157 millones 377 mil 822 pesos relativos al 5 bimestre del 2013, y todos los bimestres de 2014.<\/p>\n\n\n\n<p class=\"wp-block-paragraph\">De igual forma se se\u00f1ala que una vez que la administraci\u00f3n estatal reconoci\u00f3 el adeudo, se debe otorgar una garant\u00eda de pago que podr\u00eda tomarse de las participaciones federales que le corresponden a Colima, lo que supondr\u00eda una afectaci\u00f3n a las finanzas estatales.<\/p>\n<div class=\"fb-background-color\">\n\t\t\t  <div \n\t\t\t  \tclass = \"fb-comments\" \n\t\t\t  \tdata-href = \"https:\/\/diarioavanzada.com.mx\/?p=9566\"\n\t\t\t  \tdata-numposts = \"10\"\n\t\t\t  \tdata-lazy = \"true\"\n\t\t\t\tdata-colorscheme = \"light\"\n\t\t\t\tdata-order-by = \"social\"\n\t\t\t\tdata-mobile=true>\n\t\t\t  <\/div><\/div>\n\t\t  <style>\n\t\t    .fb-background-color {\n\t\t\t\tbackground:  !important;\n\t\t\t}\n\t\t\t.fb_iframe_widget_fluid_desktop iframe {\n\t\t\t    width: 100% !important;\n\t\t\t}\n\t\t  <\/style>\n\t\t  ","protected":false},"excerpt":{"rendered":"<p>Colima, M\u00e9xico, Avanzada (09\/01\/2020).- El gobernador del Estado, Ignacio Peralta S\u00e1nchez se\u00f1al\u00f3 que el adeudo que la administraci\u00f3n estatal tiene con el ISSSTE es&nbsp; de 130 a 150 millones de pesos, sin embargo, el documento que \u00e9l mismo public\u00f3 en el Peri\u00f3dico Oficial &nbsp;establece que los pasivos son por 310 millones de pesos. En entrevista [&hellip;]<\/p>\n","protected":false},"author":5,"featured_media":9567,"comment_status":"closed","ping_status":"closed","sticky":false,"template":"","format":"standard","meta":{"_coblocks_attr":"","_coblocks_dimensions":"","_coblocks_responsive_height":"","_coblocks_accordion_ie_support":"","_crdt_document":"","advanced_seo_description":"","jetpack_seo_html_title":"","jetpack_seo_noindex":false,"_jetpack_memberships_contains_paid_content":false,"footnotes":""},"categories":[19],"tags":[210],"class_list":["post-9566","post","type-post","status-publish","format-standard","has-post-thumbnail","hentry","category-colima","tag-portada"],"jetpack_featured_media_url":"https:\/\/diarioavanzada.com.mx\/wp-content\/uploads\/2020\/01\/Gobernador-de-Colima-1.png","jetpack-related-posts":[],"jetpack_sharing_enabled":true,"amp_enabled":true,"_links":{"self":[{"href":"https:\/\/diarioavanzada.com.mx\/index.php?rest_route=\/wp\/v2\/posts\/9566","targetHints":{"allow":["GET"]}}],"collection":[{"href":"https:\/\/diarioavanzada.com.mx\/index.php?rest_route=\/wp\/v2\/posts"}],"about":[{"href":"https:\/\/diarioavanzada.com.mx\/index.php?rest_route=\/wp\/v2\/types\/post"}],"author":[{"embeddable":true,"href":"https:\/\/diarioavanzada.com.mx\/index.php?rest_route=\/wp\/v2\/users\/5"}],"replies":[{"embeddable":true,"href":"https:\/\/diarioavanzada.com.mx\/index.php?rest_route=%2Fwp%2Fv2%2Fcomments&post=9566"}],"version-history":[{"count":0,"href":"https:\/\/diarioavanzada.com.mx\/index.php?rest_route=\/wp\/v2\/posts\/9566\/revisions"}],"wp:featuredmedia":[{"embeddable":true,"href":"https:\/\/diarioavanzada.com.mx\/index.php?rest_route=\/wp\/v2\/media\/9567"}],"wp:attachment":[{"href":"https:\/\/diarioavanzada.com.mx\/index.php?rest_route=%2Fwp%2Fv2%2Fmedia&parent=9566"}],"wp:term":[{"taxonomy":"category","embeddable":true,"href":"https:\/\/diarioavanzada.com.mx\/index.php?rest_route=%2Fwp%2Fv2%2Fcategories&post=9566"},{"taxonomy":"post_tag","embeddable":true,"href":"https:\/\/diarioavanzada.com.mx\/index.php?rest_route=%2Fwp%2Fv2%2Ftags&post=9566"}],"curies":[{"name":"wp","href":"https:\/\/api.w.org\/{rel}","templated":true}]}}