{"id":95397,"date":"2025-07-29T21:28:53","date_gmt":"2025-07-30T03:28:53","guid":{"rendered":"https:\/\/diarioavanzada.com.mx\/?p=95397"},"modified":"2025-07-29T21:28:53","modified_gmt":"2025-07-30T03:28:53","slug":"preven-variaciones-del-nivel-del-mar-en-manzanillo-por-sismo-en-rusia","status":"publish","type":"post","link":"https:\/\/diarioavanzada.com.mx\/?p=95397","title":{"rendered":"Prev\u00e9n variaciones del nivel del mar en Manzanillo por sismo en Rusia"},"content":{"rendered":"\n<p class=\"p1 wp-block-paragraph\">Colima, M\u00e9xico, Avanzada (29\/07\/2025).- La Secretar\u00eda de Marina (Semar) y el Centro de Alerta de Tsunamis emitieron una alerta preventiva para las costas del Pac\u00edfico mexicano, entre ellas las de Colima, debido al sismo de magnitud 8.7 registrado este martes en Rusia, frente a la pen\u00ednsula de Kamchatka.<\/p>\n\n\n\n<p class=\"p1 wp-block-paragraph\">De acuerdo con el Bolet\u00edn de Seguimiento 002 del Centro de Alerta de Tsunamis (CAT-Semar), en Manzanillo se espera que las primeras variaciones del nivel del mar lleguen alrededor de las 05:05 horas del mi\u00e9rcoles 30 de julio, con alturas estimadas de hasta un metro. Aunque no se prev\u00e9 un tsunami destructivo, las autoridades advirtieron sobre posibles corrientes fuertes y repentinas que representan riesgo para la poblaci\u00f3n y las embarcaciones.<\/p>\n\n\n\n<p class=\"p1 wp-block-paragraph\">La Secretar\u00eda de Marina pidi\u00f3 a la poblaci\u00f3n evitar acudir a playas y zonas costeras hasta nuevo aviso, y consultar \u00fanicamente fuentes oficiales para mantenerse informados. Las autoridades de Protecci\u00f3n Civil, tanto federales como estatales y municipales, han sido notificadas para implementar medidas preventivas en sus respectivas jurisdicciones.<\/p>\n\n\n\n<p class=\"p1 wp-block-paragraph\">Entre los puertos donde se esperan efectos similares se encuentran Ensenada, Cabo San Lucas, Mazatl\u00e1n, San Blas, Puerto Vallarta, L\u00e1zaro C\u00e1rdenas, Acapulco, Salina Cruz y Puerto Chiapas, todos con alturas m\u00e1ximas esperadas de hasta un metro.<\/p>\n\n\n\n<p class=\"p1 wp-block-paragraph\">El sismo tuvo su epicentro a 122 kil\u00f3metros al este-sureste de Petropavlovsk-Kamchatskiy, Rusia, a una profundidad de 18 kil\u00f3metros.<\/p>\n\n\n\n<p class=\"p1 wp-block-paragraph\">Las autoridades reiteraron la importancia de no generar rumores, mantenerse alejados de las costas y atender las indicaciones que se emitan a trav\u00e9s de canales oficiales.<\/p>\n\n\n\n<p class=\"p1 wp-block-paragraph\"><\/p>\n\n\n\n<p class=\"p1 wp-block-paragraph\"><\/p>\n<div class=\"fb-background-color\">\n\t\t\t  <div \n\t\t\t  \tclass = \"fb-comments\" \n\t\t\t  \tdata-href = \"https:\/\/diarioavanzada.com.mx\/?p=95397\"\n\t\t\t  \tdata-numposts = \"10\"\n\t\t\t  \tdata-lazy = \"true\"\n\t\t\t\tdata-colorscheme = \"light\"\n\t\t\t\tdata-order-by = \"social\"\n\t\t\t\tdata-mobile=true>\n\t\t\t  <\/div><\/div>\n\t\t  <style>\n\t\t    .fb-background-color {\n\t\t\t\tbackground:  !important;\n\t\t\t}\n\t\t\t.fb_iframe_widget_fluid_desktop iframe {\n\t\t\t    width: 100% !important;\n\t\t\t}\n\t\t  <\/style>\n\t\t  ","protected":false},"excerpt":{"rendered":"<p>Colima, M\u00e9xico, Avanzada (29\/07\/2025).- La Secretar\u00eda de Marina (Semar) y el Centro de Alerta de Tsunamis emitieron una alerta preventiva para las costas del Pac\u00edfico mexicano, entre ellas las de Colima, debido al sismo de magnitud 8.7 registrado este martes en Rusia, frente a la pen\u00ednsula de Kamchatka. De acuerdo con el Bolet\u00edn de Seguimiento [&hellip;]<\/p>\n","protected":false},"author":7,"featured_media":95396,"comment_status":"closed","ping_status":"closed","sticky":false,"template":"","format":"standard","meta":{"_coblocks_attr":"","_coblocks_dimensions":"","_coblocks_responsive_height":"","_coblocks_accordion_ie_support":"","_crdt_document":"","advanced_seo_description":"","jetpack_seo_html_title":"","jetpack_seo_noindex":false,"_jetpack_memberships_contains_paid_content":false,"footnotes":""},"categories":[19,209,7],"tags":[210],"class_list":["post-95397","post","type-post","status-publish","format-standard","has-post-thumbnail","hentry","category-colima","category-importantes","category-noticias","tag-portada"],"jetpack_featured_media_url":"https:\/\/diarioavanzada.com.mx\/wp-content\/uploads\/2025\/07\/img_7814-1.jpg","jetpack-related-posts":[],"jetpack_sharing_enabled":true,"amp_enabled":true,"_links":{"self":[{"href":"https:\/\/diarioavanzada.com.mx\/index.php?rest_route=\/wp\/v2\/posts\/95397","targetHints":{"allow":["GET"]}}],"collection":[{"href":"https:\/\/diarioavanzada.com.mx\/index.php?rest_route=\/wp\/v2\/posts"}],"about":[{"href":"https:\/\/diarioavanzada.com.mx\/index.php?rest_route=\/wp\/v2\/types\/post"}],"author":[{"embeddable":true,"href":"https:\/\/diarioavanzada.com.mx\/index.php?rest_route=\/wp\/v2\/users\/7"}],"replies":[{"embeddable":true,"href":"https:\/\/diarioavanzada.com.mx\/index.php?rest_route=%2Fwp%2Fv2%2Fcomments&post=95397"}],"version-history":[{"count":0,"href":"https:\/\/diarioavanzada.com.mx\/index.php?rest_route=\/wp\/v2\/posts\/95397\/revisions"}],"wp:featuredmedia":[{"embeddable":true,"href":"https:\/\/diarioavanzada.com.mx\/index.php?rest_route=\/wp\/v2\/media\/95396"}],"wp:attachment":[{"href":"https:\/\/diarioavanzada.com.mx\/index.php?rest_route=%2Fwp%2Fv2%2Fmedia&parent=95397"}],"wp:term":[{"taxonomy":"category","embeddable":true,"href":"https:\/\/diarioavanzada.com.mx\/index.php?rest_route=%2Fwp%2Fv2%2Fcategories&post=95397"},{"taxonomy":"post_tag","embeddable":true,"href":"https:\/\/diarioavanzada.com.mx\/index.php?rest_route=%2Fwp%2Fv2%2Ftags&post=95397"}],"curies":[{"name":"wp","href":"https:\/\/api.w.org\/{rel}","templated":true}]}}