{"id":95320,"date":"2025-07-29T21:47:37","date_gmt":"2025-07-30T03:47:37","guid":{"rendered":"https:\/\/diarioavanzada.com.mx\/?p=95320"},"modified":"2025-07-29T21:47:37","modified_gmt":"2025-07-30T03:47:37","slug":"masacre-en-aquila-deja-tres-muertos-entre-ellos-dos-ninos","status":"publish","type":"post","link":"https:\/\/diarioavanzada.com.mx\/?p=95320","title":{"rendered":"Masacre en Aquila deja tres muertos, entre ellos dos ni\u00f1os"},"content":{"rendered":"\n<p class=\"p1 wp-block-paragraph\"><em>Tres personas, entre ellas dos ni\u00f1os, fueron asesinadas en un ataque armado en la comunidad de Las Haciendas, en Aquila, Michoac\u00e1n. La masacre, atribuida a un grupo criminal, ha generado indignaci\u00f3n entre comunidades ind\u00edgenas, que exigen justicia y advierten movilizaciones ante la inacci\u00f3n de las autoridades.<\/em><\/p>\n\n\n\n<p class=\"p1 wp-block-paragraph\">Michoac\u00e1n, M\u00e9xico, Avanzada (29\/07\/2025).- Un ataque armado perpetrado en la comunidad de Las Haciendas, en el municipio de Aquila, dej\u00f3 como saldo la muerte de tres personas, entre ellas dos menores de edad, en un hecho que ha desatado una profunda indignaci\u00f3n entre las comunidades ind\u00edgenas de la regi\u00f3n Sierra-Costa. El crimen ocurri\u00f3 la tarde del viernes 25 de julio y, seg\u00fan testimonios locales, fue ejecutado por un grupo de hombres armados que abrieron fuego sin previo aviso.<\/p>\n\n\n\n<p class=\"p1 wp-block-paragraph\">Las v\u00edctimas fueron identificadas como un hombre de 32 a\u00f1os de edad, miembro de la Guardia Comunal de el Coire, y dos adolescentes de 12 y 13 a\u00f1os. Todos eran vecinos de la comunidad y se encontraban en una huerta cuando fueron sorprendidos por los disparos.<\/p>\n\n\n\n<p class=\"p1 wp-block-paragraph\">La Fiscal\u00eda Regional abri\u00f3 una carpeta de investigaci\u00f3n por homicidio y realiz\u00f3 diligencias en una funeraria de Coahuayana, donde fueron llevados los cuerpos. Hasta el cierre de esta edici\u00f3n, ninguna autoridad estatal ha emitido un pronunciamiento oficial sobre el caso, lo que ha generado un creciente malestar entre los pobladores.<\/p>\n\n\n\n<p class=\"p1 wp-block-paragraph\">En un comunicado difundido en redes sociales, el Frente por la Autonom\u00eda de Consejos y Comunidades Ind\u00edgenas denunci\u00f3 la omisi\u00f3n del gobierno estatal y advirti\u00f3 que, de no recibir respuesta por parte del gobernador Alfredo Ram\u00edrez Bedolla, se convocar\u00e1n movilizaciones en distintos puntos de Michoac\u00e1n. \u201c\u00a1Con los ni\u00f1os no! Basta de impunidad y abandono. Exigimos protecci\u00f3n y justicia para nuestras comunidades\u201d, se\u00f1al\u00f3 el organismo.<\/p>\n\n\n\n<p class=\"p1 wp-block-paragraph\">El Concejo Comunal N\u00e1huatl de El Coire tambi\u00e9n se pronunci\u00f3, lamentando profundamente el asesinato de los menores, quienes hab\u00edan concluido recientemente su educaci\u00f3n primaria. \u201cEl dolor es inconmensurable. Estas muertes representan el abandono institucional que sufrimos d\u00eda a d\u00eda\u201d, expresaron.<\/p>\n\n\n\n<p class=\"p1 wp-block-paragraph\">Adem\u00e1s de este atentado, se report\u00f3 otro hecho violento en la comunidad de Colola, donde dos polic\u00edas comunitarios fueron asesinados y un tercero result\u00f3 herido. Las agresiones han reforzado la percepci\u00f3n de que los grupos criminales operan con total impunidad en la regi\u00f3n, en medio del silencio de las autoridades.<\/p>\n\n\n\n<p class=\"p1 wp-block-paragraph\">Las comunidades pur\u00e9pechas, nahuas y otom\u00edes agrupadas en el Frente advirtieron que las acciones de protesta ser\u00e1n inminentes si no se toman medidas inmediatas para garantizar su seguridad. \u201cLa exigencia no es nueva, pero el hartazgo ha llegado a su l\u00edmite. No vamos a permitir que sigan matando a nuestra gente mientras el gobierno guarda silencio\u201d, sentenciaron.<\/p>\n\n\n\n<p class=\"p1 wp-block-paragraph\">Este nuevo episodio de violencia en Aquila vuelve a poner en evidencia la grave situaci\u00f3n de inseguridad que enfrentan los pueblos originarios en Michoac\u00e1n, quienes claman por protecci\u00f3n, justicia y respeto a sus territorios frente al avance del crimen organizado.<\/p>\n<div class=\"fb-background-color\">\n\t\t\t  <div \n\t\t\t  \tclass = \"fb-comments\" \n\t\t\t  \tdata-href = \"https:\/\/diarioavanzada.com.mx\/?p=95320\"\n\t\t\t  \tdata-numposts = \"10\"\n\t\t\t  \tdata-lazy = \"true\"\n\t\t\t\tdata-colorscheme = \"light\"\n\t\t\t\tdata-order-by = \"social\"\n\t\t\t\tdata-mobile=true>\n\t\t\t  <\/div><\/div>\n\t\t  <style>\n\t\t    .fb-background-color {\n\t\t\t\tbackground:  !important;\n\t\t\t}\n\t\t\t.fb_iframe_widget_fluid_desktop iframe {\n\t\t\t    width: 100% !important;\n\t\t\t}\n\t\t  <\/style>\n\t\t  ","protected":false},"excerpt":{"rendered":"<p>Tres personas, entre ellas dos ni\u00f1os, fueron asesinadas en un ataque armado en la comunidad de Las Haciendas, en Aquila, Michoac\u00e1n. La masacre, atribuida a un grupo criminal, ha generado indignaci\u00f3n entre comunidades ind\u00edgenas, que exigen justicia y advierten movilizaciones ante la inacci\u00f3n de las autoridades. Michoac\u00e1n, M\u00e9xico, Avanzada (29\/07\/2025).- Un ataque armado perpetrado en [&hellip;]<\/p>\n","protected":false},"author":7,"featured_media":95319,"comment_status":"closed","ping_status":"closed","sticky":false,"template":"","format":"standard","meta":{"_coblocks_attr":"","_coblocks_dimensions":"","_coblocks_responsive_height":"","_coblocks_accordion_ie_support":"","_crdt_document":"","advanced_seo_description":"","jetpack_seo_html_title":"","jetpack_seo_noindex":false,"_jetpack_memberships_contains_paid_content":false,"footnotes":""},"categories":[22,7,231],"tags":[],"class_list":["post-95320","post","type-post","status-publish","format-standard","has-post-thumbnail","hentry","category-nacion","category-noticias","category-seguridad"],"jetpack_featured_media_url":"https:\/\/diarioavanzada.com.mx\/wp-content\/uploads\/2025\/07\/img_9370.png","jetpack-related-posts":[],"jetpack_sharing_enabled":true,"amp_enabled":true,"_links":{"self":[{"href":"https:\/\/diarioavanzada.com.mx\/index.php?rest_route=\/wp\/v2\/posts\/95320","targetHints":{"allow":["GET"]}}],"collection":[{"href":"https:\/\/diarioavanzada.com.mx\/index.php?rest_route=\/wp\/v2\/posts"}],"about":[{"href":"https:\/\/diarioavanzada.com.mx\/index.php?rest_route=\/wp\/v2\/types\/post"}],"author":[{"embeddable":true,"href":"https:\/\/diarioavanzada.com.mx\/index.php?rest_route=\/wp\/v2\/users\/7"}],"replies":[{"embeddable":true,"href":"https:\/\/diarioavanzada.com.mx\/index.php?rest_route=%2Fwp%2Fv2%2Fcomments&post=95320"}],"version-history":[{"count":1,"href":"https:\/\/diarioavanzada.com.mx\/index.php?rest_route=\/wp\/v2\/posts\/95320\/revisions"}],"predecessor-version":[{"id":95401,"href":"https:\/\/diarioavanzada.com.mx\/index.php?rest_route=\/wp\/v2\/posts\/95320\/revisions\/95401"}],"wp:featuredmedia":[{"embeddable":true,"href":"https:\/\/diarioavanzada.com.mx\/index.php?rest_route=\/wp\/v2\/media\/95319"}],"wp:attachment":[{"href":"https:\/\/diarioavanzada.com.mx\/index.php?rest_route=%2Fwp%2Fv2%2Fmedia&parent=95320"}],"wp:term":[{"taxonomy":"category","embeddable":true,"href":"https:\/\/diarioavanzada.com.mx\/index.php?rest_route=%2Fwp%2Fv2%2Fcategories&post=95320"},{"taxonomy":"post_tag","embeddable":true,"href":"https:\/\/diarioavanzada.com.mx\/index.php?rest_route=%2Fwp%2Fv2%2Ftags&post=95320"}],"curies":[{"name":"wp","href":"https:\/\/api.w.org\/{rel}","templated":true}]}}