{"id":9526,"date":"2020-01-07T11:37:58","date_gmt":"2020-01-07T16:37:58","guid":{"rendered":"https:\/\/diarioavanzada.com.mx\/?p=9526"},"modified":"2020-01-07T11:38:00","modified_gmt":"2020-01-07T16:38:00","slug":"colimenses-pagaran-entre-4-y-5-mil-pesos-por-predial-agua-y-holograma","status":"publish","type":"post","link":"https:\/\/diarioavanzada.com.mx\/?p=9526","title":{"rendered":"Colimenses pagar\u00e1n entre 4 y 5 mil pesos por predial, agua y holograma"},"content":{"rendered":"\n<p class=\"wp-block-paragraph\">Colima, M\u00e9xico, Avanzada (07\/01\/2020).- Adem\u00e1s de los buenos deseos y las reuniones familiares y con amigos, el inicio de a\u00f1o trae consigo una serie de pagos que deber\u00e1n hacer los contribuyentes colimenses antes de que concluyan los primeros tres meses del a\u00f1o, si es que quieren aprovechar alguno de los descuentos que se ofrecen por el pago oportuno.<\/p>\n\n\n\n<p class=\"wp-block-paragraph\">En promedio, en el primer trimestre del a\u00f1o los colimenses pagar\u00e1n entre 4 mil y 5 mil pesos por el predial, el consumo de agua y el saneamiento de \u00e9sta, as\u00ed como el holograma vehicular.<\/p>\n\n\n\n<p class=\"wp-block-paragraph\">El pago de la tenencia ser\u00e1 subsidiado por el gobierno del Estado, siempre y cuando el contribuyente haya liquidado los pagos anteriores con el Ayuntamiento, el organismo operador de agua, y la receptor\u00eda de rentas.<\/p>\n\n\n\n<p class=\"wp-block-paragraph\">En la entidad, el holograma vehicular es uno de los m\u00e1s costos en comparaci\u00f3n con otras entidades del pa\u00eds.<\/p>\n\n\n\n<p class=\"wp-block-paragraph\">De igual forma, en el municipio de Villa de \u00c1lvarez, la proliferaci\u00f3n de fraccionamientos en zonas populares o en zonas&nbsp;con escasos servicios p\u00fablicos, increment\u00f3 el costo del predial para las familias que viven en estos lugares en detrimento de su situaci\u00f3n econ\u00f3mica.<\/p>\n\n\n\n<p class=\"wp-block-paragraph\">En contraste con los pagos que se deben realizar en el primer trimestre del a\u00f1o, al inicio de este 2020, 600 personas se quedaron sin empleo despu\u00e9s de que el gobierno del Estado rescindi\u00f3 del personal de contrato y algunos de confianza.<\/p>\n\n\n\n<p class=\"wp-block-paragraph\">A partir del 23 de diciembre, los empleados despedidos fueron notificados por parte de sus superiores.<\/p>\n\n\n\n<p class=\"wp-block-paragraph\">\u201cEstamos preocupados, tristes y desesperados porque no esper\u00e1bamos perder el empleo. No nos hab\u00edan dicho nada, y de pronto, iniciamos el a\u00f1o sin nada y con todos los pagos que tenemos que hacer y tan caro que nos cuesta todo en Colima\u201d dijo uno de los empleados despedidos de la secretar\u00eda de Cultura del gobierno del estado.<\/p>\n<div class=\"fb-background-color\">\n\t\t\t  <div \n\t\t\t  \tclass = \"fb-comments\" \n\t\t\t  \tdata-href = \"https:\/\/diarioavanzada.com.mx\/?p=9526\"\n\t\t\t  \tdata-numposts = \"10\"\n\t\t\t  \tdata-lazy = \"true\"\n\t\t\t\tdata-colorscheme = \"light\"\n\t\t\t\tdata-order-by = \"social\"\n\t\t\t\tdata-mobile=true>\n\t\t\t  <\/div><\/div>\n\t\t  <style>\n\t\t    .fb-background-color {\n\t\t\t\tbackground:  !important;\n\t\t\t}\n\t\t\t.fb_iframe_widget_fluid_desktop iframe {\n\t\t\t    width: 100% !important;\n\t\t\t}\n\t\t  <\/style>\n\t\t  ","protected":false},"excerpt":{"rendered":"<p>Colima, M\u00e9xico, Avanzada (07\/01\/2020).- Adem\u00e1s de los buenos deseos y las reuniones familiares y con amigos, el inicio de a\u00f1o trae consigo una serie de pagos que deber\u00e1n hacer los contribuyentes colimenses antes de que concluyan los primeros tres meses del a\u00f1o, si es que quieren aprovechar alguno de los descuentos que se ofrecen por [&hellip;]<\/p>\n","protected":false},"author":5,"featured_media":9527,"comment_status":"closed","ping_status":"closed","sticky":false,"template":"","format":"standard","meta":{"_coblocks_attr":"","_coblocks_dimensions":"","_coblocks_responsive_height":"","_coblocks_accordion_ie_support":"","_crdt_document":"","advanced_seo_description":"","jetpack_seo_html_title":"","jetpack_seo_noindex":false,"_jetpack_memberships_contains_paid_content":false,"footnotes":""},"categories":[19],"tags":[210],"class_list":["post-9526","post","type-post","status-publish","format-standard","has-post-thumbnail","hentry","category-colima","tag-portada"],"jetpack_featured_media_url":"https:\/\/diarioavanzada.com.mx\/wp-content\/uploads\/2020\/01\/Impuestos.jpg","jetpack-related-posts":[],"jetpack_sharing_enabled":true,"amp_enabled":true,"_links":{"self":[{"href":"https:\/\/diarioavanzada.com.mx\/index.php?rest_route=\/wp\/v2\/posts\/9526","targetHints":{"allow":["GET"]}}],"collection":[{"href":"https:\/\/diarioavanzada.com.mx\/index.php?rest_route=\/wp\/v2\/posts"}],"about":[{"href":"https:\/\/diarioavanzada.com.mx\/index.php?rest_route=\/wp\/v2\/types\/post"}],"author":[{"embeddable":true,"href":"https:\/\/diarioavanzada.com.mx\/index.php?rest_route=\/wp\/v2\/users\/5"}],"replies":[{"embeddable":true,"href":"https:\/\/diarioavanzada.com.mx\/index.php?rest_route=%2Fwp%2Fv2%2Fcomments&post=9526"}],"version-history":[{"count":0,"href":"https:\/\/diarioavanzada.com.mx\/index.php?rest_route=\/wp\/v2\/posts\/9526\/revisions"}],"wp:featuredmedia":[{"embeddable":true,"href":"https:\/\/diarioavanzada.com.mx\/index.php?rest_route=\/wp\/v2\/media\/9527"}],"wp:attachment":[{"href":"https:\/\/diarioavanzada.com.mx\/index.php?rest_route=%2Fwp%2Fv2%2Fmedia&parent=9526"}],"wp:term":[{"taxonomy":"category","embeddable":true,"href":"https:\/\/diarioavanzada.com.mx\/index.php?rest_route=%2Fwp%2Fv2%2Fcategories&post=9526"},{"taxonomy":"post_tag","embeddable":true,"href":"https:\/\/diarioavanzada.com.mx\/index.php?rest_route=%2Fwp%2Fv2%2Ftags&post=9526"}],"curies":[{"name":"wp","href":"https:\/\/api.w.org\/{rel}","templated":true}]}}