{"id":95078,"date":"2025-07-27T07:36:12","date_gmt":"2025-07-27T13:36:12","guid":{"rendered":"https:\/\/diarioavanzada.com.mx\/?p=95078"},"modified":"2025-07-27T07:37:27","modified_gmt":"2025-07-27T13:37:27","slug":"sheinbaum-anuncia-inversion-de-21-mil-mdp-para-fortalecer-imss-bienestar","status":"publish","type":"post","link":"https:\/\/diarioavanzada.com.mx\/?p=95078","title":{"rendered":"Sheinbaum anuncia inversi\u00f3n de 21 mil mdp para fortalecer IMSS Bienestar"},"content":{"rendered":"\n<p class=\"wp-block-paragraph\">M\u00e9xico, Avanzada (27\/07\/2025).- La presidenta Claudia Sheinbaum Pardo inform\u00f3 que su gobierno destinar\u00e1 21 mil millones de pesos entre 2025 y 2027 para consolidar el sistema IMSS Bienestar en M\u00e9xico. Los recursos se aplicar\u00e1n en la adquisici\u00f3n de equipo m\u00e9dico, construcci\u00f3n de hospitales y contrataci\u00f3n de personal especializado.<\/p>\n\n\n\n<p class=\"wp-block-paragraph\">El anuncio lo realiz\u00f3 desde Zacatecas, durante la supervisi\u00f3n de la nueva \u00e1rea de braquiterapia en la Unidad de Especialidades de Oncolog\u00eda del IMSS Bienestar en Guadalupe, donde concluy\u00f3 su tercera gira nacional enfocada en salud.<\/p>\n\n\n\n<p class=\"wp-block-paragraph\">\u201cEn todo el pa\u00eds se requieren 3 mil 300 equipos diversos; esos los vamos a empezar a comprar desde este a\u00f1o, desde monitores hasta aceleradores lineales para la atenci\u00f3n al c\u00e1ncer. Tambi\u00e9n se contemplan nuevos hospitales y la contrataci\u00f3n de mil m\u00e9dicos especialistas y mil 900 enfermeras\u201d, detall\u00f3 la mandataria.<\/p>\n\n\n\n<p class=\"wp-block-paragraph\">Sheinbaum explic\u00f3 que el objetivo es completar el sistema de salud del IMSS Bienestar en los pr\u00f3ximos tres a\u00f1os. Para Zacatecas se destinar\u00e1n 621 millones de pesos este a\u00f1o en equipamiento, adem\u00e1s de mil 100 millones para nuevos hospitales, incluyendo un Hospital de Especialidades del IMSS.<\/p>\n\n\n\n<p class=\"wp-block-paragraph\">La nueva \u00e1rea de braquiterapia, con una inversi\u00f3n superior a 33 millones de pesos, entrar\u00e1 en operaci\u00f3n en diciembre y contar\u00e1 con un acelerador lineal y un tom\u00f3grafo, lo que permitir\u00e1 atender al 80 por ciento de los pacientes con c\u00e1ncer en la regi\u00f3n.<\/p>\n\n\n\n<p class=\"wp-block-paragraph\">Por su parte, el director del IMSS Bienestar, Alejandro Svarch P\u00e9rez, precis\u00f3 que los recursos anunciados permitir\u00e1n renovar 209 equipos m\u00e9dicos en 17 hospitales y 29 quir\u00f3fanos, as\u00ed como la construcci\u00f3n de un nuevo Hospital General en Jalpa y la modernizaci\u00f3n de tres hospitales b\u00e1sicos comunitarios.<\/p>\n\n\n\n<p class=\"wp-block-paragraph\">El gobernador David Monreal \u00c1vila afirm\u00f3 que la obra se complementar\u00e1 con 40 centros de salud, 20 Unidades M\u00f3viles y ocho Unidades de Especialidades M\u00e9dicas para ampliar la cobertura estatal.<\/p>\n\n\n\n<p class=\"wp-block-paragraph\"><\/p>\n<div class=\"fb-background-color\">\n\t\t\t  <div \n\t\t\t  \tclass = \"fb-comments\" \n\t\t\t  \tdata-href = \"https:\/\/diarioavanzada.com.mx\/?p=95078\"\n\t\t\t  \tdata-numposts = \"10\"\n\t\t\t  \tdata-lazy = \"true\"\n\t\t\t\tdata-colorscheme = \"light\"\n\t\t\t\tdata-order-by = \"social\"\n\t\t\t\tdata-mobile=true>\n\t\t\t  <\/div><\/div>\n\t\t  <style>\n\t\t    .fb-background-color {\n\t\t\t\tbackground:  !important;\n\t\t\t}\n\t\t\t.fb_iframe_widget_fluid_desktop iframe {\n\t\t\t    width: 100% !important;\n\t\t\t}\n\t\t  <\/style>\n\t\t  ","protected":false},"excerpt":{"rendered":"<p>M\u00e9xico, Avanzada (27\/07\/2025).- La presidenta Claudia Sheinbaum Pardo inform\u00f3 que su gobierno destinar\u00e1 21 mil millones de pesos entre 2025 y 2027 para consolidar el sistema IMSS Bienestar en M\u00e9xico. Los recursos se aplicar\u00e1n en la adquisici\u00f3n de equipo m\u00e9dico, construcci\u00f3n de hospitales y contrataci\u00f3n de personal especializado. El anuncio lo realiz\u00f3 desde Zacatecas, durante [&hellip;]<\/p>\n","protected":false},"author":7,"featured_media":95077,"comment_status":"closed","ping_status":"closed","sticky":false,"template":"","format":"standard","meta":{"_coblocks_attr":"","_coblocks_dimensions":"","_coblocks_responsive_height":"","_coblocks_accordion_ie_support":"","_crdt_document":"","advanced_seo_description":"","jetpack_seo_html_title":"","jetpack_seo_noindex":false,"_jetpack_memberships_contains_paid_content":false,"footnotes":""},"categories":[209,22,7],"tags":[210],"class_list":["post-95078","post","type-post","status-publish","format-standard","has-post-thumbnail","hentry","category-importantes","category-nacion","category-noticias","tag-portada"],"jetpack_featured_media_url":"https:\/\/diarioavanzada.com.mx\/wp-content\/uploads\/2025\/07\/img_3703-1.jpg","jetpack-related-posts":[],"jetpack_sharing_enabled":true,"amp_enabled":true,"_links":{"self":[{"href":"https:\/\/diarioavanzada.com.mx\/index.php?rest_route=\/wp\/v2\/posts\/95078","targetHints":{"allow":["GET"]}}],"collection":[{"href":"https:\/\/diarioavanzada.com.mx\/index.php?rest_route=\/wp\/v2\/posts"}],"about":[{"href":"https:\/\/diarioavanzada.com.mx\/index.php?rest_route=\/wp\/v2\/types\/post"}],"author":[{"embeddable":true,"href":"https:\/\/diarioavanzada.com.mx\/index.php?rest_route=\/wp\/v2\/users\/7"}],"replies":[{"embeddable":true,"href":"https:\/\/diarioavanzada.com.mx\/index.php?rest_route=%2Fwp%2Fv2%2Fcomments&post=95078"}],"version-history":[{"count":1,"href":"https:\/\/diarioavanzada.com.mx\/index.php?rest_route=\/wp\/v2\/posts\/95078\/revisions"}],"predecessor-version":[{"id":95079,"href":"https:\/\/diarioavanzada.com.mx\/index.php?rest_route=\/wp\/v2\/posts\/95078\/revisions\/95079"}],"wp:featuredmedia":[{"embeddable":true,"href":"https:\/\/diarioavanzada.com.mx\/index.php?rest_route=\/wp\/v2\/media\/95077"}],"wp:attachment":[{"href":"https:\/\/diarioavanzada.com.mx\/index.php?rest_route=%2Fwp%2Fv2%2Fmedia&parent=95078"}],"wp:term":[{"taxonomy":"category","embeddable":true,"href":"https:\/\/diarioavanzada.com.mx\/index.php?rest_route=%2Fwp%2Fv2%2Fcategories&post=95078"},{"taxonomy":"post_tag","embeddable":true,"href":"https:\/\/diarioavanzada.com.mx\/index.php?rest_route=%2Fwp%2Fv2%2Ftags&post=95078"}],"curies":[{"name":"wp","href":"https:\/\/api.w.org\/{rel}","templated":true}]}}