{"id":95062,"date":"2025-07-26T22:19:22","date_gmt":"2025-07-27T04:19:22","guid":{"rendered":"https:\/\/diarioavanzada.com.mx\/?p=95062"},"modified":"2025-07-26T22:30:16","modified_gmt":"2025-07-27T04:30:16","slug":"tormenta-causa-inundaciones-y-danos-materiales-en-queseria-cuauhtemoc","status":"publish","type":"post","link":"https:\/\/diarioavanzada.com.mx\/?p=95062","title":{"rendered":"Tormenta causa inundaciones y da\u00f1os materiales en Queser\u00eda, Cuauht\u00e9moc"},"content":{"rendered":"\n<p class=\"p1 wp-block-paragraph\">Colima, M\u00e9xico, Avanzada (26\/07\/2025).- Una fuerte tormenta registrada la tarde de este s\u00e1bado afect\u00f3 a la comunidad de Queser\u00eda, en el municipio de Cuauht\u00e9moc, provocando inundaciones y diversos da\u00f1os materiales en viviendas, negocios y vialidades, adem\u00e1s del arrastre de veh\u00edculos. Autoridades reportaron que no hubo personas lesionadas.<\/p>\n\n\n\n<p class=\"p1 wp-block-paragraph\">Elementos de la Unidad Estatal de Protecci\u00f3n Civil (UEPC) se trasladaron al lugar para coordinar labores de atenci\u00f3n junto con la Unidad Municipal de Protecci\u00f3n Civil, la Secretar\u00eda de la Defensa Nacional (Sedena) y la Secretar\u00eda de Marina (Semar).<\/p>\n\n\n\n<p class=\"p1 wp-block-paragraph\">La UEPC inform\u00f3 que el nivel del agua ha disminuido, permitiendo iniciar la evaluaci\u00f3n de da\u00f1os y la asistencia a las familias afectadas. Asimismo, reiter\u00f3 el llamado a la poblaci\u00f3n a mantenerse atenta a los avisos oficiales y seguir las recomendaciones preventivas ante posibles lluvias intensas en las pr\u00f3ximas horas.<\/p>\n\n\n\n<figure class=\"wp-block-video\"><div class=\"wp-block-embed__wrapper\">\n<iframe title=\"VideoPress Video Player\" aria-label='VideoPress Video Player' width='562' height='1000' src='https:\/\/videopress.com\/embed\/uIgFCfHq?cover=1&amp;preloadContent=metadata&amp;useAverageColor=1&amp;hd=0' frameborder='0' allowfullscreen data-resize-to-parent=\"true\" allow='clipboard-write'><\/iframe><script src='https:\/\/v0.wordpress.com\/js\/next\/videopress-iframe.js?m=1739540970'><\/script>\n<\/div><\/figure>\n\n\n\n<p class=\"p1 wp-block-paragraph\"><\/p>\n\n\n\n<p class=\"p1 wp-block-paragraph\"><\/p>\n<div class=\"fb-background-color\">\n\t\t\t  <div \n\t\t\t  \tclass = \"fb-comments\" \n\t\t\t  \tdata-href = \"https:\/\/diarioavanzada.com.mx\/?p=95062\"\n\t\t\t  \tdata-numposts = \"10\"\n\t\t\t  \tdata-lazy = \"true\"\n\t\t\t\tdata-colorscheme = \"light\"\n\t\t\t\tdata-order-by = \"social\"\n\t\t\t\tdata-mobile=true>\n\t\t\t  <\/div><\/div>\n\t\t  <style>\n\t\t    .fb-background-color {\n\t\t\t\tbackground:  !important;\n\t\t\t}\n\t\t\t.fb_iframe_widget_fluid_desktop iframe {\n\t\t\t    width: 100% !important;\n\t\t\t}\n\t\t  <\/style>\n\t\t  ","protected":false},"excerpt":{"rendered":"<p>Colima, M\u00e9xico, Avanzada (26\/07\/2025).- Una fuerte tormenta registrada la tarde de este s\u00e1bado afect\u00f3 a la comunidad de Queser\u00eda, en el municipio de Cuauht\u00e9moc, provocando inundaciones y diversos da\u00f1os materiales en viviendas, negocios y vialidades, adem\u00e1s del arrastre de veh\u00edculos. Autoridades reportaron que no hubo personas lesionadas. Elementos de la Unidad Estatal de Protecci\u00f3n Civil [&hellip;]<\/p>\n","protected":false},"author":7,"featured_media":95061,"comment_status":"closed","ping_status":"closed","sticky":false,"template":"","format":"standard","meta":{"_coblocks_attr":"","_coblocks_dimensions":"","_coblocks_responsive_height":"","_coblocks_accordion_ie_support":"","_crdt_document":"","advanced_seo_description":"","jetpack_seo_html_title":"","jetpack_seo_noindex":false,"_jetpack_memberships_contains_paid_content":false,"footnotes":""},"categories":[19,209,231],"tags":[210],"class_list":["post-95062","post","type-post","status-publish","format-standard","has-post-thumbnail","hentry","category-colima","category-importantes","category-seguridad","tag-portada"],"jetpack_featured_media_url":"https:\/\/diarioavanzada.com.mx\/wp-content\/uploads\/2025\/07\/img_7530-1.jpg","jetpack-related-posts":[],"jetpack_sharing_enabled":true,"amp_enabled":true,"_links":{"self":[{"href":"https:\/\/diarioavanzada.com.mx\/index.php?rest_route=\/wp\/v2\/posts\/95062","targetHints":{"allow":["GET"]}}],"collection":[{"href":"https:\/\/diarioavanzada.com.mx\/index.php?rest_route=\/wp\/v2\/posts"}],"about":[{"href":"https:\/\/diarioavanzada.com.mx\/index.php?rest_route=\/wp\/v2\/types\/post"}],"author":[{"embeddable":true,"href":"https:\/\/diarioavanzada.com.mx\/index.php?rest_route=\/wp\/v2\/users\/7"}],"replies":[{"embeddable":true,"href":"https:\/\/diarioavanzada.com.mx\/index.php?rest_route=%2Fwp%2Fv2%2Fcomments&post=95062"}],"version-history":[{"count":2,"href":"https:\/\/diarioavanzada.com.mx\/index.php?rest_route=\/wp\/v2\/posts\/95062\/revisions"}],"predecessor-version":[{"id":95066,"href":"https:\/\/diarioavanzada.com.mx\/index.php?rest_route=\/wp\/v2\/posts\/95062\/revisions\/95066"}],"wp:featuredmedia":[{"embeddable":true,"href":"https:\/\/diarioavanzada.com.mx\/index.php?rest_route=\/wp\/v2\/media\/95061"}],"wp:attachment":[{"href":"https:\/\/diarioavanzada.com.mx\/index.php?rest_route=%2Fwp%2Fv2%2Fmedia&parent=95062"}],"wp:term":[{"taxonomy":"category","embeddable":true,"href":"https:\/\/diarioavanzada.com.mx\/index.php?rest_route=%2Fwp%2Fv2%2Fcategories&post=95062"},{"taxonomy":"post_tag","embeddable":true,"href":"https:\/\/diarioavanzada.com.mx\/index.php?rest_route=%2Fwp%2Fv2%2Ftags&post=95062"}],"curies":[{"name":"wp","href":"https:\/\/api.w.org\/{rel}","templated":true}]}}