{"id":95003,"date":"2025-07-26T09:00:36","date_gmt":"2025-07-26T15:00:36","guid":{"rendered":"https:\/\/diarioavanzada.com.mx\/?p=95003"},"modified":"2025-07-26T09:02:19","modified_gmt":"2025-07-26T15:02:19","slug":"con-la-mafia-no-se-juega-dijo-irma-fue-secuestrada-con-fines-de-extorsion-y-murio-de-un-infarto","status":"publish","type":"post","link":"https:\/\/diarioavanzada.com.mx\/?p=95003","title":{"rendered":"\u201cCon la mafia no se juega\u201d, dijo Irma; fue secuestrada con fines de extorsi\u00f3n y muri\u00f3 de un infarto"},"content":{"rendered":"\n<p class=\"p1 wp-block-paragraph\">Veracruz, M\u00e9xico, Avanzada (26\/07\/2025).- La violencia criminal en Veracruz cobr\u00f3 una nueva v\u00edctima: Irma Hern\u00e1ndez Cruz, una maestra jubilada de 62 a\u00f1os que conduc\u00eda un taxi para complementar su pensi\u00f3n, fue secuestrada y asesinada en el municipio de \u00c1lamo Temapache. Su caso ha despertado indignaci\u00f3n nacional y ha obligado a las autoridades estatales y federales a pronunciarse ante lo que consideran un crimen atroz ligado a redes de extorsi\u00f3n del crimen organizado.<\/p>\n\n\n\n<p class=\"p1 wp-block-paragraph\">Irma desapareci\u00f3 el 18 de julio mientras trabajaba en su taxi. Horas despu\u00e9s, se difundi\u00f3 un video en redes sociales donde, bajo evidente amenaza, advirti\u00f3 a otros conductores sobre las consecuencias de no pagar \u201ccuota\u201d a un grupo criminal. Seis d\u00edas despu\u00e9s, su cuerpo fue hallado en un rancho cercano al municipio de Tihuatl\u00e1n, en condiciones que apuntan a un fallecimiento provocado por el estr\u00e9s y la violencia sufrida durante el cautiverio.<\/p>\n\n\n\n<p class=\"p1 wp-block-paragraph\">El informe forense confirm\u00f3 que la causa de muerte fue un infarto, aunque la gobernadora de Veracruz, Roc\u00edo Nahle, reconoci\u00f3 que \u00e9ste fue consecuencia directa del secuestro. \u201cNo fue ejecutada, pero muri\u00f3 por lo que vivi\u00f3\u201d, declar\u00f3 Nahle, y asegur\u00f3 que se trat\u00f3 de un operativo cobarde por parte del crimen organizado que busca controlar el servicio de transporte mediante la intimidaci\u00f3n.<\/p>\n\n\n\n<p class=\"p1 wp-block-paragraph\">La presidenta de la Rep\u00fablica, Claudia Sheinbaum Pardo, tambi\u00e9n se pronunci\u00f3. Calific\u00f3 el caso como \u201cmuy lamentable\u201d y garantiz\u00f3 que no habr\u00e1 impunidad. \u201cEstamos colaborando con el gobierno estatal y con la Fiscal\u00eda de Veracruz desde el primer momento\u201d, afirm\u00f3 durante su conferencia matutina. Agreg\u00f3 que su administraci\u00f3n reforzar\u00e1 la estrategia nacional contra la extorsi\u00f3n, con \u00e9nfasis en sectores vulnerables como los transportistas.<\/p>\n\n\n\n<p class=\"p1 wp-block-paragraph\">La historia de Irma Hern\u00e1ndez se ha convertido en un s\u00edmbolo de la precariedad que enfrentan miles de personas mayores en M\u00e9xico, obligadas a seguir trabajando para sostenerse, aun a costa de su seguridad. En redes sociales, familiares, colegas y usuarios han exigido justicia, mientras organizaciones magisteriales y feministas han convocado movilizaciones en memoria de la docente.<\/p>\n\n\n\n<p class=\"p1 wp-block-paragraph\"><\/p>\n<div class=\"fb-background-color\">\n\t\t\t  <div \n\t\t\t  \tclass = \"fb-comments\" \n\t\t\t  \tdata-href = \"https:\/\/diarioavanzada.com.mx\/?p=95003\"\n\t\t\t  \tdata-numposts = \"10\"\n\t\t\t  \tdata-lazy = \"true\"\n\t\t\t\tdata-colorscheme = \"light\"\n\t\t\t\tdata-order-by = \"social\"\n\t\t\t\tdata-mobile=true>\n\t\t\t  <\/div><\/div>\n\t\t  <style>\n\t\t    .fb-background-color {\n\t\t\t\tbackground:  !important;\n\t\t\t}\n\t\t\t.fb_iframe_widget_fluid_desktop iframe {\n\t\t\t    width: 100% !important;\n\t\t\t}\n\t\t  <\/style>\n\t\t  ","protected":false},"excerpt":{"rendered":"<p>Veracruz, M\u00e9xico, Avanzada (26\/07\/2025).- La violencia criminal en Veracruz cobr\u00f3 una nueva v\u00edctima: Irma Hern\u00e1ndez Cruz, una maestra jubilada de 62 a\u00f1os que conduc\u00eda un taxi para complementar su pensi\u00f3n, fue secuestrada y asesinada en el municipio de \u00c1lamo Temapache. Su caso ha despertado indignaci\u00f3n nacional y ha obligado a las autoridades estatales y federales [&hellip;]<\/p>\n","protected":false},"author":7,"featured_media":95004,"comment_status":"closed","ping_status":"closed","sticky":false,"template":"","format":"standard","meta":{"_coblocks_attr":"","_coblocks_dimensions":"","_coblocks_responsive_height":"","_coblocks_accordion_ie_support":"","_crdt_document":"","advanced_seo_description":"","jetpack_seo_html_title":"","jetpack_seo_noindex":false,"_jetpack_memberships_contains_paid_content":false,"footnotes":""},"categories":[209,22,7,231],"tags":[210],"class_list":["post-95003","post","type-post","status-publish","format-standard","has-post-thumbnail","hentry","category-importantes","category-nacion","category-noticias","category-seguridad","tag-portada"],"jetpack_featured_media_url":"https:\/\/diarioavanzada.com.mx\/wp-content\/uploads\/2025\/07\/img_3712.jpg","jetpack-related-posts":[],"jetpack_sharing_enabled":true,"amp_enabled":true,"_links":{"self":[{"href":"https:\/\/diarioavanzada.com.mx\/index.php?rest_route=\/wp\/v2\/posts\/95003","targetHints":{"allow":["GET"]}}],"collection":[{"href":"https:\/\/diarioavanzada.com.mx\/index.php?rest_route=\/wp\/v2\/posts"}],"about":[{"href":"https:\/\/diarioavanzada.com.mx\/index.php?rest_route=\/wp\/v2\/types\/post"}],"author":[{"embeddable":true,"href":"https:\/\/diarioavanzada.com.mx\/index.php?rest_route=\/wp\/v2\/users\/7"}],"replies":[{"embeddable":true,"href":"https:\/\/diarioavanzada.com.mx\/index.php?rest_route=%2Fwp%2Fv2%2Fcomments&post=95003"}],"version-history":[{"count":1,"href":"https:\/\/diarioavanzada.com.mx\/index.php?rest_route=\/wp\/v2\/posts\/95003\/revisions"}],"predecessor-version":[{"id":95005,"href":"https:\/\/diarioavanzada.com.mx\/index.php?rest_route=\/wp\/v2\/posts\/95003\/revisions\/95005"}],"wp:featuredmedia":[{"embeddable":true,"href":"https:\/\/diarioavanzada.com.mx\/index.php?rest_route=\/wp\/v2\/media\/95004"}],"wp:attachment":[{"href":"https:\/\/diarioavanzada.com.mx\/index.php?rest_route=%2Fwp%2Fv2%2Fmedia&parent=95003"}],"wp:term":[{"taxonomy":"category","embeddable":true,"href":"https:\/\/diarioavanzada.com.mx\/index.php?rest_route=%2Fwp%2Fv2%2Fcategories&post=95003"},{"taxonomy":"post_tag","embeddable":true,"href":"https:\/\/diarioavanzada.com.mx\/index.php?rest_route=%2Fwp%2Fv2%2Ftags&post=95003"}],"curies":[{"name":"wp","href":"https:\/\/api.w.org\/{rel}","templated":true}]}}