{"id":94854,"date":"2025-07-24T09:39:10","date_gmt":"2025-07-24T15:39:10","guid":{"rendered":"https:\/\/diarioavanzada.com.mx\/?p=94854"},"modified":"2025-07-24T09:39:10","modified_gmt":"2025-07-24T15:39:10","slug":"la-indignacion-los-mueve-estudiantes-protestaran-por-el-asesinato-de-mirna-macias","status":"publish","type":"post","link":"https:\/\/diarioavanzada.com.mx\/?p=94854","title":{"rendered":"La indignaci\u00f3n los mueve: estudiantes protestar\u00e1n por el asesinato de Mirna Mac\u00edas"},"content":{"rendered":"\n<p class=\"s3 wp-block-paragraph\">Colima, M\u00e9xico, Avanzada (24\/07\/2025).-&nbsp;La indignaci\u00f3n por el asesinato de la activista y excandidata del PRD a la alcald\u00eda de Manzanillo, Mirna Mac\u00edas Gonz\u00e1lez, se extiende r\u00e1pidamente tanto en el estado de Colima como a nivel nacional, con organizaciones sociales, colectivos estudiantiles y legisladores exigiendo justicia y el esclarecimiento urgente del crimen.<\/p>\n\n\n\n<p class=\"s3 wp-block-paragraph\">El colectivo nacional Somos M\u00e9xico (Somos MX), del cual Mirna era integrante activa, calific\u00f3 el homicidio como un \u201casesinato pol\u00edtico\u201d y exigi\u00f3 al Gobierno de&nbsp;Colima&nbsp;y a la&nbsp;Fiscal\u00eda General&nbsp;del Estado (FGE) una investigaci\u00f3n a fondo y castigo ejemplar para los responsables.<\/p>\n\n\n\n<p class=\"s3 wp-block-paragraph\">\u201cSe trata de un asesinato pol\u00edtico dirigido a intimidar las luchas de mujeres que, como Mirna, asumen su papel como motores de cambio acompa\u00f1ando causas sociales y solidariz\u00e1ndose con la ciudadan\u00eda\u201d, expres\u00f3 el colectivo en un comunicado difundido este 23 de julio. Adem\u00e1s, record\u00f3 que Mac\u00edas Gonz\u00e1lez fue reconocida con el premio Mujer Sororal 2018, Edelmira Trejo Narv\u00e1ez, por su trabajo en las comunidades, y fue postulada como candidata del PRD a la presidencia municipal de Manzanillo.<\/p>\n\n\n\n<p class=\"s3 wp-block-paragraph\">La agrupaci\u00f3n&nbsp;tambi\u00e9n&nbsp;se\u00f1al\u00f3 directamente a la gobernadora Indira Vizca\u00edno Silva y al fiscal Bryant Alejandro Garc\u00eda Ram\u00edrez como responsables de garantizar que se investigue y castigue a los autores materiales e intelectuales del crimen: \u201cExigimos la investigaci\u00f3n, la detenci\u00f3n y el castigo a los culpables del asesinato de nuestra compa\u00f1era luchadora social, Mirna Mac\u00edas Gonz\u00e1lez\u201d.<\/p>\n\n\n\n<p class=\"s3 wp-block-paragraph\">&nbsp;<\/p>\n\n\n\n<p class=\"s3 wp-block-paragraph\">CONVOCAN A PROTESTA EN LA PLAZA DE LAS PERSONAS DESAPARECIDAS<\/p>\n\n\n\n<p class=\"s3 wp-block-paragraph\">En Colima capital, estudiantes y egresados de la Facultad de Ciencias Pol\u00edticas de la Universidad de Colima convocaron a una protesta p\u00fablica para exigir justicia por Mirna. La manifestaci\u00f3n se realizar\u00e1 el viernes 25 de julio a las 7:00 de la tarde en la Plaza de las Personas Desaparecidas, ubicada en el parque de la Piedra Lisa.<\/p>\n\n\n\n<p class=\"s3 wp-block-paragraph\">En su convocatoria, las y los j\u00f3venes se\u00f1alaron que \u201cnadie merece perder la vida por buscar el bien de su comunidad, por actuar con honestidad, o por hacer las cosas de forma distinta, sin malas pr\u00e1cticas\u201d, al tiempo que llamaron a la ciudadan\u00eda a sumarse para evitar que este tipo de cr\u00edmenes queden impunes.<\/p>\n\n\n\n<p class=\"s3 wp-block-paragraph\">&nbsp;<\/p>\n\n\n\n<p class=\"s3 wp-block-paragraph\">EL EXSENADOR \u00c1LVAREZ ICAZA EXIGE RESPUESTAS<\/p>\n\n\n\n<p class=\"s3 wp-block-paragraph\">Desde la Ciudad de M\u00e9xico, el&nbsp;exsenador Emilio \u00c1lvarez Icaza Longoria tambi\u00e9n se pronunci\u00f3 en redes sociales tras conocer el crimen. En su cuenta de X (antes Twitter), lament\u00f3 el asesinato de la activista y demand\u00f3 una acci\u00f3n inmediata por parte de las autoridades colimenses. \u201c\u00bfHasta cu\u00e1ndo seguiremos viendo c\u00f3mo se asesina impunemente a las mujeres que luchan por sus comunidades?\u201d, escribi\u00f3, exigiendo garant\u00edas para las defensoras de derechos humanos y activistas pol\u00edticas.<\/p>\n\n\n\n<p class=\"s3 wp-block-paragraph\">El asesinato de Mirna Mac\u00edas se suma a una preocupante ola de violencia pol\u00edtica contra mujeres en el pa\u00eds, especialmente contra aquellas que han participado en procesos electorales o movimientos sociales. Aunque la Fiscal\u00eda de Colima inform\u00f3 que investiga el caso con perspectiva de g\u00e9nero, colectivos y actores sociales advierten que esa declaraci\u00f3n debe traducirse en resultados tangibles y no en una simulaci\u00f3n institucional.<\/p>\n\n\n\n<p class=\"s3 wp-block-paragraph\">Mirna Mac\u00edas fue asesinada&nbsp;la ma\u00f1ana del&nbsp;mi\u00e9rcoles 23 de julio en El Colomo, Manzanillo, cuando se encontraba a bordo de su veh\u00edculo. Dos sujetos en motocicleta se acercaron y uno de ellos le dispar\u00f3 en m\u00faltiples ocasiones. La FGE abri\u00f3 una carpeta de investigaci\u00f3n y asegur\u00f3 que se encuentran analizando videos, recolectando testimonios y realizando diligencias en el lugar de los hechos.<\/p>\n<div class=\"fb-background-color\">\n\t\t\t  <div \n\t\t\t  \tclass = \"fb-comments\" \n\t\t\t  \tdata-href = \"https:\/\/diarioavanzada.com.mx\/?p=94854\"\n\t\t\t  \tdata-numposts = \"10\"\n\t\t\t  \tdata-lazy = \"true\"\n\t\t\t\tdata-colorscheme = \"light\"\n\t\t\t\tdata-order-by = \"social\"\n\t\t\t\tdata-mobile=true>\n\t\t\t  <\/div><\/div>\n\t\t  <style>\n\t\t    .fb-background-color {\n\t\t\t\tbackground:  !important;\n\t\t\t}\n\t\t\t.fb_iframe_widget_fluid_desktop iframe {\n\t\t\t    width: 100% !important;\n\t\t\t}\n\t\t  <\/style>\n\t\t  ","protected":false},"excerpt":{"rendered":"<p>Colima, M\u00e9xico, Avanzada (24\/07\/2025).-&nbsp;La indignaci\u00f3n por el asesinato de la activista y excandidata del PRD a la alcald\u00eda de Manzanillo, Mirna Mac\u00edas Gonz\u00e1lez, se extiende r\u00e1pidamente tanto en el estado de Colima como a nivel nacional, con organizaciones sociales, colectivos estudiantiles y legisladores exigiendo justicia y el esclarecimiento urgente del crimen. El colectivo nacional Somos [&hellip;]<\/p>\n","protected":false},"author":7,"featured_media":94873,"comment_status":"closed","ping_status":"closed","sticky":false,"template":"","format":"standard","meta":{"_coblocks_attr":"","_coblocks_dimensions":"","_coblocks_responsive_height":"","_coblocks_accordion_ie_support":"","_crdt_document":"","advanced_seo_description":"","jetpack_seo_html_title":"","jetpack_seo_noindex":false,"_jetpack_memberships_contains_paid_content":false,"footnotes":""},"categories":[19,209,7],"tags":[210],"class_list":["post-94854","post","type-post","status-publish","format-standard","has-post-thumbnail","hentry","category-colima","category-importantes","category-noticias","tag-portada"],"jetpack_featured_media_url":"https:\/\/diarioavanzada.com.mx\/wp-content\/uploads\/2025\/07\/img_7345-1.jpg","jetpack-related-posts":[],"jetpack_sharing_enabled":true,"amp_enabled":true,"_links":{"self":[{"href":"https:\/\/diarioavanzada.com.mx\/index.php?rest_route=\/wp\/v2\/posts\/94854","targetHints":{"allow":["GET"]}}],"collection":[{"href":"https:\/\/diarioavanzada.com.mx\/index.php?rest_route=\/wp\/v2\/posts"}],"about":[{"href":"https:\/\/diarioavanzada.com.mx\/index.php?rest_route=\/wp\/v2\/types\/post"}],"author":[{"embeddable":true,"href":"https:\/\/diarioavanzada.com.mx\/index.php?rest_route=\/wp\/v2\/users\/7"}],"replies":[{"embeddable":true,"href":"https:\/\/diarioavanzada.com.mx\/index.php?rest_route=%2Fwp%2Fv2%2Fcomments&post=94854"}],"version-history":[{"count":1,"href":"https:\/\/diarioavanzada.com.mx\/index.php?rest_route=\/wp\/v2\/posts\/94854\/revisions"}],"predecessor-version":[{"id":94874,"href":"https:\/\/diarioavanzada.com.mx\/index.php?rest_route=\/wp\/v2\/posts\/94854\/revisions\/94874"}],"wp:featuredmedia":[{"embeddable":true,"href":"https:\/\/diarioavanzada.com.mx\/index.php?rest_route=\/wp\/v2\/media\/94873"}],"wp:attachment":[{"href":"https:\/\/diarioavanzada.com.mx\/index.php?rest_route=%2Fwp%2Fv2%2Fmedia&parent=94854"}],"wp:term":[{"taxonomy":"category","embeddable":true,"href":"https:\/\/diarioavanzada.com.mx\/index.php?rest_route=%2Fwp%2Fv2%2Fcategories&post=94854"},{"taxonomy":"post_tag","embeddable":true,"href":"https:\/\/diarioavanzada.com.mx\/index.php?rest_route=%2Fwp%2Fv2%2Ftags&post=94854"}],"curies":[{"name":"wp","href":"https:\/\/api.w.org\/{rel}","templated":true}]}}