{"id":9461,"date":"2020-01-03T10:35:20","date_gmt":"2020-01-03T15:35:20","guid":{"rendered":"https:\/\/diarioavanzada.com.mx\/?p=9461"},"modified":"2020-01-03T10:46:15","modified_gmt":"2020-01-03T15:46:15","slug":"colima-adeuda-300-mdp-al-issste-por-impago-de-cuotas-de-los-trabajadores","status":"publish","type":"post","link":"https:\/\/diarioavanzada.com.mx\/?p=9461","title":{"rendered":"Colima adeuda 300 MDP al ISSSTE por impago de cuotas de los trabajadores"},"content":{"rendered":"\n<p class=\"wp-block-paragraph\">Colima, M\u00e9xico, Avanzada (03\/01\/2020).- El Gobierno de Colima, durante la mayor parte del sexenio de Mario Anguiano Moreno, no pag\u00f3 la cuota de cesant\u00eda, edad avanzada y vejez de los trabajadores de las Secretar\u00edas de Salud y Educaci\u00f3n, \u00a0lo que gener\u00f3 una deudo con el ISSSTE por m\u00e1s de 310 millones de pesos.<\/p>\n\n\n\n<p class=\"wp-block-paragraph\">Lo anterior se desprende del decreto 2015 que fue publicado en el peri\u00f3dico Oficial \u201cEl Estado de Colima\u201d el pasado 19 de diciembre y en el cual se reform\u00f3 un art\u00edculo del convenio donde la administraci\u00f3n que encabeza, Ignacio Peralta S\u00e1nchez reconoci\u00f3 el adeudo con el ISSSTE.<\/p>\n\n\n\n<p class=\"wp-block-paragraph\">En el documento publicado el 19 de diciembre del a\u00f1o pasado, se establece que desde el 2012, 2013, 2014, 2015, la administraci\u00f3n estatal no cubri\u00f3 la cuota de cesant\u00eda, edad avanzada y vejez de los trabajadores federalizados de Salud, principalmente.<\/p>\n\n\n\n<p class=\"wp-block-paragraph\">Por el adeudo de trabajadores de Salud se le deben al ISSSTE 160 millones 837 mil 233 pesos, correspondiente al 4 bimestre de 2012, 2013, 2014, 2015; y en cuanto a la coordinaci\u00f3n de Servicio Educativos el adeudo es 157 millones 377 mil 822 pesos relativos al 5 bimestre del 2013, y todos los bimestre de 2014.<\/p>\n\n\n\n<p class=\"wp-block-paragraph\">De igual forma se se\u00f1ala que una vez que la administraci\u00f3n estatal reconoci\u00f3 el adeudo, se debe otorgar una garant\u00eda de pago que podr\u00eda tomarse de las participaciones federales que le corresponden a Colima, lo que supondr\u00eda una afectaci\u00f3n a las finanzas estatales.<\/p>\n\n\n\n<p class=\"wp-block-paragraph\">El decreto de reforma que fue aprobado por los diputados locales, establece que pese al reconocimiento de pago, el documento publicado no debe entenderse como una especie de amnist\u00eda o perd\u00f3n para quien o quienes fueron los acusantes de que ese adeudo se generara.<\/p>\n\n\n\n<p class=\"wp-block-paragraph\">\u201cComo tampoco para quien aun sabi\u00e9ndolo al inicio de la Administraci\u00f3n P\u00fablica actual, nada hicieron al respecto, es decir, que aunque no existe en apariencia la omisi\u00f3n de pago por la administraci\u00f3n que encabeza Ignacio Peralta S\u00e1nchez, tanto \u00e9l como sus servidores p\u00fablicos debieron comunicar a las autoridades administrativas, o penales correspondientes, dicha &nbsp;situaci\u00f3n a efecto de sancionar o deslindar\u201d a aquellos que incurrieron en el impago.<\/p>\n\n\n\n<p class=\"wp-block-paragraph\">En el decreto, el Congreso establece que el gobierno de Colima deber\u00e1 remitir en un plazo m\u00e1ximo de 30 d\u00edas h\u00e1biles, los documentos que soporten que s\u00ed defendieron las cuotas de los trabajadores de Salud y Educaci\u00f3n.<\/p>\n<div class=\"fb-background-color\">\n\t\t\t  <div \n\t\t\t  \tclass = \"fb-comments\" \n\t\t\t  \tdata-href = \"https:\/\/diarioavanzada.com.mx\/?p=9461\"\n\t\t\t  \tdata-numposts = \"10\"\n\t\t\t  \tdata-lazy = \"true\"\n\t\t\t\tdata-colorscheme = \"light\"\n\t\t\t\tdata-order-by = \"social\"\n\t\t\t\tdata-mobile=true>\n\t\t\t  <\/div><\/div>\n\t\t  <style>\n\t\t    .fb-background-color {\n\t\t\t\tbackground:  !important;\n\t\t\t}\n\t\t\t.fb_iframe_widget_fluid_desktop iframe {\n\t\t\t    width: 100% !important;\n\t\t\t}\n\t\t  <\/style>\n\t\t  ","protected":false},"excerpt":{"rendered":"<p>Colima, M\u00e9xico, Avanzada (03\/01\/2020).- El Gobierno de Colima, durante la mayor parte del sexenio de Mario Anguiano Moreno, no pag\u00f3 la cuota de cesant\u00eda, edad avanzada y vejez de los trabajadores de las Secretar\u00edas de Salud y Educaci\u00f3n, \u00a0lo que gener\u00f3 una deudo con el ISSSTE por m\u00e1s de 310 millones de pesos. Lo anterior [&hellip;]<\/p>\n","protected":false},"author":5,"featured_media":9379,"comment_status":"closed","ping_status":"closed","sticky":false,"template":"","format":"standard","meta":{"_coblocks_attr":"","_coblocks_dimensions":"","_coblocks_responsive_height":"","_coblocks_accordion_ie_support":"","_crdt_document":"","advanced_seo_description":"","jetpack_seo_html_title":"","jetpack_seo_noindex":false,"_jetpack_memberships_contains_paid_content":false,"footnotes":""},"categories":[19],"tags":[210],"class_list":["post-9461","post","type-post","status-publish","format-standard","has-post-thumbnail","hentry","category-colima","tag-portada"],"jetpack_featured_media_url":"https:\/\/diarioavanzada.com.mx\/wp-content\/uploads\/2020\/01\/MAM-Y-JIPS.jpg","jetpack-related-posts":[],"jetpack_sharing_enabled":true,"amp_enabled":true,"_links":{"self":[{"href":"https:\/\/diarioavanzada.com.mx\/index.php?rest_route=\/wp\/v2\/posts\/9461","targetHints":{"allow":["GET"]}}],"collection":[{"href":"https:\/\/diarioavanzada.com.mx\/index.php?rest_route=\/wp\/v2\/posts"}],"about":[{"href":"https:\/\/diarioavanzada.com.mx\/index.php?rest_route=\/wp\/v2\/types\/post"}],"author":[{"embeddable":true,"href":"https:\/\/diarioavanzada.com.mx\/index.php?rest_route=\/wp\/v2\/users\/5"}],"replies":[{"embeddable":true,"href":"https:\/\/diarioavanzada.com.mx\/index.php?rest_route=%2Fwp%2Fv2%2Fcomments&post=9461"}],"version-history":[{"count":0,"href":"https:\/\/diarioavanzada.com.mx\/index.php?rest_route=\/wp\/v2\/posts\/9461\/revisions"}],"wp:featuredmedia":[{"embeddable":true,"href":"https:\/\/diarioavanzada.com.mx\/index.php?rest_route=\/wp\/v2\/media\/9379"}],"wp:attachment":[{"href":"https:\/\/diarioavanzada.com.mx\/index.php?rest_route=%2Fwp%2Fv2%2Fmedia&parent=9461"}],"wp:term":[{"taxonomy":"category","embeddable":true,"href":"https:\/\/diarioavanzada.com.mx\/index.php?rest_route=%2Fwp%2Fv2%2Fcategories&post=9461"},{"taxonomy":"post_tag","embeddable":true,"href":"https:\/\/diarioavanzada.com.mx\/index.php?rest_route=%2Fwp%2Fv2%2Ftags&post=9461"}],"curies":[{"name":"wp","href":"https:\/\/api.w.org\/{rel}","templated":true}]}}