{"id":94364,"date":"2025-07-18T17:49:30","date_gmt":"2025-07-18T23:49:30","guid":{"rendered":"https:\/\/diarioavanzada.com.mx\/?p=94364"},"modified":"2025-07-18T17:49:30","modified_gmt":"2025-07-18T23:49:30","slug":"pan-exige-investigar-vinculos-entre-gobiernos-de-morena-y-crimen-organizado","status":"publish","type":"post","link":"https:\/\/diarioavanzada.com.mx\/?p=94364","title":{"rendered":"PAN exige investigar v\u00ednculos entre gobiernos de Morena y crimen organizado"},"content":{"rendered":"\n<p class=\"p1 wp-block-paragraph\">M\u00e9xico, Avanzada (18\/07\/2025).- El Comit\u00e9 Ejecutivo Nacional del PAN y sus bancadas en el Congreso de la Uni\u00f3n expresaron su \u201cprofunda preocupaci\u00f3n\u201d ante lo que consideran una creciente evidencia de v\u00ednculos entre actores clave de Morena y el crimen organizado. Como ejemplo de ello, se\u00f1alaron el caso del exsecretario de Seguridad P\u00fablica de Tabasco, Hern\u00e1n Berm\u00fadez, actualmente pr\u00f3fugo de la justicia y presunto l\u00edder del grupo criminal \u201cLa Barredora\u201d.<\/p>\n\n\n\n<p class=\"p1 wp-block-paragraph\">\u201cEs inadmisible que, en un pa\u00eds golpeado por la violencia, la corrupci\u00f3n y la impunidad, quienes tienen la responsabilidad de garantizar la seguridad aparezcan relacionados con redes delictivas\u201d, se\u00f1al\u00f3 el blanquiazul en un comunicado.<\/p>\n\n\n\n<p class=\"p1 wp-block-paragraph\">El PAN destac\u00f3 que los v\u00ednculos criminales del exfuncionario eran conocidos desde antes de su nombramiento, tanto por autoridades locales como federales, incluidos el entonces gobernador de Tabasco, Ad\u00e1n Augusto L\u00f3pez, y el expresidente Andr\u00e9s Manuel L\u00f3pez Obrador. \u201cPese a esta informaci\u00f3n, no solo no fue removido, sino que se le permiti\u00f3 permanecer en el cargo mientras presuntamente lideraba la principal organizaci\u00f3n criminal del estado\u201d, denunciaron.<\/p>\n\n\n\n<p class=\"p1 wp-block-paragraph\">Adem\u00e1s, Acci\u00f3n Nacional record\u00f3 que en 2023 Morena acept\u00f3 su afiliaci\u00f3n partidista, y ahora, ante el esc\u00e1ndalo, intenta deslindarse con una \u201cpretendida expulsi\u00f3n\u201d sin asumir responsabilidad alguna.<\/p>\n\n\n\n<p class=\"p1 wp-block-paragraph\">En su pronunciamiento, el PAN exigi\u00f3 una investigaci\u00f3n a fondo no solo sobre las acciones del exsecretario, sino tambi\u00e9n sobre sus posibles v\u00ednculos con otros servidores p\u00fablicos, tanto superiores como subordinados. \u201cSe deben conocer las razones exactas que le permitieron su permanencia en el cargo\u201d, a\u00f1adieron.<\/p>\n\n\n\n<p class=\"p1 wp-block-paragraph\">El caso de Tabasco, advierten, no es aislado. Se\u00f1alaron patrones similares de encubrimiento en gobiernos de Morena en estados como Sinaloa, Tamaulipas y Baja California.<\/p>\n\n\n\n<p class=\"p1 wp-block-paragraph\">\u201cEl crimen organizado no podr\u00eda expandirse sin complicidad desde el poder. Es momento de defender a M\u00e9xico con firmeza y valent\u00eda\u201d, concluy\u00f3 el PAN, que reiter\u00f3 su llamado a realizar investigaciones imparciales, exhaustivas y con consecuencias legales claras para los responsables.<\/p>\n\n\n\n<p class=\"p1 wp-block-paragraph\"><\/p>\n<div class=\"fb-background-color\">\n\t\t\t  <div \n\t\t\t  \tclass = \"fb-comments\" \n\t\t\t  \tdata-href = \"https:\/\/diarioavanzada.com.mx\/?p=94364\"\n\t\t\t  \tdata-numposts = \"10\"\n\t\t\t  \tdata-lazy = \"true\"\n\t\t\t\tdata-colorscheme = \"light\"\n\t\t\t\tdata-order-by = \"social\"\n\t\t\t\tdata-mobile=true>\n\t\t\t  <\/div><\/div>\n\t\t  <style>\n\t\t    .fb-background-color {\n\t\t\t\tbackground:  !important;\n\t\t\t}\n\t\t\t.fb_iframe_widget_fluid_desktop iframe {\n\t\t\t    width: 100% !important;\n\t\t\t}\n\t\t  <\/style>\n\t\t  ","protected":false},"excerpt":{"rendered":"<p>M\u00e9xico, Avanzada (18\/07\/2025).- El Comit\u00e9 Ejecutivo Nacional del PAN y sus bancadas en el Congreso de la Uni\u00f3n expresaron su \u201cprofunda preocupaci\u00f3n\u201d ante lo que consideran una creciente evidencia de v\u00ednculos entre actores clave de Morena y el crimen organizado. Como ejemplo de ello, se\u00f1alaron el caso del exsecretario de Seguridad P\u00fablica de Tabasco, Hern\u00e1n [&hellip;]<\/p>\n","protected":false},"author":7,"featured_media":94365,"comment_status":"closed","ping_status":"closed","sticky":false,"template":"","format":"standard","meta":{"_coblocks_attr":"","_coblocks_dimensions":"","_coblocks_responsive_height":"","_coblocks_accordion_ie_support":"","_crdt_document":"","advanced_seo_description":"","jetpack_seo_html_title":"","jetpack_seo_noindex":false,"_jetpack_memberships_contains_paid_content":false,"footnotes":""},"categories":[209,22,7],"tags":[210],"class_list":["post-94364","post","type-post","status-publish","format-standard","has-post-thumbnail","hentry","category-importantes","category-nacion","category-noticias","tag-portada"],"jetpack_featured_media_url":"https:\/\/diarioavanzada.com.mx\/wp-content\/uploads\/2025\/07\/img_3629-1.jpg","jetpack-related-posts":[],"jetpack_sharing_enabled":true,"amp_enabled":true,"_links":{"self":[{"href":"https:\/\/diarioavanzada.com.mx\/index.php?rest_route=\/wp\/v2\/posts\/94364","targetHints":{"allow":["GET"]}}],"collection":[{"href":"https:\/\/diarioavanzada.com.mx\/index.php?rest_route=\/wp\/v2\/posts"}],"about":[{"href":"https:\/\/diarioavanzada.com.mx\/index.php?rest_route=\/wp\/v2\/types\/post"}],"author":[{"embeddable":true,"href":"https:\/\/diarioavanzada.com.mx\/index.php?rest_route=\/wp\/v2\/users\/7"}],"replies":[{"embeddable":true,"href":"https:\/\/diarioavanzada.com.mx\/index.php?rest_route=%2Fwp%2Fv2%2Fcomments&post=94364"}],"version-history":[{"count":1,"href":"https:\/\/diarioavanzada.com.mx\/index.php?rest_route=\/wp\/v2\/posts\/94364\/revisions"}],"predecessor-version":[{"id":94366,"href":"https:\/\/diarioavanzada.com.mx\/index.php?rest_route=\/wp\/v2\/posts\/94364\/revisions\/94366"}],"wp:featuredmedia":[{"embeddable":true,"href":"https:\/\/diarioavanzada.com.mx\/index.php?rest_route=\/wp\/v2\/media\/94365"}],"wp:attachment":[{"href":"https:\/\/diarioavanzada.com.mx\/index.php?rest_route=%2Fwp%2Fv2%2Fmedia&parent=94364"}],"wp:term":[{"taxonomy":"category","embeddable":true,"href":"https:\/\/diarioavanzada.com.mx\/index.php?rest_route=%2Fwp%2Fv2%2Fcategories&post=94364"},{"taxonomy":"post_tag","embeddable":true,"href":"https:\/\/diarioavanzada.com.mx\/index.php?rest_route=%2Fwp%2Fv2%2Ftags&post=94364"}],"curies":[{"name":"wp","href":"https:\/\/api.w.org\/{rel}","templated":true}]}}