{"id":94359,"date":"2025-07-18T16:51:54","date_gmt":"2025-07-18T22:51:54","guid":{"rendered":"https:\/\/diarioavanzada.com.mx\/?p=94359"},"modified":"2025-07-18T16:53:27","modified_gmt":"2025-07-18T22:53:27","slug":"sheinbaum-sugiere-que-adan-augusto-de-su-version-sobre-hernan-bermudez","status":"publish","type":"post","link":"https:\/\/diarioavanzada.com.mx\/?p=94359","title":{"rendered":"Sheinbaum sugiere que Ad\u00e1n Augusto informe sobre Hern\u00e1n Berm\u00fadez"},"content":{"rendered":"\n<p class=\"p1 wp-block-paragraph\">M\u00e9xico, Avanzada (18\/07\/2025).- La presidenta de M\u00e9xico, Claudia Sheinbaum Pardo, afirm\u00f3 que el gobierno federal no encubrir\u00e1 a nadie en el caso que involucra a Hern\u00e1n Berm\u00fadez, exsecretario de Seguridad de Tabasco, investigado por presuntos v\u00ednculos con el crimen organizado, y consider\u00f3 que el senador Ad\u00e1n Augusto L\u00f3pez Hern\u00e1ndez deber\u00eda ofrecer p\u00fablicamente su versi\u00f3n de los hechos.<\/p>\n\n\n\n<p class=\"p1 wp-block-paragraph\">Cuestionada sobre si esta situaci\u00f3n representa un costo pol\u00edtico para su administraci\u00f3n, Sheinbaum lo descart\u00f3 tajantemente: \u201cNo, no lo creo. La Fiscal\u00eda investiga y lo que lleven en las investigaciones de la Fiscal\u00eda\u201d.<\/p>\n\n\n\n<p class=\"p1 wp-block-paragraph\">La mandataria resalt\u00f3 que durante la gesti\u00f3n de L\u00f3pez Hern\u00e1ndez como gobernador de Tabasco \u201cbaj\u00f3 much\u00edsimo los niveles de inseguridad, los homicidios cayeron de manera muy importante\u201d, y sugiri\u00f3 que el pr\u00f3ximo martes el Gabinete de Seguridad podr\u00eda proporcionar un informe detallado con fechas y antecedentes sobre el caso.<\/p>\n\n\n\n<p class=\"p1 wp-block-paragraph\">Sheinbaum reiter\u00f3 que no existe intenci\u00f3n de proteger a nadie y sostuvo que la Fiscal\u00eda debe continuar con sus pesquisas y llegar a sus propias conclusiones. Sin embargo, insisti\u00f3 en la necesidad de que el exgobernador hable p\u00fablicamente sobre su relaci\u00f3n con el exfuncionario investigado: \u201cSer\u00eda muy bueno que \u00e9l diera su versi\u00f3n para que la gente conociera tambi\u00e9n: qu\u00e9 fue lo que \u00e9l vivi\u00f3 como gobernador, qu\u00e9 fue lo que vivi\u00f3 con esta persona, cu\u00e1les fueron sus resultados\u201d.<\/p>\n\n\n\n<p class=\"p1 wp-block-paragraph\"><\/p>\n<div class=\"fb-background-color\">\n\t\t\t  <div \n\t\t\t  \tclass = \"fb-comments\" \n\t\t\t  \tdata-href = \"https:\/\/diarioavanzada.com.mx\/?p=94359\"\n\t\t\t  \tdata-numposts = \"10\"\n\t\t\t  \tdata-lazy = \"true\"\n\t\t\t\tdata-colorscheme = \"light\"\n\t\t\t\tdata-order-by = \"social\"\n\t\t\t\tdata-mobile=true>\n\t\t\t  <\/div><\/div>\n\t\t  <style>\n\t\t    .fb-background-color {\n\t\t\t\tbackground:  !important;\n\t\t\t}\n\t\t\t.fb_iframe_widget_fluid_desktop iframe {\n\t\t\t    width: 100% !important;\n\t\t\t}\n\t\t  <\/style>\n\t\t  ","protected":false},"excerpt":{"rendered":"<p>M\u00e9xico, Avanzada (18\/07\/2025).- La presidenta de M\u00e9xico, Claudia Sheinbaum Pardo, afirm\u00f3 que el gobierno federal no encubrir\u00e1 a nadie en el caso que involucra a Hern\u00e1n Berm\u00fadez, exsecretario de Seguridad de Tabasco, investigado por presuntos v\u00ednculos con el crimen organizado, y consider\u00f3 que el senador Ad\u00e1n Augusto L\u00f3pez Hern\u00e1ndez deber\u00eda ofrecer p\u00fablicamente su versi\u00f3n de [&hellip;]<\/p>\n","protected":false},"author":7,"featured_media":94358,"comment_status":"closed","ping_status":"closed","sticky":false,"template":"","format":"standard","meta":{"_coblocks_attr":"","_coblocks_dimensions":"","_coblocks_responsive_height":"","_coblocks_accordion_ie_support":"","_crdt_document":"","advanced_seo_description":"","jetpack_seo_html_title":"","jetpack_seo_noindex":false,"_jetpack_memberships_contains_paid_content":false,"footnotes":""},"categories":[209,22,7,231],"tags":[210],"class_list":["post-94359","post","type-post","status-publish","format-standard","has-post-thumbnail","hentry","category-importantes","category-nacion","category-noticias","category-seguridad","tag-portada"],"jetpack_featured_media_url":"https:\/\/diarioavanzada.com.mx\/wp-content\/uploads\/2025\/07\/img_6953-1.jpg","jetpack-related-posts":[],"jetpack_sharing_enabled":true,"amp_enabled":true,"_links":{"self":[{"href":"https:\/\/diarioavanzada.com.mx\/index.php?rest_route=\/wp\/v2\/posts\/94359","targetHints":{"allow":["GET"]}}],"collection":[{"href":"https:\/\/diarioavanzada.com.mx\/index.php?rest_route=\/wp\/v2\/posts"}],"about":[{"href":"https:\/\/diarioavanzada.com.mx\/index.php?rest_route=\/wp\/v2\/types\/post"}],"author":[{"embeddable":true,"href":"https:\/\/diarioavanzada.com.mx\/index.php?rest_route=\/wp\/v2\/users\/7"}],"replies":[{"embeddable":true,"href":"https:\/\/diarioavanzada.com.mx\/index.php?rest_route=%2Fwp%2Fv2%2Fcomments&post=94359"}],"version-history":[{"count":1,"href":"https:\/\/diarioavanzada.com.mx\/index.php?rest_route=\/wp\/v2\/posts\/94359\/revisions"}],"predecessor-version":[{"id":94360,"href":"https:\/\/diarioavanzada.com.mx\/index.php?rest_route=\/wp\/v2\/posts\/94359\/revisions\/94360"}],"wp:featuredmedia":[{"embeddable":true,"href":"https:\/\/diarioavanzada.com.mx\/index.php?rest_route=\/wp\/v2\/media\/94358"}],"wp:attachment":[{"href":"https:\/\/diarioavanzada.com.mx\/index.php?rest_route=%2Fwp%2Fv2%2Fmedia&parent=94359"}],"wp:term":[{"taxonomy":"category","embeddable":true,"href":"https:\/\/diarioavanzada.com.mx\/index.php?rest_route=%2Fwp%2Fv2%2Fcategories&post=94359"},{"taxonomy":"post_tag","embeddable":true,"href":"https:\/\/diarioavanzada.com.mx\/index.php?rest_route=%2Fwp%2Fv2%2Ftags&post=94359"}],"curies":[{"name":"wp","href":"https:\/\/api.w.org\/{rel}","templated":true}]}}