{"id":94235,"date":"2025-07-17T17:47:49","date_gmt":"2025-07-17T23:47:49","guid":{"rendered":"https:\/\/diarioavanzada.com.mx\/?p=94235"},"modified":"2025-07-17T17:49:09","modified_gmt":"2025-07-17T23:49:09","slug":"denuncian-reuniones-secretas-para-imponer-proyecto-de-presa-milpillas-en-zacatecas","status":"publish","type":"post","link":"https:\/\/diarioavanzada.com.mx\/?p=94235","title":{"rendered":"Denuncian reuniones secretas para imponer proyecto de presa Milpillas en Zacatecas"},"content":{"rendered":"\n<p class=\"p1 wp-block-paragraph\">Zacatecas, M\u00e9xico, Avanzada (17\/07\/2025).- Integrantes del Movimiento en Defensa del Territorio y el R\u00edo Atenco, junto con organizaciones como la Red Mexicana de Afectadas\/os por la Miner\u00eda (REMA) y el Observatorio de Conflictos Mineros de Zacatecas, denunciaron que autoridades de los tres niveles de gobierno est\u00e1n realizando reuniones privadas y sin convocatoria p\u00fablica para avanzar en la imposici\u00f3n del proyecto de la presa Milpillas, en el estado de Zacatecas.<\/p>\n\n\n\n<p class=\"p1 wp-block-paragraph\">De acuerdo con el pronunciamiento difundido por estas organizaciones, el pasado 15 de julio se llev\u00f3 a cabo una reuni\u00f3n en el sal\u00f3n de Cabildo del Ayuntamiento de Jim\u00e9nez del Te\u00fal, donde participaron funcionarios federales, estatales y municipales, entre ellos el presidente municipal Daniel Cisneros Esparza, la secretaria del Agua y Medio Ambiente Susana Rodr\u00edguez M\u00e1rquez, as\u00ed como representantes de la CONAGUA y la Procuradur\u00eda Agraria.<\/p>\n\n\n\n<p class=\"p1 wp-block-paragraph\">El encuentro, seg\u00fan el movimiento, no fue anunciado p\u00fablicamente y gener\u00f3 sospechas por la presencia inusual de camionetas de la polic\u00eda estatal. Comuneros que se acercaron a la sede municipal se\u00f1alaron que fueron excluidos deliberadamente, al igual que algunos regidores, lo que consideran una estrategia para evitar la visibilizaci\u00f3n del rechazo comunitario al proyecto.<\/p>\n\n\n\n<p class=\"p1 wp-block-paragraph\">Las organizaciones afirman que estas reuniones tienen como prop\u00f3sito dise\u00f1ar y coordinar estrategias de persuasi\u00f3n y control social para simular una aceptaci\u00f3n del proyecto, a pesar de que las comunidades afectadas llevan casi una d\u00e9cada expresando su oposici\u00f3n. Denuncian tambi\u00e9n el uso de apoyos sociales condicionados como m\u00e9todo de coacci\u00f3n para obtener el consentimiento de los n\u00facleos agrarios.<\/p>\n\n\n\n<p class=\"p1 wp-block-paragraph\">\u201cEl proyecto Milpillas no resolver\u00e1 la escasez de agua; por el contrario, agravar\u00e1 el estr\u00e9s h\u00eddrico, incrementar\u00e1 emisiones de gases de efecto invernadero y destruir\u00e1 ecosistemas de los que dependemos\u201d, advierte el comunicado.<\/p>\n\n\n\n<p class=\"p1 wp-block-paragraph\">Los firmantes consideran inadmisible que se destinen recursos p\u00fablicos a lo que califican como una \u201csimulaci\u00f3n\u201d y acusan a las autoridades de actuar en funci\u00f3n de intereses empresariales, en detrimento de las comunidades rurales.<\/p>\n\n\n\n<p class=\"p1 wp-block-paragraph\">Finalmente, hicieron un llamado a los medios de comunicaci\u00f3n, a la ciudadan\u00eda y a las autoridades a no ignorar la decisi\u00f3n que ya han tomado las comunidades: rechazar la presa Milpillas.<\/p>\n\n\n\n<p class=\"p1 wp-block-paragraph\"><\/p>\n\n\n\n<p class=\"p1 wp-block-paragraph\"><\/p>\n<div class=\"fb-background-color\">\n\t\t\t  <div \n\t\t\t  \tclass = \"fb-comments\" \n\t\t\t  \tdata-href = \"https:\/\/diarioavanzada.com.mx\/?p=94235\"\n\t\t\t  \tdata-numposts = \"10\"\n\t\t\t  \tdata-lazy = \"true\"\n\t\t\t\tdata-colorscheme = \"light\"\n\t\t\t\tdata-order-by = \"social\"\n\t\t\t\tdata-mobile=true>\n\t\t\t  <\/div><\/div>\n\t\t  <style>\n\t\t    .fb-background-color {\n\t\t\t\tbackground:  !important;\n\t\t\t}\n\t\t\t.fb_iframe_widget_fluid_desktop iframe {\n\t\t\t    width: 100% !important;\n\t\t\t}\n\t\t  <\/style>\n\t\t  ","protected":false},"excerpt":{"rendered":"<p>Zacatecas, M\u00e9xico, Avanzada (17\/07\/2025).- Integrantes del Movimiento en Defensa del Territorio y el R\u00edo Atenco, junto con organizaciones como la Red Mexicana de Afectadas\/os por la Miner\u00eda (REMA) y el Observatorio de Conflictos Mineros de Zacatecas, denunciaron que autoridades de los tres niveles de gobierno est\u00e1n realizando reuniones privadas y sin convocatoria p\u00fablica para avanzar [&hellip;]<\/p>\n","protected":false},"author":7,"featured_media":94239,"comment_status":"closed","ping_status":"closed","sticky":false,"template":"","format":"standard","meta":{"_coblocks_attr":"","_coblocks_dimensions":"","_coblocks_responsive_height":"","_coblocks_accordion_ie_support":"","_crdt_document":"","advanced_seo_description":"","jetpack_seo_html_title":"","jetpack_seo_noindex":false,"_jetpack_memberships_contains_paid_content":false,"footnotes":""},"categories":[209,22,7],"tags":[210],"class_list":["post-94235","post","type-post","status-publish","format-standard","has-post-thumbnail","hentry","category-importantes","category-nacion","category-noticias","tag-portada"],"jetpack_featured_media_url":"https:\/\/diarioavanzada.com.mx\/wp-content\/uploads\/2025\/07\/img_3606-1.jpg","jetpack-related-posts":[],"jetpack_sharing_enabled":true,"amp_enabled":true,"_links":{"self":[{"href":"https:\/\/diarioavanzada.com.mx\/index.php?rest_route=\/wp\/v2\/posts\/94235","targetHints":{"allow":["GET"]}}],"collection":[{"href":"https:\/\/diarioavanzada.com.mx\/index.php?rest_route=\/wp\/v2\/posts"}],"about":[{"href":"https:\/\/diarioavanzada.com.mx\/index.php?rest_route=\/wp\/v2\/types\/post"}],"author":[{"embeddable":true,"href":"https:\/\/diarioavanzada.com.mx\/index.php?rest_route=\/wp\/v2\/users\/7"}],"replies":[{"embeddable":true,"href":"https:\/\/diarioavanzada.com.mx\/index.php?rest_route=%2Fwp%2Fv2%2Fcomments&post=94235"}],"version-history":[{"count":2,"href":"https:\/\/diarioavanzada.com.mx\/index.php?rest_route=\/wp\/v2\/posts\/94235\/revisions"}],"predecessor-version":[{"id":94241,"href":"https:\/\/diarioavanzada.com.mx\/index.php?rest_route=\/wp\/v2\/posts\/94235\/revisions\/94241"}],"wp:featuredmedia":[{"embeddable":true,"href":"https:\/\/diarioavanzada.com.mx\/index.php?rest_route=\/wp\/v2\/media\/94239"}],"wp:attachment":[{"href":"https:\/\/diarioavanzada.com.mx\/index.php?rest_route=%2Fwp%2Fv2%2Fmedia&parent=94235"}],"wp:term":[{"taxonomy":"category","embeddable":true,"href":"https:\/\/diarioavanzada.com.mx\/index.php?rest_route=%2Fwp%2Fv2%2Fcategories&post=94235"},{"taxonomy":"post_tag","embeddable":true,"href":"https:\/\/diarioavanzada.com.mx\/index.php?rest_route=%2Fwp%2Fv2%2Ftags&post=94235"}],"curies":[{"name":"wp","href":"https:\/\/api.w.org\/{rel}","templated":true}]}}