{"id":93992,"date":"2025-07-15T12:10:27","date_gmt":"2025-07-15T18:10:27","guid":{"rendered":"https:\/\/diarioavanzada.com.mx\/?p=93992"},"modified":"2025-07-15T12:10:27","modified_gmt":"2025-07-15T18:10:27","slug":"morena-representa-un-narcogobierno-pri-colima","status":"publish","type":"post","link":"https:\/\/diarioavanzada.com.mx\/?p=93992","title":{"rendered":"\u201cMorena representa un narcogobierno\u201d: PRI Colima"},"content":{"rendered":"\n<p class=\"p1 wp-block-paragraph\">Colima, M\u00e9xico, Avanzada (15\/07\/2025).- El dirigente estatal del PRI en Colima, Enrique Rojas Orozco, afirm\u00f3 este lunes que Morena representa un \u201cnarcogobierno\u201d, al ser cuestionado sobre las recientes declaraciones del abogado de Ovidio Guzm\u00e1n, quien desestim\u00f3 la participaci\u00f3n del gobierno mexicano en el acuerdo judicial de su cliente con autoridades de Estados Unidos.<\/p>\n\n\n\n<p class=\"p1 wp-block-paragraph\">\u201cNosotros hemos dicho desde el principio, en concordancia con el Comit\u00e9 Ejecutivo Nacional, que tristemente Morena representa un narcogobierno\u201d, expres\u00f3 Rojas Orozco. A\u00f1adi\u00f3 que esta no es una postura exclusiva del PRI, sino que tambi\u00e9n ha sido sostenida por legisladores y funcionarios del propio gobierno estadounidense.<\/p>\n\n\n\n<p class=\"p1 wp-block-paragraph\">El dirigente tricolor consider\u00f3 que la preocupaci\u00f3n del gobierno federal por las declaraciones del abogado Jeffrey Lichtman refleja un nerviosismo leg\u00edtimo: \u201cEst\u00e1n enredados en debatirle al abogado de un capo que est\u00e1 detenido en Estados Unidos y que les preocupa mucho la informaci\u00f3n que \u00e9l pueda revelar\u201d.<\/p>\n\n\n\n<p class=\"p1 wp-block-paragraph\">La semana pasada, Lichtman \u2014abogado defensor de Ovidio Guzm\u00e1n L\u00f3pez, hijo de Joaqu\u00edn \u201cEl Chapo\u201d Guzm\u00e1n\u2014 declar\u00f3 tras una audiencia en Chicago que \u201ces absurdo\u201d pensar que M\u00e9xico haya participado en el acuerdo de culpabilidad firmado entre su cliente y el Departamento de Justicia de E.U., e hizo referencia al caso del general Salvador Cienfuegos para argumentar que las autoridades mexicanas no tienen cabida en decisiones judiciales de esa naturaleza.<\/p>\n\n\n\n<p class=\"p1 wp-block-paragraph\">Por su parte, la Fiscal\u00eda General de la Rep\u00fablica (FGR) respondi\u00f3 a estas afirmaciones calific\u00e1ndolas como \u201cinjustas\u201d y motivadas por el \u201coportunismo medi\u00e1tico\u201d. Defendi\u00f3 la legalidad del proceso de extradici\u00f3n de Ovidio Guzm\u00e1n y destac\u00f3 la p\u00e9rdida de diez militares mexicanos durante el operativo de captura en enero de 2023.<\/p>\n\n\n\n<p class=\"p1 wp-block-paragraph\">El se\u00f1alamiento del PRI sobre la presunta vinculaci\u00f3n entre gobiernos emanados de Morena y el crimen organizado revive un tema que ha estado presente de forma intermitente en el debate pol\u00edtico nacional, especialmente cuando actores internacionales o casos judiciales en E.U. involucran a figuras del narcotr\u00e1fico.<\/p>\n\n\n\n<p class=\"p1 wp-block-paragraph\">Copete:<\/p>\n\n\n\n<p class=\"p1 wp-block-paragraph\">El PRI en Colima calific\u00f3 a Morena como un \u201cnarcogobierno\u201d, citando posturas de autoridades estadounidenses y se\u00f1alando que al gobierno federal le preocupa lo que Ovidio Guzm\u00e1n podr\u00eda revelar en su cooperaci\u00f3n con la justicia de E.U.<\/p>\n<div class=\"fb-background-color\">\n\t\t\t  <div \n\t\t\t  \tclass = \"fb-comments\" \n\t\t\t  \tdata-href = \"https:\/\/diarioavanzada.com.mx\/?p=93992\"\n\t\t\t  \tdata-numposts = \"10\"\n\t\t\t  \tdata-lazy = \"true\"\n\t\t\t\tdata-colorscheme = \"light\"\n\t\t\t\tdata-order-by = \"social\"\n\t\t\t\tdata-mobile=true>\n\t\t\t  <\/div><\/div>\n\t\t  <style>\n\t\t    .fb-background-color {\n\t\t\t\tbackground:  !important;\n\t\t\t}\n\t\t\t.fb_iframe_widget_fluid_desktop iframe {\n\t\t\t    width: 100% !important;\n\t\t\t}\n\t\t  <\/style>\n\t\t  ","protected":false},"excerpt":{"rendered":"<p>Colima, M\u00e9xico, Avanzada (15\/07\/2025).- El dirigente estatal del PRI en Colima, Enrique Rojas Orozco, afirm\u00f3 este lunes que Morena representa un \u201cnarcogobierno\u201d, al ser cuestionado sobre las recientes declaraciones del abogado de Ovidio Guzm\u00e1n, quien desestim\u00f3 la participaci\u00f3n del gobierno mexicano en el acuerdo judicial de su cliente con autoridades de Estados Unidos. \u201cNosotros hemos [&hellip;]<\/p>\n","protected":false},"author":7,"featured_media":93989,"comment_status":"closed","ping_status":"closed","sticky":false,"template":"","format":"standard","meta":{"_coblocks_attr":"","_coblocks_dimensions":"","_coblocks_responsive_height":"","_coblocks_accordion_ie_support":"","_crdt_document":"","advanced_seo_description":"","jetpack_seo_html_title":"","jetpack_seo_noindex":false,"_jetpack_memberships_contains_paid_content":false,"footnotes":""},"categories":[19,209,7],"tags":[210],"class_list":["post-93992","post","type-post","status-publish","format-standard","has-post-thumbnail","hentry","category-colima","category-importantes","category-noticias","tag-portada"],"jetpack_featured_media_url":"https:\/\/diarioavanzada.com.mx\/wp-content\/uploads\/2025\/07\/img_3488-1.jpg","jetpack-related-posts":[],"jetpack_sharing_enabled":true,"amp_enabled":true,"_links":{"self":[{"href":"https:\/\/diarioavanzada.com.mx\/index.php?rest_route=\/wp\/v2\/posts\/93992","targetHints":{"allow":["GET"]}}],"collection":[{"href":"https:\/\/diarioavanzada.com.mx\/index.php?rest_route=\/wp\/v2\/posts"}],"about":[{"href":"https:\/\/diarioavanzada.com.mx\/index.php?rest_route=\/wp\/v2\/types\/post"}],"author":[{"embeddable":true,"href":"https:\/\/diarioavanzada.com.mx\/index.php?rest_route=\/wp\/v2\/users\/7"}],"replies":[{"embeddable":true,"href":"https:\/\/diarioavanzada.com.mx\/index.php?rest_route=%2Fwp%2Fv2%2Fcomments&post=93992"}],"version-history":[{"count":0,"href":"https:\/\/diarioavanzada.com.mx\/index.php?rest_route=\/wp\/v2\/posts\/93992\/revisions"}],"wp:featuredmedia":[{"embeddable":true,"href":"https:\/\/diarioavanzada.com.mx\/index.php?rest_route=\/wp\/v2\/media\/93989"}],"wp:attachment":[{"href":"https:\/\/diarioavanzada.com.mx\/index.php?rest_route=%2Fwp%2Fv2%2Fmedia&parent=93992"}],"wp:term":[{"taxonomy":"category","embeddable":true,"href":"https:\/\/diarioavanzada.com.mx\/index.php?rest_route=%2Fwp%2Fv2%2Fcategories&post=93992"},{"taxonomy":"post_tag","embeddable":true,"href":"https:\/\/diarioavanzada.com.mx\/index.php?rest_route=%2Fwp%2Fv2%2Ftags&post=93992"}],"curies":[{"name":"wp","href":"https:\/\/api.w.org\/{rel}","templated":true}]}}