{"id":93817,"date":"2025-07-14T05:22:19","date_gmt":"2025-07-14T11:22:19","guid":{"rendered":"https:\/\/diarioavanzada.com.mx\/?p=93817"},"modified":"2025-07-14T05:22:47","modified_gmt":"2025-07-14T11:22:47","slug":"reclaman-por-caos-en-la-autopista-dejense-de-fiestecitas-diputado","status":"publish","type":"post","link":"https:\/\/diarioavanzada.com.mx\/?p=93817","title":{"rendered":"Reclaman por caos en la autopista; \u201cd\u00e9jense de fiestecitas\u201d: Diputado"},"content":{"rendered":"\n<p class=\"p1 wp-block-paragraph\">Colima, M\u00e9xico, Avanzada (14\/07\/2025).- El diputado local del PAN, Alberto Partida, acus\u00f3 al Gobierno del Estado y dem\u00e1s autoridades de actuar con negligencia y falta de previsi\u00f3n ante el caos vial, los accidentes y las muertes provocadas por las obras de rehabilitaci\u00f3n y ampliaci\u00f3n de la carretera Colima-Manzanillo, ejecutadas desde hace un par de a\u00f1os por la empresa Pinfra.<\/p>\n\n\n\n<p class=\"p1 wp-block-paragraph\">\u201cEstamos en julio y hace tiempo que iniciaron los trabajos, pero previo a eso, una obra de tal magnitud merec\u00eda una planeaci\u00f3n completa, y no tuvieron tiempo \u2014o voluntad\u2014 para prever todas las situaciones que hoy se est\u00e1n presentando\u201d, recrimin\u00f3 desde tribuna el legislador panista.<\/p>\n\n\n\n<p class=\"p1 wp-block-paragraph\">Partida advirti\u00f3 que pr\u00e1cticamente todos los d\u00edas se reportan accidentes en esa v\u00eda federal, muchos de ellos con consecuencias fatales, y se\u00f1al\u00f3 que el ingreso y salida del puerto de Manzanillo se ha convertido en un cuello de botella donde reina el desorden. \u201cHay un caos, especialmente en los accesos a Manzanillo, y tuvo que ser el Poder Legislativo el que exhortara al Ejecutivo para que haga su trabajo\u201d, sostuvo.<\/p>\n\n\n\n<p class=\"p1 wp-block-paragraph\">El legislador lament\u00f3 que, mientras cientos de automovilistas enfrentan diariamente riesgos en la carretera, las autoridades estatales y municipales \u201candan distra\u00eddas en los festejos por los 200 a\u00f1os del municipio\u201d, refiri\u00e9ndose al gobierno local de Manzanillo. \u201cEst\u00e1n m\u00e1s preocupados por llevar cantantes a Villa de \u00c1lvarez que por evitar que la carretera siga cobr\u00e1ndose vidas\u201d, ironiz\u00f3.<\/p>\n\n\n\n<p class=\"p1 wp-block-paragraph\">Partida consider\u00f3 v\u00e1lido realizar actividades culturales \u201csi les sobra el dinero\u201d, pero record\u00f3 que hay prioridades que las autoridades est\u00e1n dejando de lado. \u201cLa realidad es que en lo que tendr\u00edan que estar concentrados, no lo est\u00e1n haciendo\u201d, sentenci\u00f3.<\/p>\n\n\n\n<p class=\"p1 wp-block-paragraph\">El legislador tambi\u00e9n exigi\u00f3 que se atiendan con seriedad los llamados del Congreso para implementar medidas urgentes que reduzcan el riesgo en la carretera, especialmente en los tramos en obra y de alto tr\u00e1nsito. \u201cEstos trabajos benefician econ\u00f3micamente al estado, pero no deben seguir costando vidas\u201d, subray\u00f3.<\/p>\n\n\n\n<p class=\"p1 wp-block-paragraph\">\u201cLe pedir\u00eda a las autoridades que se pongan a trabajar en lo que les toca y por lo que se les paga, y d\u00e9jense de fiestecitas. Sean del partido que sean, lo que urge es que trabajen\u201d, remat\u00f3 Partida.<\/p>\n\n\n\n<p class=\"p1 wp-block-paragraph\"><\/p>\n<div class=\"fb-background-color\">\n\t\t\t  <div \n\t\t\t  \tclass = \"fb-comments\" \n\t\t\t  \tdata-href = \"https:\/\/diarioavanzada.com.mx\/?p=93817\"\n\t\t\t  \tdata-numposts = \"10\"\n\t\t\t  \tdata-lazy = \"true\"\n\t\t\t\tdata-colorscheme = \"light\"\n\t\t\t\tdata-order-by = \"social\"\n\t\t\t\tdata-mobile=true>\n\t\t\t  <\/div><\/div>\n\t\t  <style>\n\t\t    .fb-background-color {\n\t\t\t\tbackground:  !important;\n\t\t\t}\n\t\t\t.fb_iframe_widget_fluid_desktop iframe {\n\t\t\t    width: 100% !important;\n\t\t\t}\n\t\t  <\/style>\n\t\t  ","protected":false},"excerpt":{"rendered":"<p>Colima, M\u00e9xico, Avanzada (14\/07\/2025).- El diputado local del PAN, Alberto Partida, acus\u00f3 al Gobierno del Estado y dem\u00e1s autoridades de actuar con negligencia y falta de previsi\u00f3n ante el caos vial, los accidentes y las muertes provocadas por las obras de rehabilitaci\u00f3n y ampliaci\u00f3n de la carretera Colima-Manzanillo, ejecutadas desde hace un par de a\u00f1os [&hellip;]<\/p>\n","protected":false},"author":5,"featured_media":93816,"comment_status":"closed","ping_status":"closed","sticky":false,"template":"","format":"standard","meta":{"_coblocks_attr":"","_coblocks_dimensions":"","_coblocks_responsive_height":"","_coblocks_accordion_ie_support":"","_crdt_document":"","advanced_seo_description":"","jetpack_seo_html_title":"","jetpack_seo_noindex":false,"_jetpack_memberships_contains_paid_content":false,"footnotes":""},"categories":[19,209,7,231],"tags":[210],"class_list":["post-93817","post","type-post","status-publish","format-standard","has-post-thumbnail","hentry","category-colima","category-importantes","category-noticias","category-seguridad","tag-portada"],"jetpack_featured_media_url":"https:\/\/diarioavanzada.com.mx\/wp-content\/uploads\/2025\/07\/img_6565-1.jpg","jetpack-related-posts":[],"jetpack_sharing_enabled":true,"amp_enabled":true,"_links":{"self":[{"href":"https:\/\/diarioavanzada.com.mx\/index.php?rest_route=\/wp\/v2\/posts\/93817","targetHints":{"allow":["GET"]}}],"collection":[{"href":"https:\/\/diarioavanzada.com.mx\/index.php?rest_route=\/wp\/v2\/posts"}],"about":[{"href":"https:\/\/diarioavanzada.com.mx\/index.php?rest_route=\/wp\/v2\/types\/post"}],"author":[{"embeddable":true,"href":"https:\/\/diarioavanzada.com.mx\/index.php?rest_route=\/wp\/v2\/users\/5"}],"replies":[{"embeddable":true,"href":"https:\/\/diarioavanzada.com.mx\/index.php?rest_route=%2Fwp%2Fv2%2Fcomments&post=93817"}],"version-history":[{"count":1,"href":"https:\/\/diarioavanzada.com.mx\/index.php?rest_route=\/wp\/v2\/posts\/93817\/revisions"}],"predecessor-version":[{"id":93818,"href":"https:\/\/diarioavanzada.com.mx\/index.php?rest_route=\/wp\/v2\/posts\/93817\/revisions\/93818"}],"wp:featuredmedia":[{"embeddable":true,"href":"https:\/\/diarioavanzada.com.mx\/index.php?rest_route=\/wp\/v2\/media\/93816"}],"wp:attachment":[{"href":"https:\/\/diarioavanzada.com.mx\/index.php?rest_route=%2Fwp%2Fv2%2Fmedia&parent=93817"}],"wp:term":[{"taxonomy":"category","embeddable":true,"href":"https:\/\/diarioavanzada.com.mx\/index.php?rest_route=%2Fwp%2Fv2%2Fcategories&post=93817"},{"taxonomy":"post_tag","embeddable":true,"href":"https:\/\/diarioavanzada.com.mx\/index.php?rest_route=%2Fwp%2Fv2%2Ftags&post=93817"}],"curies":[{"name":"wp","href":"https:\/\/api.w.org\/{rel}","templated":true}]}}