{"id":93785,"date":"2025-07-13T16:27:58","date_gmt":"2025-07-13T22:27:58","guid":{"rendered":"https:\/\/diarioavanzada.com.mx\/?p=93785"},"modified":"2025-07-13T16:27:58","modified_gmt":"2025-07-13T22:27:58","slug":"alcaldesa-calla-por-ataques-a-policias-pero-invita-a-visitar-el-parque-regional","status":"publish","type":"post","link":"https:\/\/diarioavanzada.com.mx\/?p=93785","title":{"rendered":"Alcaldesa calla por ataques a polic\u00edas, pero invita a visitar el Parque Regional"},"content":{"rendered":"\n<p class=\"p1 wp-block-paragraph\">Colima, M\u00e9xico, Avanzada (13\/07\/2025).- A escasas horas del asesinato de un agente y de otro m\u00e1s herido en Manzanillo, la alcaldesa Rosa Mar\u00eda Bayardo Cabrera no ha emitido ning\u00fan pronunciamiento sobre el hecho violento. En cambio, este viernes por la ma\u00f1ana ofreci\u00f3 una entrevista para invitar a visitar el Parque Regional Griselda \u00c1lvarez, reci\u00e9n inaugurado en la capital del estado.<\/p>\n\n\n\n<p class=\"p1 wp-block-paragraph\">Hasta el mediod\u00eda, la edil manzanillense, quien estuvo presente en Colima junto a la gobernadora Indira Vizca\u00edno Silva, no se ha referido p\u00fablicamente a la agresi\u00f3n armada que cobr\u00f3 la vida de un elemento de seguridad y dej\u00f3 a otro gravemente lesionado.<\/p>\n\n\n\n<p class=\"p1 wp-block-paragraph\">El ataque ocurri\u00f3 tambi\u00e9n este viernes en el Libramiento de Tapeixtles, cuando los dos polic\u00edas, que acababan de concluir su turno, fueron interceptados por hombres armados mientras se dirig\u00edan a sus domicilios. Uno de ellos muri\u00f3 en el lugar; el otro fue trasladado de urgencia a un hospital. Hasta el cierre de esta edici\u00f3n, no se ha informado sobre su estado de salud.<\/p>\n\n\n\n<p class=\"p1 wp-block-paragraph\">Pese al silencio del Ayuntamiento y de la presidenta municipal, la Direcci\u00f3n de Seguridad P\u00fablica de Manzanillo s\u00ed emiti\u00f3 un comunicado condenando la agresi\u00f3n y asegurando que la familia del agente ca\u00eddo contar\u00e1 con respaldo institucional. No obstante, no se ofrecieron m\u00e1s detalles sobre el avance de las investigaciones ni sobre el operativo de b\u00fasqueda de los agresores.<\/p>\n\n\n\n<p class=\"p1 wp-block-paragraph\">Tras el ataque, autoridades lograron la detenci\u00f3n de un presunto responsable y el aseguramiento de un veh\u00edculo abandonado, supuestamente utilizado por los atacantes para huir de la escena del crimen.<\/p>\n\n\n\n<p class=\"p1 wp-block-paragraph\">El atentado se suma a una serie de hechos violentos contra elementos de la Polic\u00eda municipal en el estado. En los \u00faltimos 15 d\u00edas, se han registrado al menos tres ataques directos: el primero, el 26 de junio, cuando fue desaparecida la oficial F\u00e1tima del Roc\u00edo D\u00edaz Arias en Tecom\u00e1n, cuyo paradero sigue sin conocerse. D\u00edas despu\u00e9s, un agente fue atacado a balazos en la colonia Bosque Real, tambi\u00e9n en Tecom\u00e1n, tras resistirse a una presunta privaci\u00f3n ilegal de la libertad.<\/p>\n\n\n\n<p class=\"p1 wp-block-paragraph\">Agentes consultados se\u00f1alaron que estos atentados suelen ocurrir al t\u00e9rmino de sus jornadas laborales, cuando por disposici\u00f3n oficial deben dejar su arma de cargo, lo que los deja en total vulnerabilidad frente a grupos delictivos.<\/p>\n\n\n\n<p class=\"p1 wp-block-paragraph\"><\/p>\n<div class=\"fb-background-color\">\n\t\t\t  <div \n\t\t\t  \tclass = \"fb-comments\" \n\t\t\t  \tdata-href = \"https:\/\/diarioavanzada.com.mx\/?p=93785\"\n\t\t\t  \tdata-numposts = \"10\"\n\t\t\t  \tdata-lazy = \"true\"\n\t\t\t\tdata-colorscheme = \"light\"\n\t\t\t\tdata-order-by = \"social\"\n\t\t\t\tdata-mobile=true>\n\t\t\t  <\/div><\/div>\n\t\t  <style>\n\t\t    .fb-background-color {\n\t\t\t\tbackground:  !important;\n\t\t\t}\n\t\t\t.fb_iframe_widget_fluid_desktop iframe {\n\t\t\t    width: 100% !important;\n\t\t\t}\n\t\t  <\/style>\n\t\t  ","protected":false},"excerpt":{"rendered":"<p>Colima, M\u00e9xico, Avanzada (13\/07\/2025).- A escasas horas del asesinato de un agente y de otro m\u00e1s herido en Manzanillo, la alcaldesa Rosa Mar\u00eda Bayardo Cabrera no ha emitido ning\u00fan pronunciamiento sobre el hecho violento. En cambio, este viernes por la ma\u00f1ana ofreci\u00f3 una entrevista para invitar a visitar el Parque Regional Griselda \u00c1lvarez, reci\u00e9n inaugurado [&hellip;]<\/p>\n","protected":false},"author":7,"featured_media":93784,"comment_status":"closed","ping_status":"closed","sticky":false,"template":"","format":"standard","meta":{"_coblocks_attr":"","_coblocks_dimensions":"","_coblocks_responsive_height":"","_coblocks_accordion_ie_support":"","_crdt_document":"","advanced_seo_description":"","jetpack_seo_html_title":"","jetpack_seo_noindex":false,"_jetpack_memberships_contains_paid_content":false,"footnotes":""},"categories":[19,209,20,7],"tags":[210],"class_list":["post-93785","post","type-post","status-publish","format-standard","has-post-thumbnail","hentry","category-colima","category-importantes","category-manzanillo","category-noticias","tag-portada"],"jetpack_featured_media_url":"https:\/\/diarioavanzada.com.mx\/wp-content\/uploads\/2025\/07\/img_6479-1.jpg","jetpack-related-posts":[],"jetpack_sharing_enabled":true,"amp_enabled":true,"_links":{"self":[{"href":"https:\/\/diarioavanzada.com.mx\/index.php?rest_route=\/wp\/v2\/posts\/93785","targetHints":{"allow":["GET"]}}],"collection":[{"href":"https:\/\/diarioavanzada.com.mx\/index.php?rest_route=\/wp\/v2\/posts"}],"about":[{"href":"https:\/\/diarioavanzada.com.mx\/index.php?rest_route=\/wp\/v2\/types\/post"}],"author":[{"embeddable":true,"href":"https:\/\/diarioavanzada.com.mx\/index.php?rest_route=\/wp\/v2\/users\/7"}],"replies":[{"embeddable":true,"href":"https:\/\/diarioavanzada.com.mx\/index.php?rest_route=%2Fwp%2Fv2%2Fcomments&post=93785"}],"version-history":[{"count":0,"href":"https:\/\/diarioavanzada.com.mx\/index.php?rest_route=\/wp\/v2\/posts\/93785\/revisions"}],"wp:featuredmedia":[{"embeddable":true,"href":"https:\/\/diarioavanzada.com.mx\/index.php?rest_route=\/wp\/v2\/media\/93784"}],"wp:attachment":[{"href":"https:\/\/diarioavanzada.com.mx\/index.php?rest_route=%2Fwp%2Fv2%2Fmedia&parent=93785"}],"wp:term":[{"taxonomy":"category","embeddable":true,"href":"https:\/\/diarioavanzada.com.mx\/index.php?rest_route=%2Fwp%2Fv2%2Fcategories&post=93785"},{"taxonomy":"post_tag","embeddable":true,"href":"https:\/\/diarioavanzada.com.mx\/index.php?rest_route=%2Fwp%2Fv2%2Ftags&post=93785"}],"curies":[{"name":"wp","href":"https:\/\/api.w.org\/{rel}","templated":true}]}}