{"id":93683,"date":"2025-07-11T19:51:48","date_gmt":"2025-07-12T01:51:48","guid":{"rendered":"https:\/\/diarioavanzada.com.mx\/?p=93683"},"modified":"2025-07-11T19:51:48","modified_gmt":"2025-07-12T01:51:48","slug":"riult-rivera-en-el-ayuntamiento-de-colima-actuamos-con-apego-a-la-ley","status":"publish","type":"post","link":"https:\/\/diarioavanzada.com.mx\/?p=93683","title":{"rendered":"Riult Rivera: En el Ayuntamiento de Colima actuamos con apego a la ley"},"content":{"rendered":"\n<p class=\"wp-block-paragraph\"><em>Firmar\u00e1 comodato el Ayuntamiento y los fraccionamientos Los Olivos y Puerta del Sol, para destinar predios a \u00e1reas verdes.<\/em><\/p>\n\n\n\n<p class=\"wp-block-paragraph\">Colima, Colima, Comunicado (10\/07\/2025).- El presidente municipal de Colima, Riult Rivera Guti\u00e9rrez, afirm\u00f3 que cada acto y acci\u00f3n que se emprende en el municipio, cumple con plenamente con el marco normativo, porque todo nuestro actuar lo apegamos a la ley y solo desarrollamos lo que nuestros ordenamientos nos permiten realizar.<\/p>\n\n\n\n<p class=\"wp-block-paragraph\">Los anteriores comentarios los expres\u00f3 el alcalde de la capital del estado, luego de que se someti\u00f3 a la aprobaci\u00f3n del Cabildo, la solicitud realizada por los vecinos de los fraccionamientos Los Olivos y Puerta del Sol, para que se lleve a cabo la celebraci\u00f3n de un contrato de comodato de diversos predios destinados a ser \u00e1reas verdes, en esos asentamientos.<\/p>\n\n\n\n<p class=\"wp-block-paragraph\">El presidente municipal de Colima dijo que los predios se encuentran ubicados por la calle V\u00eda L\u00e1ctea sin n\u00famero, otro ubicado en la colonia Puerta del Sol, y el jard\u00edn lineal vecinal ubicado en la calle Emilio Brun s\/n, en la colonia residencial Los Olivos y se deber\u00e1 garantizar que el destino y uso de \u00e9stas \u00e1reas no cambien el fin para el que se ha autorizado.<\/p>\n\n\n\n<p class=\"wp-block-paragraph\">El contrato de comodato ser\u00e1 firmado entre el Ayuntamiento de Colima y los integrantes del comit\u00e9 vecinal del Fraccionamiento Los Olivos y Puerta del Sol, representados en este acto por la ciudadana Alma Leticia Castellanos Ocaranza, presidenta del comit\u00e9 vecinal.<\/p>\n\n\n\n<p class=\"wp-block-paragraph\">La vigencia de este comodato ser\u00e1 a partir de la firma del contrato y hasta el 14 de octubre de 2027.<\/p>\n\n\n\n<p class=\"wp-block-paragraph\">Ante los se\u00f1alamientos de una integrante de oposici\u00f3n del Cabildo, que sin ning\u00fan sustento, pretende poner en tela de juicio las acciones que realiza la administraci\u00f3n municipal.<\/p>\n\n\n\n<p class=\"wp-block-paragraph\">El presidente municipal de Colima, afirm\u00f3 que todo el actuar de la administraci\u00f3n municipal est\u00e1 regido por el derecho, y por un marco normativo, \u201cpor eso yo agradezco a las y los vecinos de las distintas zonas de la ciudad, de las diversas colonias, que buscan hacer equipo con nosotros y buscan ser copart\u00edcipes en todas las acciones que emprendemos\u201d.<\/p>\n\n\n\n<p class=\"wp-block-paragraph\">Celebr\u00f3 que los vecinos de estas colonias se hayan unidos para hacer equipo con la administraci\u00f3n municipal para sacar adelante las \u00e1reas verdes de los barrios y colonias y comunidades-<\/p>\n\n\n\n<p class=\"wp-block-paragraph\">Riult Rivera destac\u00f3 que desde el inicio de esta administraci\u00f3n, los vecinos se han preocupado por acercarse a la autoridad para tratar de llevar mayores obras y acciones a sus colonias, y se han organizado para buscar mejores mecanismos de operaci\u00f3n y mejorar los servicios p\u00fablicos.<\/p>\n\n\n\n<p class=\"wp-block-paragraph\">Una de las pol\u00edticas p\u00fablicas de esta administraci\u00f3n municipal, es la de generar sinergia entre el gobierno municipal, la sociedad, en las colonias y en los barrios, a trav\u00e9s de un principio fundamental: la corresponsabilidad, ya que en uni\u00f3n con los habitantes del municipio y la autoridad, podremos hacer m\u00e1s.<\/p>\n\n\n\n<p class=\"wp-block-paragraph\">Nosotros en el Ayuntamiento de Colima, estamos comprometidos, junto con los vecinos, en darle belleza a los espacios p\u00fablicos y buscar los mecanismos de colaboraci\u00f3n para que por un lado el personal de las diversas dependencias municipales y por la otra, contar con el apoyo y colaboraci\u00f3n de los vecinos y as\u00ed emprender acciones de ganar-ganar en el mejoramiento y el embellecimiento de las colonias y as\u00ed, juntos podamos avanzar.<\/p>\n\n\n\n<p class=\"wp-block-paragraph\">Destac\u00f3 que el convenio de comodato significa eso, un principio de corresponsabilidad, para atender las \u00e1reas verdes y eso al mismo tiempo les genera a los vecinos, un mayor sentido de pertenencia.<\/p>\n\n\n\n<p class=\"wp-block-paragraph\">Riult Rivera dijo que a lo que aspira el Ayuntamiento de Colima, es que a m\u00e1s que crear un espacio, construyamos un hogar en donde haya esa armon\u00eda, esa concordia y esa seguridad que representa el que hagamos equipo ante los retos que representa y que entre todos estemos construyendo el Otro Colima al que todos aspiramos.<\/p>\n<div class=\"fb-background-color\">\n\t\t\t  <div \n\t\t\t  \tclass = \"fb-comments\" \n\t\t\t  \tdata-href = \"https:\/\/diarioavanzada.com.mx\/?p=93683\"\n\t\t\t  \tdata-numposts = \"10\"\n\t\t\t  \tdata-lazy = \"true\"\n\t\t\t\tdata-colorscheme = \"light\"\n\t\t\t\tdata-order-by = \"social\"\n\t\t\t\tdata-mobile=true>\n\t\t\t  <\/div><\/div>\n\t\t  <style>\n\t\t    .fb-background-color {\n\t\t\t\tbackground:  !important;\n\t\t\t}\n\t\t\t.fb_iframe_widget_fluid_desktop iframe {\n\t\t\t    width: 100% !important;\n\t\t\t}\n\t\t  <\/style>\n\t\t  ","protected":false},"excerpt":{"rendered":"<p>Firmar\u00e1 comodato el Ayuntamiento y los fraccionamientos Los Olivos y Puerta del Sol, para destinar predios a \u00e1reas verdes. Colima, Colima, Comunicado (10\/07\/2025).- El presidente municipal de Colima, Riult Rivera Guti\u00e9rrez, afirm\u00f3 que cada acto y acci\u00f3n que se emprende en el municipio, cumple con plenamente con el marco normativo, porque todo nuestro actuar lo [&hellip;]<\/p>\n","protected":false},"author":7,"featured_media":93682,"comment_status":"closed","ping_status":"closed","sticky":false,"template":"","format":"standard","meta":{"_coblocks_attr":"","_coblocks_dimensions":"","_coblocks_responsive_height":"","_coblocks_accordion_ie_support":"","_crdt_document":"","advanced_seo_description":"","jetpack_seo_html_title":"","jetpack_seo_noindex":false,"_jetpack_memberships_contains_paid_content":false,"footnotes":""},"categories":[19,209,7],"tags":[],"class_list":["post-93683","post","type-post","status-publish","format-standard","has-post-thumbnail","hentry","category-colima","category-importantes","category-noticias"],"jetpack_featured_media_url":"https:\/\/diarioavanzada.com.mx\/wp-content\/uploads\/2025\/07\/1009be0e-4121-466b-83c3-70c97c639e04-1.jpg","jetpack-related-posts":[],"jetpack_sharing_enabled":true,"amp_enabled":true,"_links":{"self":[{"href":"https:\/\/diarioavanzada.com.mx\/index.php?rest_route=\/wp\/v2\/posts\/93683","targetHints":{"allow":["GET"]}}],"collection":[{"href":"https:\/\/diarioavanzada.com.mx\/index.php?rest_route=\/wp\/v2\/posts"}],"about":[{"href":"https:\/\/diarioavanzada.com.mx\/index.php?rest_route=\/wp\/v2\/types\/post"}],"author":[{"embeddable":true,"href":"https:\/\/diarioavanzada.com.mx\/index.php?rest_route=\/wp\/v2\/users\/7"}],"replies":[{"embeddable":true,"href":"https:\/\/diarioavanzada.com.mx\/index.php?rest_route=%2Fwp%2Fv2%2Fcomments&post=93683"}],"version-history":[{"count":0,"href":"https:\/\/diarioavanzada.com.mx\/index.php?rest_route=\/wp\/v2\/posts\/93683\/revisions"}],"wp:featuredmedia":[{"embeddable":true,"href":"https:\/\/diarioavanzada.com.mx\/index.php?rest_route=\/wp\/v2\/media\/93682"}],"wp:attachment":[{"href":"https:\/\/diarioavanzada.com.mx\/index.php?rest_route=%2Fwp%2Fv2%2Fmedia&parent=93683"}],"wp:term":[{"taxonomy":"category","embeddable":true,"href":"https:\/\/diarioavanzada.com.mx\/index.php?rest_route=%2Fwp%2Fv2%2Fcategories&post=93683"},{"taxonomy":"post_tag","embeddable":true,"href":"https:\/\/diarioavanzada.com.mx\/index.php?rest_route=%2Fwp%2Fv2%2Ftags&post=93683"}],"curies":[{"name":"wp","href":"https:\/\/api.w.org\/{rel}","templated":true}]}}