{"id":93617,"date":"2025-07-10T22:57:10","date_gmt":"2025-07-11T04:57:10","guid":{"rendered":"https:\/\/diarioavanzada.com.mx\/?p=93617"},"modified":"2025-07-10T22:57:10","modified_gmt":"2025-07-11T04:57:10","slug":"condenan-a-exfuncionarios-de-pemex-por-delincuencia-organizada-y-robo-de-hidrocarburos","status":"publish","type":"post","link":"https:\/\/diarioavanzada.com.mx\/?p=93617","title":{"rendered":"Condenan a exfuncionarios de Pemex por delincuencia organizada y robo de hidrocarburos"},"content":{"rendered":"\n<p class=\"p1 wp-block-paragraph\">M\u00e9xico, Avanzada (10\/07\/2025).- La Fiscal\u00eda General de la Rep\u00fablica (FGR), a trav\u00e9s de su Fiscal\u00eda Especializada en materia de Delincuencia Organizada (FEMDO), logr\u00f3 una sentencia condenatoria contra cinco exservidores p\u00fablicos del \u00c1rea de Salvaguardia Estrat\u00e9gica de Petr\u00f3leos Mexicanos (PEMEX), por su implicaci\u00f3n en delitos relacionados con el robo de hidrocarburos.<\/p>\n\n\n\n<p class=\"p1 wp-block-paragraph\">La resoluci\u00f3n fue emitida por una jueza especializada del Sistema Penal Acusatorio, adscrita al Centro de Justicia Penal Federal en Almoloya de Ju\u00e1rez, Estado de M\u00e9xico.<\/p>\n\n\n\n<p class=\"p1 wp-block-paragraph\">Los exfuncionarios fueron detenidos en 2019 por agentes de la Polic\u00eda Federal Ministerial, pertenecientes a la Agencia de Investigaci\u00f3n Criminal, y fueron internados en el Centro Federal de Readaptaci\u00f3n Social n\u00famero 1 \u201cAltiplano\u201d.<\/p>\n\n\n\n<p class=\"p1 wp-block-paragraph\">El Ministerio P\u00fablico Federal present\u00f3 pruebas que permitieron imponer las siguientes sanciones:<\/p>\n\n\n\n<p class=\"p3 wp-block-paragraph\">\u2022 S\u00f3crates \u201cH\u201d, Emilio \u201cC\u201d, Jos\u00e9 \u201cS\u201d y Ram\u00f3n \u201cM\u201d: 31 a\u00f1os, 10 meses y 15 d\u00edas de prisi\u00f3n, adem\u00e1s de una multa por un mill\u00f3n 209 mil 226 pesos, por los delitos de delincuencia organizada y sustracci\u00f3n il\u00edcita de hidrocarburos, con el agravante de haber sido cometidos por servidores p\u00fablicos.<\/p>\n\n\n\n<p class=\"p3 wp-block-paragraph\">\u2022 Oziel \u201cA\u201d: 12 a\u00f1os de prisi\u00f3n y multa de 841 mil 200 pesos, por coacci\u00f3n y amenazas con fines delictivos, tambi\u00e9n con agravante por su calidad de servidor p\u00fablico.<\/p>\n\n\n\n<p class=\"p1 wp-block-paragraph\"><\/p>\n\n\n\n<p class=\"p1 wp-block-paragraph\"><\/p>\n<div class=\"fb-background-color\">\n\t\t\t  <div \n\t\t\t  \tclass = \"fb-comments\" \n\t\t\t  \tdata-href = \"https:\/\/diarioavanzada.com.mx\/?p=93617\"\n\t\t\t  \tdata-numposts = \"10\"\n\t\t\t  \tdata-lazy = \"true\"\n\t\t\t\tdata-colorscheme = \"light\"\n\t\t\t\tdata-order-by = \"social\"\n\t\t\t\tdata-mobile=true>\n\t\t\t  <\/div><\/div>\n\t\t  <style>\n\t\t    .fb-background-color {\n\t\t\t\tbackground:  !important;\n\t\t\t}\n\t\t\t.fb_iframe_widget_fluid_desktop iframe {\n\t\t\t    width: 100% !important;\n\t\t\t}\n\t\t  <\/style>\n\t\t  ","protected":false},"excerpt":{"rendered":"<p>M\u00e9xico, Avanzada (10\/07\/2025).- La Fiscal\u00eda General de la Rep\u00fablica (FGR), a trav\u00e9s de su Fiscal\u00eda Especializada en materia de Delincuencia Organizada (FEMDO), logr\u00f3 una sentencia condenatoria contra cinco exservidores p\u00fablicos del \u00c1rea de Salvaguardia Estrat\u00e9gica de Petr\u00f3leos Mexicanos (PEMEX), por su implicaci\u00f3n en delitos relacionados con el robo de hidrocarburos. La resoluci\u00f3n fue emitida por [&hellip;]<\/p>\n","protected":false},"author":7,"featured_media":93616,"comment_status":"closed","ping_status":"closed","sticky":false,"template":"","format":"standard","meta":{"_coblocks_attr":"","_coblocks_dimensions":"","_coblocks_responsive_height":"","_coblocks_accordion_ie_support":"","_crdt_document":"","advanced_seo_description":"","jetpack_seo_html_title":"","jetpack_seo_noindex":false,"_jetpack_memberships_contains_paid_content":false,"footnotes":""},"categories":[209,22,231],"tags":[210],"class_list":["post-93617","post","type-post","status-publish","format-standard","has-post-thumbnail","hentry","category-importantes","category-nacion","category-seguridad","tag-portada"],"jetpack_featured_media_url":"https:\/\/diarioavanzada.com.mx\/wp-content\/uploads\/2025\/07\/img_6361-1.jpg","jetpack-related-posts":[],"jetpack_sharing_enabled":true,"amp_enabled":true,"_links":{"self":[{"href":"https:\/\/diarioavanzada.com.mx\/index.php?rest_route=\/wp\/v2\/posts\/93617","targetHints":{"allow":["GET"]}}],"collection":[{"href":"https:\/\/diarioavanzada.com.mx\/index.php?rest_route=\/wp\/v2\/posts"}],"about":[{"href":"https:\/\/diarioavanzada.com.mx\/index.php?rest_route=\/wp\/v2\/types\/post"}],"author":[{"embeddable":true,"href":"https:\/\/diarioavanzada.com.mx\/index.php?rest_route=\/wp\/v2\/users\/7"}],"replies":[{"embeddable":true,"href":"https:\/\/diarioavanzada.com.mx\/index.php?rest_route=%2Fwp%2Fv2%2Fcomments&post=93617"}],"version-history":[{"count":0,"href":"https:\/\/diarioavanzada.com.mx\/index.php?rest_route=\/wp\/v2\/posts\/93617\/revisions"}],"wp:featuredmedia":[{"embeddable":true,"href":"https:\/\/diarioavanzada.com.mx\/index.php?rest_route=\/wp\/v2\/media\/93616"}],"wp:attachment":[{"href":"https:\/\/diarioavanzada.com.mx\/index.php?rest_route=%2Fwp%2Fv2%2Fmedia&parent=93617"}],"wp:term":[{"taxonomy":"category","embeddable":true,"href":"https:\/\/diarioavanzada.com.mx\/index.php?rest_route=%2Fwp%2Fv2%2Fcategories&post=93617"},{"taxonomy":"post_tag","embeddable":true,"href":"https:\/\/diarioavanzada.com.mx\/index.php?rest_route=%2Fwp%2Fv2%2Ftags&post=93617"}],"curies":[{"name":"wp","href":"https:\/\/api.w.org\/{rel}","templated":true}]}}