{"id":93505,"date":"2025-07-09T19:02:57","date_gmt":"2025-07-10T01:02:57","guid":{"rendered":"https:\/\/diarioavanzada.com.mx\/?p=93505"},"modified":"2025-07-09T19:02:57","modified_gmt":"2025-07-10T01:02:57","slug":"sheinbaum-y-salinas-se-confrontan-por-evasion-de-impuestos-y-persecucion-politica","status":"publish","type":"post","link":"https:\/\/diarioavanzada.com.mx\/?p=93505","title":{"rendered":"Sheinbaum y Salinas se confrontan por evasi\u00f3n de impuestos y persecuci\u00f3n pol\u00edtica"},"content":{"rendered":"\n<p class=\"p1 wp-block-paragraph\">M\u00e9xico, Avanzada (09\/07\/2025).- La presidenta de M\u00e9xico, Claudia Sheinbaum Pardo, y el empresario Ricardo Salinas Pliego protagonizaron este martes un nuevo episodio de confrontaci\u00f3n p\u00fablica, en el que se cruzaron se\u00f1alamientos por misoginia, uso pol\u00edtico de los medios y presiones a gobiernos locales.<\/p>\n\n\n\n<p class=\"p1 wp-block-paragraph\">Durante su conferencia matutina, Sheinbaum conden\u00f3 los ataques verbales del presidente de Grupo Salinas contra periodistas como Sabina Berman, Vanessa Cisneros y Denise Dresser, a quienes ha descalificado reiteradamente en su cuenta de X (antes Twitter). \u201cNo se puede llamar a una mujer de la manera en que esta persona se dirige, con una misoginia, un machismo\u2026 terrible\u201d, afirm\u00f3.<\/p>\n\n\n\n<p class=\"p1 wp-block-paragraph\">La mandataria agreg\u00f3 que, m\u00e1s all\u00e1 del tono ofensivo, el fondo del conflicto es el adeudo fiscal que el empresario mantiene con el Estado mexicano: \u201cDebe 74 mil millones de pesos\u201d, dijo. Y a\u00f1adi\u00f3 que Salinas Pliego \u201cbusca presionar\u201d desde sus plataformas y que \u201ccada vez lo ven menos, la verdad, est\u00e1 perdiendo rating\u201d.<\/p>\n\n\n\n<p class=\"p1 wp-block-paragraph\">Sheinbaum tambi\u00e9n expres\u00f3 su solidaridad con las periodistas agredidas, incluso con quienes no comparte posturas pol\u00edticas. \u201cMiren que no coincidimos en casi nada [con Dresser], pero no se puede tolerar ese trato\u201d, se\u00f1al\u00f3. Enfatiz\u00f3 que se trata de una causa social, no solo gubernamental: \u201cTiene que ser un asunto social, no solo de la Presidenta\u201d.<\/p>\n\n\n\n<p class=\"p1 wp-block-paragraph\">Por otro lado, al ser cuestionada por los presuntos intentos de presi\u00f3n ejercidos desde la televisora de Salinas sobre alcaldes de Morena en Guadalajara, Sheinbaum pidi\u00f3 no ceder ante estas pr\u00e1cticas: \u201cQue no se dejen presionar (\u2026) \u00bfqu\u00e9 es lo que busca?, pues presionar\u201d.<\/p>\n\n\n\n<p class=\"p1 wp-block-paragraph\">Pocas horas despu\u00e9s, Salinas Pliego respondi\u00f3 desde su cuenta de X, acusando a Sheinbaum de encabezar una campa\u00f1a en su contra y de utilizar a las periodistas como distractoras. \u201c\u00bfUsted solo se solidariza con quienes est\u00e1n de su lado?\u201d, cuestion\u00f3. El empresario dijo ser v\u00edctima de \u201cataques sistem\u00e1ticos\u201d y de persecuci\u00f3n judicial por motivos pol\u00edticos.<\/p>\n\n\n\n<p class=\"p1 wp-block-paragraph\">En un tono desafiante, acus\u00f3 a la presidenta de ignorar los problemas reales del pa\u00eds: \u201cEsta semana, tres ni\u00f1as fueron asesinadas, incluida una de 13 a\u00f1os desmembrada. \u00bfD\u00f3nde est\u00e1 su indignaci\u00f3n feminista?\u201d, escribi\u00f3. Tambi\u00e9n pidi\u00f3 que se deje de usar la bandera de la violencia de g\u00e9nero para encubrir abusos de poder.<\/p>\n\n\n\n<p class=\"p1 wp-block-paragraph\">El empresario cerr\u00f3 su mensaje con un llamado a \u201cdefender las libertades de todos\u201d y exigi\u00f3 al gobierno dejar de perseguir a quienes, como \u00e9l, \u201ctrabajan, pagan impuestos y generan empleos\u201d.<\/p>\n\n\n\n<p class=\"p1 wp-block-paragraph\">Este cruce entre la jefa del Ejecutivo y el magnate de los medios revive un viejo conflicto entre el gobierno federal y Grupo Salinas, tensado por disputas fiscales, regulaciones y el papel pol\u00edtico de los medios de comunicaci\u00f3n. Mientras Sheinbaum apuesta por la autoridad moral y el respaldo popular, Salinas Pliego se escuda en la libertad de expresi\u00f3n y en su rol como empresario perseguido.<\/p>\n\n\n\n<p class=\"p1 wp-block-paragraph\"><\/p>\n\n\n\n<p class=\"wp-block-paragraph\"><\/p>\n<div class=\"fb-background-color\">\n\t\t\t  <div \n\t\t\t  \tclass = \"fb-comments\" \n\t\t\t  \tdata-href = \"https:\/\/diarioavanzada.com.mx\/?p=93505\"\n\t\t\t  \tdata-numposts = \"10\"\n\t\t\t  \tdata-lazy = \"true\"\n\t\t\t\tdata-colorscheme = \"light\"\n\t\t\t\tdata-order-by = \"social\"\n\t\t\t\tdata-mobile=true>\n\t\t\t  <\/div><\/div>\n\t\t  <style>\n\t\t    .fb-background-color {\n\t\t\t\tbackground:  !important;\n\t\t\t}\n\t\t\t.fb_iframe_widget_fluid_desktop iframe {\n\t\t\t    width: 100% !important;\n\t\t\t}\n\t\t  <\/style>\n\t\t  ","protected":false},"excerpt":{"rendered":"<p>M\u00e9xico, Avanzada (09\/07\/2025).- La presidenta de M\u00e9xico, Claudia Sheinbaum Pardo, y el empresario Ricardo Salinas Pliego protagonizaron este martes un nuevo episodio de confrontaci\u00f3n p\u00fablica, en el que se cruzaron se\u00f1alamientos por misoginia, uso pol\u00edtico de los medios y presiones a gobiernos locales. Durante su conferencia matutina, Sheinbaum conden\u00f3 los ataques verbales del presidente de [&hellip;]<\/p>\n","protected":false},"author":7,"featured_media":93506,"comment_status":"closed","ping_status":"closed","sticky":false,"template":"","format":"standard","meta":{"_coblocks_attr":"","_coblocks_dimensions":"","_coblocks_responsive_height":"","_coblocks_accordion_ie_support":"","_crdt_document":"","advanced_seo_description":"","jetpack_seo_html_title":"","jetpack_seo_noindex":false,"_jetpack_memberships_contains_paid_content":false,"footnotes":""},"categories":[209,22,7],"tags":[210],"class_list":["post-93505","post","type-post","status-publish","format-standard","has-post-thumbnail","hentry","category-importantes","category-nacion","category-noticias","tag-portada"],"jetpack_featured_media_url":"https:\/\/diarioavanzada.com.mx\/wp-content\/uploads\/2025\/07\/img_3439-1.png","jetpack-related-posts":[],"jetpack_sharing_enabled":true,"amp_enabled":true,"_links":{"self":[{"href":"https:\/\/diarioavanzada.com.mx\/index.php?rest_route=\/wp\/v2\/posts\/93505","targetHints":{"allow":["GET"]}}],"collection":[{"href":"https:\/\/diarioavanzada.com.mx\/index.php?rest_route=\/wp\/v2\/posts"}],"about":[{"href":"https:\/\/diarioavanzada.com.mx\/index.php?rest_route=\/wp\/v2\/types\/post"}],"author":[{"embeddable":true,"href":"https:\/\/diarioavanzada.com.mx\/index.php?rest_route=\/wp\/v2\/users\/7"}],"replies":[{"embeddable":true,"href":"https:\/\/diarioavanzada.com.mx\/index.php?rest_route=%2Fwp%2Fv2%2Fcomments&post=93505"}],"version-history":[{"count":1,"href":"https:\/\/diarioavanzada.com.mx\/index.php?rest_route=\/wp\/v2\/posts\/93505\/revisions"}],"predecessor-version":[{"id":93507,"href":"https:\/\/diarioavanzada.com.mx\/index.php?rest_route=\/wp\/v2\/posts\/93505\/revisions\/93507"}],"wp:featuredmedia":[{"embeddable":true,"href":"https:\/\/diarioavanzada.com.mx\/index.php?rest_route=\/wp\/v2\/media\/93506"}],"wp:attachment":[{"href":"https:\/\/diarioavanzada.com.mx\/index.php?rest_route=%2Fwp%2Fv2%2Fmedia&parent=93505"}],"wp:term":[{"taxonomy":"category","embeddable":true,"href":"https:\/\/diarioavanzada.com.mx\/index.php?rest_route=%2Fwp%2Fv2%2Fcategories&post=93505"},{"taxonomy":"post_tag","embeddable":true,"href":"https:\/\/diarioavanzada.com.mx\/index.php?rest_route=%2Fwp%2Fv2%2Ftags&post=93505"}],"curies":[{"name":"wp","href":"https:\/\/api.w.org\/{rel}","templated":true}]}}