{"id":93482,"date":"2025-07-09T16:33:45","date_gmt":"2025-07-09T22:33:45","guid":{"rendered":"https:\/\/diarioavanzada.com.mx\/?p=93482"},"modified":"2025-07-09T16:56:05","modified_gmt":"2025-07-09T22:56:05","slug":"el-exgobernador-esta-acusado-por-contratar-a-empresas-fantasma-indira-vizcaino","status":"publish","type":"post","link":"https:\/\/diarioavanzada.com.mx\/?p=93482","title":{"rendered":"El exgobernador est\u00e1 acusado por contratar a \u201cempresas fantasma\u201d"},"content":{"rendered":"\n<p class=\"p1 wp-block-paragraph\">Colima, M\u00e9xico, Avanzada (09\/07\/2025).- La gobernadora de Colima, Indira Vizca\u00edno Silva, revel\u00f3 que la presencia del exgobernador Jos\u00e9 Ignacio \u201cN\u201d en el Juzgado Penal de esta ciudad, ocurrida el pasado 26 de junio, est\u00e1 relacionada con una denuncia por la presunta contrataci\u00f3n de servicios con empresas factureras, com\u00fanmente conocidas como empresas fantasma.<\/p>\n\n\n\n<p class=\"p1 wp-block-paragraph\">En respuesta a preguntas de la prensa, Vizca\u00edno explic\u00f3 que se trata de una de varias denuncias presentadas tras el proceso de entrega-recepci\u00f3n al inicio de su administraci\u00f3n. \u201cUna de las labores que hacen los equipos que van recibiendo es revisar que todo est\u00e9 en orden y lo que no, o lo que aparentemente no, presentar las denuncias correspondientes, porque tambi\u00e9n es importante no ser omisos\u201d, se\u00f1al\u00f3.<\/p>\n\n\n\n<p class=\"p1 wp-block-paragraph\">La mandataria detall\u00f3 que entre las principales observaciones detectadas figura el uso de empresas irregulares para contratar servicios, situaci\u00f3n que dio origen a diversas denuncias ante la Fiscal\u00eda Anticorrupci\u00f3n. \u201cEso es lo que sucedi\u00f3 con esta primera de muchas que seguramente seguir\u00e1n avanzando. Espero que as\u00ed sea, porque al final me parece que es importante que tambi\u00e9n la poblaci\u00f3n colimense tenga certeza de que si algo se hizo mal, haya consecuencia\u201d, agreg\u00f3.<\/p>\n\n\n\n<figure class=\"wp-block-embed is-type-wp-embed is-provider-diario-avanzada wp-block-embed-diario-avanzada\"><div class=\"wp-block-embed__wrapper\">\n<blockquote class=\"wp-embedded-content\" data-secret=\"mIdhRC9nAc\"><a href=\"https:\/\/diarioavanzada.com.mx\/?p=91659\">Nacho Peralta bromea saliendo del Juzgado Penal: aqu\u00ed, casual, \u201cvisitando a las estrellas\u201d<\/a><\/blockquote><iframe loading=\"lazy\" class=\"wp-embedded-content\" sandbox=\"allow-scripts\" security=\"restricted\" style=\"position: absolute; visibility: hidden;\" title=\"&#8220;Nacho Peralta bromea saliendo del Juzgado Penal: aqu\u00ed, casual, \u201cvisitando a las estrellas\u201d&#8221; &#8212; Diario Avanzada\" src=\"https:\/\/diarioavanzada.com.mx\/?p=91659&#038;embed=true#?secret=DjlPdv35Yt#?secret=mIdhRC9nAc\" data-secret=\"mIdhRC9nAc\" width=\"600\" height=\"338\" frameborder=\"0\" marginwidth=\"0\" marginheight=\"0\" scrolling=\"no\"><\/iframe>\n<\/div><\/figure>\n\n\n\n<p class=\"p1 wp-block-paragraph\">El exmandatario estatal fue captado por medios locales a las afueras del juzgado el pasado 26 de junio. Entonces, evit\u00f3 dar detalles del proceso legal que enfrenta, aludiendo al debido proceso. En tono sarc\u00e1stico, dijo que se encontraba \u201cvisitando a las estrellas\u201d, y presumi\u00f3 la construcci\u00f3n del propio edificio judicial durante su sexenio.<\/p>\n\n\n\n<p class=\"p1 wp-block-paragraph\">Peralta tambi\u00e9n declar\u00f3 estar alejado de la pol\u00edtica y residir en la Ciudad de M\u00e9xico, donde trabaja como consultor y profesor. No obstante, su presencia en el juzgado, ahora explicada por la gobernadora, lo coloca nuevamente en el foco p\u00fablico por se\u00f1alamientos de presunta corrupci\u00f3n durante su administraci\u00f3n.<\/p>\n\n\n\n<figure class=\"wp-block-embed is-type-wp-embed is-provider-diario-avanzada wp-block-embed-diario-avanzada\"><div class=\"wp-block-embed__wrapper\">\n<blockquote class=\"wp-embedded-content\" data-secret=\"70ilqpaJyP\"><a href=\"https:\/\/diarioavanzada.com.mx\/?p=91772\">Arnoldo Vizca\u00edno y Ochoa se reunieron previo a audiencia de Nacho Peralta<\/a><\/blockquote><iframe loading=\"lazy\" class=\"wp-embedded-content\" sandbox=\"allow-scripts\" security=\"restricted\" style=\"position: absolute; visibility: hidden;\" title=\"&#8220;Arnoldo Vizca\u00edno y Ochoa se reunieron previo a audiencia de Nacho Peralta&#8221; &#8212; Diario Avanzada\" src=\"https:\/\/diarioavanzada.com.mx\/?p=91772&#038;embed=true#?secret=Jxe4PDdvtH#?secret=70ilqpaJyP\" data-secret=\"70ilqpaJyP\" width=\"600\" height=\"338\" frameborder=\"0\" marginwidth=\"0\" marginheight=\"0\" scrolling=\"no\"><\/iframe>\n<\/div><\/figure>\n\n\n\n<p class=\"wp-block-paragraph\"><\/p>\n<div class=\"fb-background-color\">\n\t\t\t  <div \n\t\t\t  \tclass = \"fb-comments\" \n\t\t\t  \tdata-href = \"https:\/\/diarioavanzada.com.mx\/?p=93482\"\n\t\t\t  \tdata-numposts = \"10\"\n\t\t\t  \tdata-lazy = \"true\"\n\t\t\t\tdata-colorscheme = \"light\"\n\t\t\t\tdata-order-by = \"social\"\n\t\t\t\tdata-mobile=true>\n\t\t\t  <\/div><\/div>\n\t\t  <style>\n\t\t    .fb-background-color {\n\t\t\t\tbackground:  !important;\n\t\t\t}\n\t\t\t.fb_iframe_widget_fluid_desktop iframe {\n\t\t\t    width: 100% !important;\n\t\t\t}\n\t\t  <\/style>\n\t\t  ","protected":false},"excerpt":{"rendered":"<p>Colima, M\u00e9xico, Avanzada (09\/07\/2025).- La gobernadora de Colima, Indira Vizca\u00edno Silva, revel\u00f3 que la presencia del exgobernador Jos\u00e9 Ignacio \u201cN\u201d en el Juzgado Penal de esta ciudad, ocurrida el pasado 26 de junio, est\u00e1 relacionada con una denuncia por la presunta contrataci\u00f3n de servicios con empresas factureras, com\u00fanmente conocidas como empresas fantasma. En respuesta a [&hellip;]<\/p>\n","protected":false},"author":7,"featured_media":93481,"comment_status":"closed","ping_status":"closed","sticky":false,"template":"","format":"standard","meta":{"_coblocks_attr":"","_coblocks_dimensions":"","_coblocks_responsive_height":"","_coblocks_accordion_ie_support":"","_crdt_document":"","advanced_seo_description":"","jetpack_seo_html_title":"","jetpack_seo_noindex":false,"_jetpack_memberships_contains_paid_content":false,"footnotes":""},"categories":[19,209,7],"tags":[210],"class_list":["post-93482","post","type-post","status-publish","format-standard","has-post-thumbnail","hentry","category-colima","category-importantes","category-noticias","tag-portada"],"jetpack_featured_media_url":"https:\/\/diarioavanzada.com.mx\/wp-content\/uploads\/2025\/07\/img_6233-1.jpg","jetpack-related-posts":[],"jetpack_sharing_enabled":true,"amp_enabled":true,"_links":{"self":[{"href":"https:\/\/diarioavanzada.com.mx\/index.php?rest_route=\/wp\/v2\/posts\/93482","targetHints":{"allow":["GET"]}}],"collection":[{"href":"https:\/\/diarioavanzada.com.mx\/index.php?rest_route=\/wp\/v2\/posts"}],"about":[{"href":"https:\/\/diarioavanzada.com.mx\/index.php?rest_route=\/wp\/v2\/types\/post"}],"author":[{"embeddable":true,"href":"https:\/\/diarioavanzada.com.mx\/index.php?rest_route=\/wp\/v2\/users\/7"}],"replies":[{"embeddable":true,"href":"https:\/\/diarioavanzada.com.mx\/index.php?rest_route=%2Fwp%2Fv2%2Fcomments&post=93482"}],"version-history":[{"count":6,"href":"https:\/\/diarioavanzada.com.mx\/index.php?rest_route=\/wp\/v2\/posts\/93482\/revisions"}],"predecessor-version":[{"id":93489,"href":"https:\/\/diarioavanzada.com.mx\/index.php?rest_route=\/wp\/v2\/posts\/93482\/revisions\/93489"}],"wp:featuredmedia":[{"embeddable":true,"href":"https:\/\/diarioavanzada.com.mx\/index.php?rest_route=\/wp\/v2\/media\/93481"}],"wp:attachment":[{"href":"https:\/\/diarioavanzada.com.mx\/index.php?rest_route=%2Fwp%2Fv2%2Fmedia&parent=93482"}],"wp:term":[{"taxonomy":"category","embeddable":true,"href":"https:\/\/diarioavanzada.com.mx\/index.php?rest_route=%2Fwp%2Fv2%2Fcategories&post=93482"},{"taxonomy":"post_tag","embeddable":true,"href":"https:\/\/diarioavanzada.com.mx\/index.php?rest_route=%2Fwp%2Fv2%2Ftags&post=93482"}],"curies":[{"name":"wp","href":"https:\/\/api.w.org\/{rel}","templated":true}]}}