{"id":93457,"date":"2025-07-09T10:50:13","date_gmt":"2025-07-09T16:50:13","guid":{"rendered":"https:\/\/diarioavanzada.com.mx\/?p=93457"},"modified":"2025-07-09T10:50:13","modified_gmt":"2025-07-09T16:50:13","slug":"asesinan-en-oaxaca-a-lider-transportista-junto-a-su-esposa-e-hijo-menor-de-edad","status":"publish","type":"post","link":"https:\/\/diarioavanzada.com.mx\/?p=93457","title":{"rendered":"Asesinan en Oaxaca a l\u00edder transportista junto a su esposa e hijo menor de edad"},"content":{"rendered":"\n<p class=\"p1 wp-block-paragraph\"><em>Un dirigente transportista, su esposa, un menor de edad y otra persona fueron asesinados a balazos en Oaxaca de Ju\u00e1rez; la Fiscal\u00eda estatal investiga el caso y analiza posibles v\u00ednculos con hechos violentos recientes.<\/em><\/p>\n\n\n\n<p class=\"p1 wp-block-paragraph\">Oaxaca, M\u00e9xico, Avanzada (09\/07\/2025).\u2013 Cuatro personas fueron asesinadas la tarde del martes en una zona transitada de la capital oaxaque\u00f1a, entre ellas un conocido l\u00edder del gremio transportista, su esposa y un menor de edad. El ataque ocurri\u00f3 frente al Parque del Amor, en la colonia Alem\u00e1n, cuando las v\u00edctimas viajaban a bordo de una camioneta.<\/p>\n\n\n\n<p class=\"p1 wp-block-paragraph\">Seg\u00fan versiones oficiales, los hechos se registraron alrededor de las 17:00 horas, cuando hombres armados interceptaron y dispararon contra los ocupantes de una camioneta Ford Raptor de color azul. Tras perpetrar la agresi\u00f3n, los atacantes huyeron sin que hasta el momento se haya confirmado su identidad ni se reporten detenidos.<\/p>\n\n\n\n<p class=\"p1 wp-block-paragraph\">Elementos de las polic\u00edas municipal, estatal y de vialidad acudieron al lugar junto con personal de la Fiscal\u00eda General del Estado de Oaxaca (FGEO), que activ\u00f3 un operativo conjunto con el Mando de Coordinaci\u00f3n y Seguridad Metropolitana. Como parte de las acciones, se revisan im\u00e1genes de videovigilancia del sistema C4, lo que permiti\u00f3 asegurar un veh\u00edculo que podr\u00eda estar relacionado con el crimen.<\/p>\n\n\n\n<p class=\"p1 wp-block-paragraph\">Las autoridades confirmaron que entre las v\u00edctimas se encontraba un dirigente transportista identificado como parte de la Confederaci\u00f3n Joven de M\u00e9xico, organizaci\u00f3n que ha estado bajo el escrutinio p\u00fablico tras un reciente enfrentamiento registrado en la Central de Abasto.<\/p>\n\n\n\n<p class=\"p1 wp-block-paragraph\">Cabe mencionar que el l\u00edder asesinado tuvo antecedentes judiciales; en 2016 fue detenido por su presunta implicaci\u00f3n en el homicidio de un familiar, hecho que gener\u00f3 tensiones dentro del mismo gremio sindical.<\/p>\n\n\n\n<p class=\"p1 wp-block-paragraph\">La Fiscal\u00eda inform\u00f3 que las investigaciones contin\u00faan y que personal especializado de la Vicefiscal\u00eda de Valles Centrales y la Fiscal\u00eda para Delitos de Alto Impacto trabaja en el an\u00e1lisis de los indicios para establecer posibles m\u00f3viles y l\u00edneas de investigaci\u00f3n.<\/p>\n\n\n\n<figure class=\"wp-block-image size-large\"><img loading=\"lazy\" decoding=\"async\" width=\"1024\" height=\"905\" src=\"https:\/\/diarioavanzada.com.mx\/wp-content\/uploads\/2025\/07\/img_9162-1-1024x905.jpg\" alt=\"\" class=\"wp-image-93455\" srcset=\"https:\/\/diarioavanzada.com.mx\/wp-content\/uploads\/2025\/07\/img_9162-1-1024x905.jpg 1024w, https:\/\/diarioavanzada.com.mx\/wp-content\/uploads\/2025\/07\/img_9162-1-300x265.jpg 300w, https:\/\/diarioavanzada.com.mx\/wp-content\/uploads\/2025\/07\/img_9162-1-768x678.jpg 768w, https:\/\/diarioavanzada.com.mx\/wp-content\/uploads\/2025\/07\/img_9162-1.jpg 1269w\" sizes=\"auto, (max-width: 1024px) 100vw, 1024px\" \/><\/figure>\n<div class=\"fb-background-color\">\n\t\t\t  <div \n\t\t\t  \tclass = \"fb-comments\" \n\t\t\t  \tdata-href = \"https:\/\/diarioavanzada.com.mx\/?p=93457\"\n\t\t\t  \tdata-numposts = \"10\"\n\t\t\t  \tdata-lazy = \"true\"\n\t\t\t\tdata-colorscheme = \"light\"\n\t\t\t\tdata-order-by = \"social\"\n\t\t\t\tdata-mobile=true>\n\t\t\t  <\/div><\/div>\n\t\t  <style>\n\t\t    .fb-background-color {\n\t\t\t\tbackground:  !important;\n\t\t\t}\n\t\t\t.fb_iframe_widget_fluid_desktop iframe {\n\t\t\t    width: 100% !important;\n\t\t\t}\n\t\t  <\/style>\n\t\t  ","protected":false},"excerpt":{"rendered":"<p>Un dirigente transportista, su esposa, un menor de edad y otra persona fueron asesinados a balazos en Oaxaca de Ju\u00e1rez; la Fiscal\u00eda estatal investiga el caso y analiza posibles v\u00ednculos con hechos violentos recientes. Oaxaca, M\u00e9xico, Avanzada (09\/07\/2025).\u2013 Cuatro personas fueron asesinadas la tarde del martes en una zona transitada de la capital oaxaque\u00f1a, entre [&hellip;]<\/p>\n","protected":false},"author":7,"featured_media":93456,"comment_status":"closed","ping_status":"closed","sticky":false,"template":"","format":"standard","meta":{"_coblocks_attr":"","_coblocks_dimensions":"","_coblocks_responsive_height":"","_coblocks_accordion_ie_support":"","_crdt_document":"","advanced_seo_description":"","jetpack_seo_html_title":"","jetpack_seo_noindex":false,"_jetpack_memberships_contains_paid_content":false,"footnotes":""},"categories":[22,7,231],"tags":[210],"class_list":["post-93457","post","type-post","status-publish","format-standard","has-post-thumbnail","hentry","category-nacion","category-noticias","category-seguridad","tag-portada"],"jetpack_featured_media_url":"https:\/\/diarioavanzada.com.mx\/wp-content\/uploads\/2025\/07\/img_9164-1.jpg","jetpack-related-posts":[],"jetpack_sharing_enabled":true,"amp_enabled":true,"_links":{"self":[{"href":"https:\/\/diarioavanzada.com.mx\/index.php?rest_route=\/wp\/v2\/posts\/93457","targetHints":{"allow":["GET"]}}],"collection":[{"href":"https:\/\/diarioavanzada.com.mx\/index.php?rest_route=\/wp\/v2\/posts"}],"about":[{"href":"https:\/\/diarioavanzada.com.mx\/index.php?rest_route=\/wp\/v2\/types\/post"}],"author":[{"embeddable":true,"href":"https:\/\/diarioavanzada.com.mx\/index.php?rest_route=\/wp\/v2\/users\/7"}],"replies":[{"embeddable":true,"href":"https:\/\/diarioavanzada.com.mx\/index.php?rest_route=%2Fwp%2Fv2%2Fcomments&post=93457"}],"version-history":[{"count":2,"href":"https:\/\/diarioavanzada.com.mx\/index.php?rest_route=\/wp\/v2\/posts\/93457\/revisions"}],"predecessor-version":[{"id":93459,"href":"https:\/\/diarioavanzada.com.mx\/index.php?rest_route=\/wp\/v2\/posts\/93457\/revisions\/93459"}],"wp:featuredmedia":[{"embeddable":true,"href":"https:\/\/diarioavanzada.com.mx\/index.php?rest_route=\/wp\/v2\/media\/93456"}],"wp:attachment":[{"href":"https:\/\/diarioavanzada.com.mx\/index.php?rest_route=%2Fwp%2Fv2%2Fmedia&parent=93457"}],"wp:term":[{"taxonomy":"category","embeddable":true,"href":"https:\/\/diarioavanzada.com.mx\/index.php?rest_route=%2Fwp%2Fv2%2Fcategories&post=93457"},{"taxonomy":"post_tag","embeddable":true,"href":"https:\/\/diarioavanzada.com.mx\/index.php?rest_route=%2Fwp%2Fv2%2Ftags&post=93457"}],"curies":[{"name":"wp","href":"https:\/\/api.w.org\/{rel}","templated":true}]}}