{"id":93432,"date":"2025-07-09T08:53:01","date_gmt":"2025-07-09T14:53:01","guid":{"rendered":"https:\/\/diarioavanzada.com.mx\/?p=93432"},"modified":"2025-07-09T08:53:01","modified_gmt":"2025-07-09T14:53:01","slug":"reportero-se-quiebra-en-vivo-al-descubrir-que-su-jefe-fue-asesinado-en-ciudad-obregon","status":"publish","type":"post","link":"https:\/\/diarioavanzada.com.mx\/?p=93432","title":{"rendered":"Reportero se quiebra en vivo al descubrir que su jefe fue asesinado en Ciudad Obreg\u00f3n"},"content":{"rendered":"\n<p class=\"p1 wp-block-paragraph\">Sonora, M\u00e9xico, Avanzada (09\/07\/2025).- Un reportero del portal Noticias 644 se quebr\u00f3 durante una transmisi\u00f3n en vivo al cubrir un hecho violento en el que fueron asesinadas tres personas, entre ellas su compa\u00f1ero y director del medio, \u00c1ngel Sevilla. El periodista narr\u00f3 que intent\u00f3 comunicarse telef\u00f3nicamente con Sevilla para avisarle que acudir\u00eda al lugar de los hechos, sin embargo, al no obtener respuesta y llegar al sitio, comprendi\u00f3 la raz\u00f3n: su jefe estaba entre las v\u00edctimas.<\/p>\n\n\n\n<p class=\"p1 wp-block-paragraph\">\u201c\u00a1No puede ser posible! \u00bfDe qu\u00e9 sirve que venga la Marina, la Guardia Nacional y medio mundo si no hacen nada? No puede ser\u2026 ya lleg\u00f3 el SEMEFO. Ciudad Obreg\u00f3n, Sonora, una ciudad de porquer\u00eda que no le recomiendo a nadie que visite, y a los que est\u00e1n aqu\u00ed que se cuiden mucho, se los pido de coraz\u00f3n\u201d, expres\u00f3 conmovido.<\/p>\n\n\n\n<p class=\"p1 wp-block-paragraph\">El asesinato gener\u00f3 una oleada de indignaci\u00f3n en redes sociales, donde usuarios reclamaron la creciente violencia en Sonora, particularmente en Ciudad Obreg\u00f3n, municipio que ha sido reiteradamente se\u00f1alado por su alta incidencia criminal. Numerosos cibernautas reprocharon la falta de garant\u00edas de seguridad responsabilizando al gobernador Alfonso Durazo, se\u00f1alando que desde su llegada al poder la violencia se ha recrudecido, mientras las autoridades permanecen inactivas o rebasadas.<\/p>\n\n\n\n<figure class=\"wp-block-video\"><div class=\"wp-block-embed__wrapper\">\n<iframe title=\"VideoPress Video Player\" aria-label='VideoPress Video Player' width='740' height='940' src='https:\/\/videopress.com\/embed\/WchbLCQt?cover=1&amp;preloadContent=metadata&amp;useAverageColor=1&amp;hd=0' frameborder='0' allowfullscreen data-resize-to-parent=\"true\" allow='clipboard-write'><\/iframe><script src='https:\/\/v0.wordpress.com\/js\/next\/videopress-iframe.js?m=1739540970'><\/script>\n<\/div><\/figure>\n\n\n\n<p class=\"p1 wp-block-paragraph\"><\/p>\n<div class=\"fb-background-color\">\n\t\t\t  <div \n\t\t\t  \tclass = \"fb-comments\" \n\t\t\t  \tdata-href = \"https:\/\/diarioavanzada.com.mx\/?p=93432\"\n\t\t\t  \tdata-numposts = \"10\"\n\t\t\t  \tdata-lazy = \"true\"\n\t\t\t\tdata-colorscheme = \"light\"\n\t\t\t\tdata-order-by = \"social\"\n\t\t\t\tdata-mobile=true>\n\t\t\t  <\/div><\/div>\n\t\t  <style>\n\t\t    .fb-background-color {\n\t\t\t\tbackground:  !important;\n\t\t\t}\n\t\t\t.fb_iframe_widget_fluid_desktop iframe {\n\t\t\t    width: 100% !important;\n\t\t\t}\n\t\t  <\/style>\n\t\t  ","protected":false},"excerpt":{"rendered":"<p>Sonora, M\u00e9xico, Avanzada (09\/07\/2025).- Un reportero del portal Noticias 644 se quebr\u00f3 durante una transmisi\u00f3n en vivo al cubrir un hecho violento en el que fueron asesinadas tres personas, entre ellas su compa\u00f1ero y director del medio, \u00c1ngel Sevilla. El periodista narr\u00f3 que intent\u00f3 comunicarse telef\u00f3nicamente con Sevilla para avisarle que acudir\u00eda al lugar de [&hellip;]<\/p>\n","protected":false},"author":7,"featured_media":93431,"comment_status":"closed","ping_status":"closed","sticky":false,"template":"","format":"standard","meta":{"_coblocks_attr":"","_coblocks_dimensions":"","_coblocks_responsive_height":"","_coblocks_accordion_ie_support":"","_crdt_document":"","advanced_seo_description":"","jetpack_seo_html_title":"","jetpack_seo_noindex":false,"_jetpack_memberships_contains_paid_content":false,"footnotes":""},"categories":[209,22,7,231],"tags":[210],"class_list":["post-93432","post","type-post","status-publish","format-standard","has-post-thumbnail","hentry","category-importantes","category-nacion","category-noticias","category-seguridad","tag-portada"],"jetpack_featured_media_url":"https:\/\/diarioavanzada.com.mx\/wp-content\/uploads\/2025\/07\/img_6208-1.jpg","jetpack-related-posts":[],"jetpack_sharing_enabled":true,"amp_enabled":true,"_links":{"self":[{"href":"https:\/\/diarioavanzada.com.mx\/index.php?rest_route=\/wp\/v2\/posts\/93432","targetHints":{"allow":["GET"]}}],"collection":[{"href":"https:\/\/diarioavanzada.com.mx\/index.php?rest_route=\/wp\/v2\/posts"}],"about":[{"href":"https:\/\/diarioavanzada.com.mx\/index.php?rest_route=\/wp\/v2\/types\/post"}],"author":[{"embeddable":true,"href":"https:\/\/diarioavanzada.com.mx\/index.php?rest_route=\/wp\/v2\/users\/7"}],"replies":[{"embeddable":true,"href":"https:\/\/diarioavanzada.com.mx\/index.php?rest_route=%2Fwp%2Fv2%2Fcomments&post=93432"}],"version-history":[{"count":1,"href":"https:\/\/diarioavanzada.com.mx\/index.php?rest_route=\/wp\/v2\/posts\/93432\/revisions"}],"predecessor-version":[{"id":93442,"href":"https:\/\/diarioavanzada.com.mx\/index.php?rest_route=\/wp\/v2\/posts\/93432\/revisions\/93442"}],"wp:featuredmedia":[{"embeddable":true,"href":"https:\/\/diarioavanzada.com.mx\/index.php?rest_route=\/wp\/v2\/media\/93431"}],"wp:attachment":[{"href":"https:\/\/diarioavanzada.com.mx\/index.php?rest_route=%2Fwp%2Fv2%2Fmedia&parent=93432"}],"wp:term":[{"taxonomy":"category","embeddable":true,"href":"https:\/\/diarioavanzada.com.mx\/index.php?rest_route=%2Fwp%2Fv2%2Fcategories&post=93432"},{"taxonomy":"post_tag","embeddable":true,"href":"https:\/\/diarioavanzada.com.mx\/index.php?rest_route=%2Fwp%2Fv2%2Ftags&post=93432"}],"curies":[{"name":"wp","href":"https:\/\/api.w.org\/{rel}","templated":true}]}}