{"id":9330,"date":"2019-12-30T09:08:41","date_gmt":"2019-12-30T14:08:41","guid":{"rendered":"https:\/\/diarioavanzada.com.mx\/?p=9330"},"modified":"2019-12-30T14:16:33","modified_gmt":"2019-12-30T19:16:33","slug":"moviendo-las-cartas","status":"publish","type":"post","link":"https:\/\/diarioavanzada.com.mx\/?p=9330","title":{"rendered":"Moviendo las cartas"},"content":{"rendered":"\n<p class=\"wp-block-paragraph\">Las cartas para el pr\u00f3ximo dos mil veintiuno empiezan a moverse y la \u00fanica constante es que los&nbsp;dirigentes de los&nbsp;partidos&nbsp;pol\u00edticos&nbsp;contin\u00faan con sus movimientos,&nbsp;al mejor estilo palaciego,&nbsp;sin observar&nbsp;que la sociedad es mucho m\u00e1s activa y se mueve con mayor velocidad y con&nbsp;una agenda b\u00e1sica: lucha sin tregua&nbsp;contra la corrupci\u00f3n, b\u00fasqueda de mayor equidad entre los ciudadanos, combate sin cuartelcontra la impunidad y b\u00fasqueda de la paz y la unidad entre los mexicanos.&nbsp;Son tiempos de&nbsp;batallas en Facebook.&nbsp;Los c\u00edrculos rojos est\u00e1n operando en bajo perfil.<\/p>\n\n\n\n<p class=\"wp-block-paragraph\"><strong><em>Los verdes y maduros<\/em><\/strong><\/p>\n\n\n\n<p class=\"wp-block-paragraph\">Los verdes ya se movieron al mejor estilo palaciego urdiendo, seg\u00fan ellos, planes inteligentes de pol\u00edtica al navegar entre la corrupci\u00f3n del PRI&nbsp;-actualmente en el poderlocal- y la b\u00fasqueda de alianzas de facto \u2013por&nbsp;ahora&nbsp;con Morena&nbsp;porque \u00e9ste \u00faltimo est\u00e1 en el Poder Ejecutivo federal-&nbsp;para colarse en la b\u00fasqueda&nbsp;de posiciones, que no del poder,&nbsp;porque no tienen ni capacidad pol\u00edtica ni de movilizaci\u00f3n ciudadana ni de opini\u00f3n entre los ciudadanos. Valga un ejemplo: por un &nbsp;lado conforman una asociaci\u00f3n nacional con Morena y,&nbsp;por otro,&nbsp;cooperan con el&nbsp;Ejecutivo estatal para hacer prevalecer la corrupci\u00f3n y la ineptitud&nbsp;pol\u00edticas.&nbsp;La promoci\u00f3n de la imagen de Virgilio Mendoza es una red&nbsp;tirada&nbsp;al mar para ver que pescan. Su objetivo son posiciones menores y&nbsp;su&nbsp;b\u00fasqueda es ciega pues no distingue colores y es sincr\u00e9tica pues no les&nbsp;importa la plataforma pol\u00edtica. Su consigna es la b\u00fasqueda del hueso a ultranza.<\/p>\n\n\n\n<p class=\"wp-block-paragraph\"><strong><em>El&nbsp;<\/em><\/strong><strong><em>peor<\/em><\/strong><strong><em>&nbsp;azul<\/em><\/strong><strong><em>&nbsp;est\u00e1 por venir<\/em><\/strong><\/p>\n\n\n\n<p class=\"wp-block-paragraph\">Acci\u00f3n Nacional est\u00e1 llegando al peor de sus escenarios. Al parecer la justicia norteamericana est\u00e1 pr\u00f3xima&nbsp;adesvelarnos un narco&nbsp;partido que rompi\u00f3 todos los esquemas de \u00e9l imaginados. Si alguien imagin\u00f3 una hecatombe, se qued\u00f3 cort\u00f3, su resquebrajamiento lento nos augura que lo peor para ellos est\u00e1 por venir.&nbsp;<\/p>\n\n\n\n<p class=\"wp-block-paragraph\">Al perfilar a &nbsp;su pr\u00f3ximo candidato a gobernador a Jorge Luis Preciado es una muestra que&nbsp;el PAN&nbsp;lo mejor est\u00e1 entre lo peor. La mayor\u00eda de personas imagin\u00e1bamos una ca\u00edda lenta pero constante de este partido pero al parecer los muchachos&nbsp;y muchachas del PAN&nbsp;han optado por oprimir el acelerador hacia el abismo.&nbsp;&nbsp;Su agenda qued\u00f3 amarrada a&nbsp;la agenda del partido de Donald&nbsp;Trump&nbsp;y su velocidad y destino estar\u00e1n&nbsp;a merced de las necesidades del mandatario estadounidense. El&nbsp;<em>timing<\/em><em>&nbsp;<\/em>lo van&nbsp;imponer las necesidades del proceso electoral americano y los panistas ser\u00e1n rehenes del juicio, y sus formas, que se impongan en el proceso contra&nbsp;Genaro&nbsp;Garc\u00eda Luna. \u00c9sta ser\u00e1 una variable fundamental.<\/p>\n\n\n\n<p class=\"wp-block-paragraph\"><strong><em>Leoncio en su laberinto<\/em><\/strong><strong><em>&nbsp;naranja<\/em><\/strong><\/p>\n\n\n\n<p class=\"wp-block-paragraph\">Locho parec\u00eda estar sufriendo las consecuencias de las decisiones \u2013malas decisiones- de sus compa\u00f1eros de partido a nivel nacional al aliarse en forma sistem\u00e1tica al PAN y al PRD.<\/p>\n\n\n\n<p class=\"wp-block-paragraph\">Localmente el&nbsp;activo m\u00e1s visible&nbsp;es la propuesta de justicia c\u00edvica.&nbsp;El modelo propuesto por Locho Moran &nbsp;est\u00e1 dise\u00f1ado&nbsp;con el prop\u00f3sito de lograr la&nbsp;paz y colocar a Colima como una de las 10 ciudades m\u00e1s seguras en el pa\u00eds. Su modelo se apoya en:&nbsp;una polic\u00eda de proximidad, la atenci\u00f3n a&nbsp;v\u00edctimas y el juez c\u00edvico, instancias que tienen por objeto fomentar una cultura de legalidad que facilite y mejore la convivencia en nuestra comunidad, evitando que los conflictos escalen a conductas delictivas y\/o actos de violencia, despresurizando el sistema penal y fortaleciendo y legitimando la actividad policial municipal.&nbsp;En s\u00edntesis, se trata de&nbsp;cerrar la puerta de ingreso para delitos mayores.&nbsp;Si Locho obtiene buenos resultados con esta propuesta de cultura y justicia c\u00edvica&nbsp;tendr\u00e1 en ello un activo pol\u00edtico para aspirar a la gubernatura.<\/p>\n\n\n\n<p class=\"wp-block-paragraph\">Los pasivos.&nbsp;El activismo pol\u00edtico, medi\u00e1tico, fren\u00e9tico&nbsp;y sistem\u00e1tico de Azucena L\u00f3pez&nbsp;Legorreta&nbsp;ha llegado a dar a pensar que ella se est\u00e1 promoviendo a la candidatura de la presidencia municipal de Colima.&nbsp;Sin embargo, el pasado 11 de diciembre,&nbsp;le aclar\u00f3 la se\u00f1ora Azucena L\u00f3pez a Amador Contreras que ella no tiene las m\u00e1s m\u00ednimas intenciones de lanzar su candidatura a&nbsp;la Presidencia Municipal que lo suyo es el apoyo solidario a los sectores m\u00e1s vulnerable de la sociedad, vocaci\u00f3n que hered\u00f3 de su madre.<\/p>\n\n\n\n<p class=\"wp-block-paragraph\">Que&nbsp;bueno que la se\u00f1ora L\u00f3pez&nbsp;Legorreta&nbsp;lo aclara pues si Locho transita por estos caminos de la vulgar b\u00fasqueda del poder,&nbsp;que otras parejas han explorado,&nbsp;deben tomar en cuenta que dichos intentos&nbsp;han terminado en forma desastrosa o tr\u00e1gica. Ah\u00ed est\u00e1 el caso de Martha y Vicente en la Presidencia de la Rep\u00fablica&nbsp;y de Rafael Moreno Valle y Martha Erika Alonso en Puebla.&nbsp;<\/p>\n\n\n\n<p class=\"wp-block-paragraph\">La ambici\u00f3n de la vulgar b\u00fasqueda del poder es mala consejera. Locho debe decidir o transita por los caminos de la decencia o se desbarranca por atender los cantos de las sirenas.<\/p>\n\n\n\n<p class=\"wp-block-paragraph\">Sin olvidar que su b\u00fasqueda de apoyos de los c\u00edrculos rojos de la sociedad y de la nomenclatura corporativa de algunas instituciones son otros pasivos de Locho.<\/p>\n\n\n\n<p class=\"wp-block-paragraph\"><strong><em>Ay Morena, more<\/em><\/strong>\u2026<\/p>\n\n\n\n<p class=\"wp-block-paragraph\">Morena ya dej\u00f3 en claro que no tiene las intenciones \u2013cuando menos a nivel local lo proyectan con mucha nitidez- de convertirse en el tamiz y el procesador de los candidatos a las diversas posiciones que estar\u00e1n en juego.&nbsp;<\/p>\n\n\n\n<p class=\"wp-block-paragraph\">L\u00e1zaro C\u00e1rdenas imagin\u00f3 un partido en tres sectores donde all\u00ed se ve\u00edan representados todos los grupos sociales y pol\u00edticos de la sociedad mexicana, vamos un microcosmos de M\u00e9xico. Lo que se procesaba en el interior del partido luego pasaba a ser expuesto a la sociedad abierta para que \u00e9sta&nbsp;ratificara el proceso de hegemon\u00eda.<\/p>\n\n\n\n<p class=\"wp-block-paragraph\">Morena en Colima, hoy, est\u00e1 en una condici\u00f3n similar.&nbsp;Morena debe procesar las candidaturas para establecer consensos y que \u00e9stos sean ratificados o rechazados por la sociedad. Lo digo porque los dem\u00e1s partidos van a jugar un papel meramente testimonial porque ellos se han distanciado de la sociedad, en el mejor de los casos, pero en otros,francamente&nbsp;han&nbsp;insultado a los ciudadanos al apoyar abiertamente el abuso y la corrupci\u00f3n.<\/p>\n\n\n\n<p class=\"wp-block-paragraph\">Yo no veo a los pol\u00edticos de Morena haciendo pol\u00edtica, con algunas excepciones, para ir procesando los consensos. Los veo haciendo politiquer\u00eda.<\/p>\n\n\n\n<p class=\"wp-block-paragraph\">Espero que en acerc\u00e1ndose los tiempos reaccionen y asumen el papel hist\u00f3rico que deben jugar. Sin embargo, creo que tienen una ventaja,&nbsp;cuentan con un gran paraca\u00eddas: AMLO. Quiz\u00e1 esta \u00faltima condici\u00f3n es lo que los tiene confiados.<\/p>\n\n\n\n<p class=\"wp-block-paragraph\"><strong><em>El&nbsp;<\/em><\/strong><strong><em>pri<\/em><\/strong><strong><em>, el ata\u00fad tricolor<\/em><\/strong><\/p>\n\n\n\n<p class=\"wp-block-paragraph\">Unidos, solos o&nbsp;campechaneados&nbsp;los tricolores est\u00e1n muertos.&nbsp;Su misi\u00f3n&nbsp;debe ser&nbsp;la b\u00fasqueda del c\u00f3mo morir con dignidad.<\/p>\n\n\n\n<p class=\"wp-block-paragraph\"><strong><em>Candidatos<\/em><\/strong><strong><em>&nbsp;independientes<\/em><\/strong><\/p>\n\n\n\n<p class=\"wp-block-paragraph\">Considerando lo dif\u00edcil que implica su registro y su asim\u00e9trica competencia frente a los partidos yo no veo candidaturas independiente. Salvo que de \u00faltimo momento surja&nbsp;un movimiento coyuntural \u00e9stas no ser\u00e1n competitivas.<\/p>\n\n\n\n<p class=\"wp-block-paragraph\">Por lo pronto las cartas ya empezaron a moverse.<\/p>\n\n\n\n<p class=\"wp-block-paragraph\"><\/p>\n\n\n\n<p class=\"wp-block-paragraph\">Imagen tomada de Facebook.<\/p>\n<div class=\"fb-background-color\">\n\t\t\t  <div \n\t\t\t  \tclass = \"fb-comments\" \n\t\t\t  \tdata-href = \"https:\/\/diarioavanzada.com.mx\/?p=9330\"\n\t\t\t  \tdata-numposts = \"10\"\n\t\t\t  \tdata-lazy = \"true\"\n\t\t\t\tdata-colorscheme = \"light\"\n\t\t\t\tdata-order-by = \"social\"\n\t\t\t\tdata-mobile=true>\n\t\t\t  <\/div><\/div>\n\t\t  <style>\n\t\t    .fb-background-color {\n\t\t\t\tbackground:  !important;\n\t\t\t}\n\t\t\t.fb_iframe_widget_fluid_desktop iframe {\n\t\t\t    width: 100% !important;\n\t\t\t}\n\t\t  <\/style>\n\t\t  ","protected":false},"excerpt":{"rendered":"<p>Las cartas para el pr\u00f3ximo dos mil veintiuno empiezan a moverse y la \u00fanica constante es que los&nbsp;dirigentes de los&nbsp;partidos&nbsp;pol\u00edticos&nbsp;contin\u00faan con sus movimientos,&nbsp;al mejor estilo palaciego,&nbsp;sin observar&nbsp;que la sociedad es mucho m\u00e1s activa y se mueve con mayor velocidad y con&nbsp;una agenda b\u00e1sica: lucha sin tregua&nbsp;contra la corrupci\u00f3n, b\u00fasqueda de mayor equidad entre los ciudadanos, [&hellip;]<\/p>\n","protected":false},"author":9,"featured_media":9331,"comment_status":"closed","ping_status":"closed","sticky":false,"template":"","format":"standard","meta":{"_coblocks_attr":"","_coblocks_dimensions":"","_coblocks_responsive_height":"","_coblocks_accordion_ie_support":"","advanced_seo_description":"","jetpack_seo_html_title":"","jetpack_seo_noindex":false,"jetpack_seo_schema_type":"","_jetpack_newsletter_access":"","_jetpack_dont_email_post_to_subs":false,"_jetpack_newsletter_tier_id":0,"_jetpack_memberships_contains_paywalled_content":false,"_wpcom_ai_launchpad_first_post":false,"_jetpack_feature_clip_id":0,"_jetpack_memberships_contains_paid_content":false,"footnotes":"","jetpack_post_was_ever_published":false},"categories":[19,24],"tags":[220,210],"class_list":["post-9330","post","type-post","status-publish","format-standard","has-post-thumbnail","hentry","category-colima","category-opinion","tag-opinion","tag-portada"],"jetpack-related-posts":[],"jetpack_sharing_enabled":true,"amp_enabled":true,"jetpack_featured_media_url":"https:\/\/diarioavanzada.com.mx\/wp-content\/uploads\/2019\/12\/1511726_977984665581699_363158054252058239_n.jpg","_links":{"self":[{"href":"https:\/\/diarioavanzada.com.mx\/index.php?rest_route=\/wp\/v2\/posts\/9330","targetHints":{"allow":["GET"]}}],"collection":[{"href":"https:\/\/diarioavanzada.com.mx\/index.php?rest_route=\/wp\/v2\/posts"}],"about":[{"href":"https:\/\/diarioavanzada.com.mx\/index.php?rest_route=\/wp\/v2\/types\/post"}],"author":[{"embeddable":true,"href":"https:\/\/diarioavanzada.com.mx\/index.php?rest_route=\/wp\/v2\/users\/9"}],"replies":[{"embeddable":true,"href":"https:\/\/diarioavanzada.com.mx\/index.php?rest_route=%2Fwp%2Fv2%2Fcomments&post=9330"}],"version-history":[{"count":0,"href":"https:\/\/diarioavanzada.com.mx\/index.php?rest_route=\/wp\/v2\/posts\/9330\/revisions"}],"wp:featuredmedia":[{"embeddable":true,"href":"https:\/\/diarioavanzada.com.mx\/index.php?rest_route=\/wp\/v2\/media\/9331"}],"wp:attachment":[{"href":"https:\/\/diarioavanzada.com.mx\/index.php?rest_route=%2Fwp%2Fv2%2Fmedia&parent=9330"}],"wp:term":[{"taxonomy":"category","embeddable":true,"href":"https:\/\/diarioavanzada.com.mx\/index.php?rest_route=%2Fwp%2Fv2%2Fcategories&post=9330"},{"taxonomy":"post_tag","embeddable":true,"href":"https:\/\/diarioavanzada.com.mx\/index.php?rest_route=%2Fwp%2Fv2%2Ftags&post=9330"}],"curies":[{"name":"wp","href":"https:\/\/api.w.org\/{rel}","templated":true}]}}