{"id":93222,"date":"2025-07-07T19:27:43","date_gmt":"2025-07-08T01:27:43","guid":{"rendered":"https:\/\/diarioavanzada.com.mx\/?p=93222"},"modified":"2025-07-07T19:28:49","modified_gmt":"2025-07-08T01:28:49","slug":"asciende-riult-rivera-al-quinto-lugar-en-el-ranking-de-alcaldes-mejor-evaluados","status":"publish","type":"post","link":"https:\/\/diarioavanzada.com.mx\/?p=93222","title":{"rendered":"Asciende Riult Rivera al quinto lugar en el ranking de alcaldes mejor evaluados"},"content":{"rendered":"\n<p class=\"wp-block-paragraph\"><em>En el estudio de Desempe\u00f1o de Alcaldes de Ciudades Capitales, realizado por Rubrum Info S.A. de C.V., del 1 al 5 de julio de 2025.<\/em><\/p>\n\n\n\n<p class=\"wp-block-paragraph\">Colima, Colima, Comunicado (07\/07\/2025).- El Presidente Municipal de Colima, Riult Rivera Guti\u00e9rrez, ascendi\u00f3 al quinto lugar en el Ranking de Trabajo y Desempe\u00f1o de Alcaldes de Ciudades Capitales, resultado de la m\u00e1s reciente evaluaci\u00f3n correspondiente a julio de 2025, que incluy\u00f3 31 municipios capitales de todo el pa\u00eds .<\/p>\n\n\n\n<p class=\"wp-block-paragraph\">Este estudio, patrocinado por Rubrum Info S.A. de C.V., se realiz\u00f3 del 1 al 5 de julio de 2025 mediante levantamiento telef\u00f3nico aleatorio y autom\u00e1tico, con 600 entrevistas en cada municipio y un margen de error de \u00b13.8% . En \u00e9l, la calificaci\u00f3n promedio otorgada al desempe\u00f1o de Riult Rivera alcanz\u00f3 6.68 puntos en una escala de 1 (m\u00ednimo) a 10 (m\u00e1ximo), ubic\u00e1ndolo por encima de varias capitales hist\u00f3ricamente mejor posicionadas y consolidando su compromiso con la eficacia y la cercan\u00eda ciudadana.<\/p>\n\n\n\n<p class=\"wp-block-paragraph\">Ante la pregunta espec\u00edfica \u00bfQu\u00e9 calificaci\u00f3n le pondr\u00eda usted al desempe\u00f1o del Presidente Municipal Riult Rivera Guti\u00e9rrez, la poblaci\u00f3n de su municipio calific\u00f3 al alcalde capitalino con 6.79, ubic\u00e1ndolo solo por debajo de los alcaldes de M\u00e9rida, San Luis Potos\u00ed, Chihuahua y Monterrey.<\/p>\n\n\n\n<p class=\"wp-block-paragraph\">Durante su gesti\u00f3n, el Ayuntamiento de Colima ha enfocado esfuerzos en mantener servicios p\u00fablicos de calidad, impulsar proyectos de desarrollo urbano y fortalecer la seguridad y el bienestar de las familias colimenses. Este avance en el ranking refleja la confianza que la ciudadan\u00eda deposita en las acciones y programas municipales, as\u00ed como en la capacidad de coordinaci\u00f3n con los distintos niveles de gobierno.<\/p>\n\n\n\n<p class=\"wp-block-paragraph\">Aqu\u00ed el link del estudio completo: <a href=\"https:\/\/rubrum.info\/evaluacion-ciudadana-en-31-capitales-estatales-julio-2025\/\" rel=\"nofollow\">https:\/\/rubrum.info\/evaluacion-ciudadana-en-31-capitales-estatales-julio-2025\/<\/a><\/p>\n\n\n\n<figure class=\"wp-block-image\"><img loading=\"lazy\" decoding=\"async\" width=\"615\" height=\"1024\" src=\"https:\/\/diarioavanzada.com.mx\/wp-content\/uploads\/2025\/07\/908ea43e-b84e-4797-8ce3-d05384b1473e-39291-0000038a24f4866e_file-615x1024.jpg\" alt=\"\" class=\"wp-image-93221\" srcset=\"https:\/\/diarioavanzada.com.mx\/wp-content\/uploads\/2025\/07\/908ea43e-b84e-4797-8ce3-d05384b1473e-39291-0000038a24f4866e_file-615x1024.jpg 615w, https:\/\/diarioavanzada.com.mx\/wp-content\/uploads\/2025\/07\/908ea43e-b84e-4797-8ce3-d05384b1473e-39291-0000038a24f4866e_file-180x300.jpg 180w, https:\/\/diarioavanzada.com.mx\/wp-content\/uploads\/2025\/07\/908ea43e-b84e-4797-8ce3-d05384b1473e-39291-0000038a24f4866e_file-768x1278.jpg 768w, https:\/\/diarioavanzada.com.mx\/wp-content\/uploads\/2025\/07\/908ea43e-b84e-4797-8ce3-d05384b1473e-39291-0000038a24f4866e_file.jpg 781w\" sizes=\"auto, (max-width: 615px) 100vw, 615px\" \/><\/figure>\n\n\n\n<figure class=\"wp-block-image\"><img loading=\"lazy\" decoding=\"async\" width=\"616\" height=\"1024\" src=\"https:\/\/diarioavanzada.com.mx\/wp-content\/uploads\/2025\/07\/c8d73365-6c1a-4b01-b189-4e0722f576fa-39291-0000038a2508128c_file-616x1024.jpg\" alt=\"\" class=\"wp-image-93220\" srcset=\"https:\/\/diarioavanzada.com.mx\/wp-content\/uploads\/2025\/07\/c8d73365-6c1a-4b01-b189-4e0722f576fa-39291-0000038a2508128c_file-616x1024.jpg 616w, https:\/\/diarioavanzada.com.mx\/wp-content\/uploads\/2025\/07\/c8d73365-6c1a-4b01-b189-4e0722f576fa-39291-0000038a2508128c_file-180x300.jpg 180w, https:\/\/diarioavanzada.com.mx\/wp-content\/uploads\/2025\/07\/c8d73365-6c1a-4b01-b189-4e0722f576fa-39291-0000038a2508128c_file-768x1277.jpg 768w, https:\/\/diarioavanzada.com.mx\/wp-content\/uploads\/2025\/07\/c8d73365-6c1a-4b01-b189-4e0722f576fa-39291-0000038a2508128c_file.jpg 776w\" sizes=\"auto, (max-width: 616px) 100vw, 616px\" \/><\/figure>\n\n\n\n<figure class=\"wp-block-image\"><img loading=\"lazy\" decoding=\"async\" width=\"609\" height=\"1024\" src=\"https:\/\/diarioavanzada.com.mx\/wp-content\/uploads\/2025\/07\/62535510-5645-43fe-87f0-130d2698ab6e-39291-0000038a25184e3b_file-609x1024.jpg\" alt=\"\" class=\"wp-image-93219\" srcset=\"https:\/\/diarioavanzada.com.mx\/wp-content\/uploads\/2025\/07\/62535510-5645-43fe-87f0-130d2698ab6e-39291-0000038a25184e3b_file-609x1024.jpg 609w, https:\/\/diarioavanzada.com.mx\/wp-content\/uploads\/2025\/07\/62535510-5645-43fe-87f0-130d2698ab6e-39291-0000038a25184e3b_file-178x300.jpg 178w, https:\/\/diarioavanzada.com.mx\/wp-content\/uploads\/2025\/07\/62535510-5645-43fe-87f0-130d2698ab6e-39291-0000038a25184e3b_file-768x1292.jpg 768w, https:\/\/diarioavanzada.com.mx\/wp-content\/uploads\/2025\/07\/62535510-5645-43fe-87f0-130d2698ab6e-39291-0000038a25184e3b_file.jpg 781w\" sizes=\"auto, (max-width: 609px) 100vw, 609px\" \/><\/figure>\n\n\n\n<figure class=\"wp-block-image\"><img loading=\"lazy\" decoding=\"async\" width=\"610\" height=\"1024\" src=\"https:\/\/diarioavanzada.com.mx\/wp-content\/uploads\/2025\/07\/19ce5c60-e248-4fd6-b5f5-1c2f638af7d9-39291-0000038a252a5177_file-610x1024.jpg\" alt=\"\" class=\"wp-image-93218\" srcset=\"https:\/\/diarioavanzada.com.mx\/wp-content\/uploads\/2025\/07\/19ce5c60-e248-4fd6-b5f5-1c2f638af7d9-39291-0000038a252a5177_file-610x1024.jpg 610w, https:\/\/diarioavanzada.com.mx\/wp-content\/uploads\/2025\/07\/19ce5c60-e248-4fd6-b5f5-1c2f638af7d9-39291-0000038a252a5177_file-179x300.jpg 179w, https:\/\/diarioavanzada.com.mx\/wp-content\/uploads\/2025\/07\/19ce5c60-e248-4fd6-b5f5-1c2f638af7d9-39291-0000038a252a5177_file-768x1290.jpg 768w, https:\/\/diarioavanzada.com.mx\/wp-content\/uploads\/2025\/07\/19ce5c60-e248-4fd6-b5f5-1c2f638af7d9-39291-0000038a252a5177_file.jpg 779w\" sizes=\"auto, (max-width: 610px) 100vw, 610px\" \/><\/figure>\n<div class=\"fb-background-color\">\n\t\t\t  <div \n\t\t\t  \tclass = \"fb-comments\" \n\t\t\t  \tdata-href = \"https:\/\/diarioavanzada.com.mx\/?p=93222\"\n\t\t\t  \tdata-numposts = \"10\"\n\t\t\t  \tdata-lazy = \"true\"\n\t\t\t\tdata-colorscheme = \"light\"\n\t\t\t\tdata-order-by = \"social\"\n\t\t\t\tdata-mobile=true>\n\t\t\t  <\/div><\/div>\n\t\t  <style>\n\t\t    .fb-background-color {\n\t\t\t\tbackground:  !important;\n\t\t\t}\n\t\t\t.fb_iframe_widget_fluid_desktop iframe {\n\t\t\t    width: 100% !important;\n\t\t\t}\n\t\t  <\/style>\n\t\t  ","protected":false},"excerpt":{"rendered":"<p>En el estudio de Desempe\u00f1o de Alcaldes de Ciudades Capitales, realizado por Rubrum Info S.A. de C.V., del 1 al 5 de julio de 2025. Colima, Colima, Comunicado (07\/07\/2025).- El Presidente Municipal de Colima, Riult Rivera Guti\u00e9rrez, ascendi\u00f3 al quinto lugar en el Ranking de Trabajo y Desempe\u00f1o de Alcaldes de Ciudades Capitales, resultado de [&hellip;]<\/p>\n","protected":false},"author":7,"featured_media":93216,"comment_status":"closed","ping_status":"closed","sticky":false,"template":"","format":"standard","meta":{"_coblocks_attr":"","_coblocks_dimensions":"","_coblocks_responsive_height":"","_coblocks_accordion_ie_support":"","_crdt_document":"","advanced_seo_description":"","jetpack_seo_html_title":"","jetpack_seo_noindex":false,"_jetpack_memberships_contains_paid_content":false,"footnotes":""},"categories":[19,209,7],"tags":[210],"class_list":["post-93222","post","type-post","status-publish","format-standard","has-post-thumbnail","hentry","category-colima","category-importantes","category-noticias","tag-portada"],"jetpack_featured_media_url":"https:\/\/diarioavanzada.com.mx\/wp-content\/uploads\/2025\/07\/img_4606-1.jpg","jetpack-related-posts":[],"jetpack_sharing_enabled":true,"amp_enabled":true,"_links":{"self":[{"href":"https:\/\/diarioavanzada.com.mx\/index.php?rest_route=\/wp\/v2\/posts\/93222","targetHints":{"allow":["GET"]}}],"collection":[{"href":"https:\/\/diarioavanzada.com.mx\/index.php?rest_route=\/wp\/v2\/posts"}],"about":[{"href":"https:\/\/diarioavanzada.com.mx\/index.php?rest_route=\/wp\/v2\/types\/post"}],"author":[{"embeddable":true,"href":"https:\/\/diarioavanzada.com.mx\/index.php?rest_route=\/wp\/v2\/users\/7"}],"replies":[{"embeddable":true,"href":"https:\/\/diarioavanzada.com.mx\/index.php?rest_route=%2Fwp%2Fv2%2Fcomments&post=93222"}],"version-history":[{"count":1,"href":"https:\/\/diarioavanzada.com.mx\/index.php?rest_route=\/wp\/v2\/posts\/93222\/revisions"}],"predecessor-version":[{"id":93223,"href":"https:\/\/diarioavanzada.com.mx\/index.php?rest_route=\/wp\/v2\/posts\/93222\/revisions\/93223"}],"wp:featuredmedia":[{"embeddable":true,"href":"https:\/\/diarioavanzada.com.mx\/index.php?rest_route=\/wp\/v2\/media\/93216"}],"wp:attachment":[{"href":"https:\/\/diarioavanzada.com.mx\/index.php?rest_route=%2Fwp%2Fv2%2Fmedia&parent=93222"}],"wp:term":[{"taxonomy":"category","embeddable":true,"href":"https:\/\/diarioavanzada.com.mx\/index.php?rest_route=%2Fwp%2Fv2%2Fcategories&post=93222"},{"taxonomy":"post_tag","embeddable":true,"href":"https:\/\/diarioavanzada.com.mx\/index.php?rest_route=%2Fwp%2Fv2%2Ftags&post=93222"}],"curies":[{"name":"wp","href":"https:\/\/api.w.org\/{rel}","templated":true}]}}