{"id":93137,"date":"2025-07-07T17:07:07","date_gmt":"2025-07-07T23:07:07","guid":{"rendered":"https:\/\/diarioavanzada.com.mx\/?p=93137"},"modified":"2025-07-07T17:11:26","modified_gmt":"2025-07-07T23:11:26","slug":"encuentran-restos-de-un-feto-de-ocho-meses-en-una-jardinera-de-la-alcaldia-de-tlalpan","status":"publish","type":"post","link":"https:\/\/diarioavanzada.com.mx\/?p=93137","title":{"rendered":"Encuentran restos de un feto de ocho meses en una jardinera de la alcald\u00eda de Tlalpan"},"content":{"rendered":"\n<p class=\"p1 wp-block-paragraph\"><em>Vecinos de la colonia El Mirador, en Tlalpan, descubrieron los restos de un feto dentro de una jardinera. El hallazgo ha generado consternaci\u00f3n e indignaci\u00f3n, mientras las autoridades ya investigan el caso como un posible abandono.<\/em><\/p>\n\n\n\n<p class=\"p1 wp-block-paragraph\">Ciudad de M\u00e9xico, Avanzada (07\/07\/2025).- Un macabro hallazgo gener\u00f3 conmoci\u00f3n entre los vecinos de la colonia El Mirador Tercera Secci\u00f3n, en la alcald\u00eda Tlalpan, luego de que fueran encontrados los restos de un feto dentro de una jardinera de la v\u00eda p\u00fablica.<\/p>\n\n\n\n<p class=\"p1 wp-block-paragraph\">El descubrimiento ocurri\u00f3 la ma\u00f1ana de este lunes, cuando un vecino se percat\u00f3 de una bolsa sospechosa y dio aviso a las autoridades. Al lugar acudieron elementos de la Secretar\u00eda de Seguridad Ciudadana (SSC), quienes confirmaron que se trataba de un feto humano envuelto en una prenda blanca.<\/p>\n\n\n\n<p class=\"p1 wp-block-paragraph\">De acuerdo con las primeras indagatorias, se estima que el producto ten\u00eda alrededor de ocho meses de gestaci\u00f3n. La zona fue de inmediato acordonada y se activ\u00f3 un protocolo de atenci\u00f3n interinstitucional.<\/p>\n\n\n\n<p class=\"p1 wp-block-paragraph\">Gracias a las c\u00e1maras de videovigilancia instaladas en el \u00e1rea, se obtuvieron im\u00e1genes que muestran a una persona acercarse en la madrugada y colocar algo en la jardinera antes de retirarse r\u00e1pidamente. Las autoridades ya analizan el video como parte de la investigaci\u00f3n.<\/p>\n\n\n\n<p class=\"p1 wp-block-paragraph\">Al sitio acudieron agentes de la Polic\u00eda de Investigaci\u00f3n, personal del Ministerio P\u00fablico, peritos forenses y elementos de la Fiscal\u00eda General de Justicia de la Ciudad de M\u00e9xico. Los restos fueron trasladados al Servicio M\u00e9dico Forense (SEMEFO) para los ex\u00e1menes correspondientes.<\/p>\n\n\n\n<p class=\"p1 wp-block-paragraph\">Hasta el momento no se logr\u00f3 identificar al presunto responsable ni se han efectuado detenciones. Sin embargo, la fiscal\u00eda mantiene abierta una carpeta de investigaci\u00f3n para esclarecer los hechos y determinar responsabilidades.<\/p>\n\n\n\n<p class=\"p1 wp-block-paragraph\">La alcald\u00eda Tlalpan expres\u00f3 su rechazo ante lo ocurrido y reiter\u00f3 su disposici\u00f3n para colaborar con las autoridades ministeriales. Asimismo, pidi\u00f3 a la ciudadan\u00eda proporcionar cualquier informaci\u00f3n que pueda contribuir al caso, asegurando que se mantendr\u00e1 la confidencialidad de quienes decidan hacerlo de forma an\u00f3nima.<\/p>\n<div class=\"fb-background-color\">\n\t\t\t  <div \n\t\t\t  \tclass = \"fb-comments\" \n\t\t\t  \tdata-href = \"https:\/\/diarioavanzada.com.mx\/?p=93137\"\n\t\t\t  \tdata-numposts = \"10\"\n\t\t\t  \tdata-lazy = \"true\"\n\t\t\t\tdata-colorscheme = \"light\"\n\t\t\t\tdata-order-by = \"social\"\n\t\t\t\tdata-mobile=true>\n\t\t\t  <\/div><\/div>\n\t\t  <style>\n\t\t    .fb-background-color {\n\t\t\t\tbackground:  !important;\n\t\t\t}\n\t\t\t.fb_iframe_widget_fluid_desktop iframe {\n\t\t\t    width: 100% !important;\n\t\t\t}\n\t\t  <\/style>\n\t\t  ","protected":false},"excerpt":{"rendered":"<p>Vecinos de la colonia El Mirador, en Tlalpan, descubrieron los restos de un feto dentro de una jardinera. El hallazgo ha generado consternaci\u00f3n e indignaci\u00f3n, mientras las autoridades ya investigan el caso como un posible abandono. Ciudad de M\u00e9xico, Avanzada (07\/07\/2025).- Un macabro hallazgo gener\u00f3 conmoci\u00f3n entre los vecinos de la colonia El Mirador Tercera [&hellip;]<\/p>\n","protected":false},"author":7,"featured_media":93136,"comment_status":"closed","ping_status":"closed","sticky":false,"template":"","format":"standard","meta":{"_coblocks_attr":"","_coblocks_dimensions":"","_coblocks_responsive_height":"","_coblocks_accordion_ie_support":"","_crdt_document":"","advanced_seo_description":"","jetpack_seo_html_title":"","jetpack_seo_noindex":false,"_jetpack_memberships_contains_paid_content":false,"footnotes":""},"categories":[22,7,231],"tags":[210],"class_list":["post-93137","post","type-post","status-publish","format-standard","has-post-thumbnail","hentry","category-nacion","category-noticias","category-seguridad","tag-portada"],"jetpack_featured_media_url":"https:\/\/diarioavanzada.com.mx\/wp-content\/uploads\/2025\/07\/img_4544-1.png","jetpack-related-posts":[],"jetpack_sharing_enabled":true,"amp_enabled":true,"_links":{"self":[{"href":"https:\/\/diarioavanzada.com.mx\/index.php?rest_route=\/wp\/v2\/posts\/93137","targetHints":{"allow":["GET"]}}],"collection":[{"href":"https:\/\/diarioavanzada.com.mx\/index.php?rest_route=\/wp\/v2\/posts"}],"about":[{"href":"https:\/\/diarioavanzada.com.mx\/index.php?rest_route=\/wp\/v2\/types\/post"}],"author":[{"embeddable":true,"href":"https:\/\/diarioavanzada.com.mx\/index.php?rest_route=\/wp\/v2\/users\/7"}],"replies":[{"embeddable":true,"href":"https:\/\/diarioavanzada.com.mx\/index.php?rest_route=%2Fwp%2Fv2%2Fcomments&post=93137"}],"version-history":[{"count":2,"href":"https:\/\/diarioavanzada.com.mx\/index.php?rest_route=\/wp\/v2\/posts\/93137\/revisions"}],"predecessor-version":[{"id":93139,"href":"https:\/\/diarioavanzada.com.mx\/index.php?rest_route=\/wp\/v2\/posts\/93137\/revisions\/93139"}],"wp:featuredmedia":[{"embeddable":true,"href":"https:\/\/diarioavanzada.com.mx\/index.php?rest_route=\/wp\/v2\/media\/93136"}],"wp:attachment":[{"href":"https:\/\/diarioavanzada.com.mx\/index.php?rest_route=%2Fwp%2Fv2%2Fmedia&parent=93137"}],"wp:term":[{"taxonomy":"category","embeddable":true,"href":"https:\/\/diarioavanzada.com.mx\/index.php?rest_route=%2Fwp%2Fv2%2Fcategories&post=93137"},{"taxonomy":"post_tag","embeddable":true,"href":"https:\/\/diarioavanzada.com.mx\/index.php?rest_route=%2Fwp%2Fv2%2Ftags&post=93137"}],"curies":[{"name":"wp","href":"https:\/\/api.w.org\/{rel}","templated":true}]}}