{"id":93084,"date":"2025-07-07T07:36:40","date_gmt":"2025-07-07T13:36:40","guid":{"rendered":"https:\/\/diarioavanzada.com.mx\/?p=93084"},"modified":"2025-07-07T07:37:58","modified_gmt":"2025-07-07T13:37:58","slug":"policias-en-colima-entre-el-riesgo-y-la-desproteccion","status":"publish","type":"post","link":"https:\/\/diarioavanzada.com.mx\/?p=93084","title":{"rendered":"Polic\u00edas en Colima: entre el riesgo y la desprotecci\u00f3n"},"content":{"rendered":"\n<p class=\"s3 wp-block-paragraph\"><strong>EDITORIAL<\/strong><\/p>\n\n\n\n<p class=\"s3 wp-block-paragraph\">La desaparici\u00f3n de la oficial F\u00e1tima&nbsp;del Roc\u00edo D\u00edaz Arias, integrante de la Polic\u00eda Municipal de Tecom\u00e1n, ocurrida el pasado 26 de junio, representa mucho m\u00e1s que un caso&nbsp;particular. Es el reflejo crudo de una&nbsp;lamentable&nbsp;realidad: ser polic\u00eda en Colima, como en todo&nbsp;el&nbsp;pa\u00eds,&nbsp;es ejercer una de las profesiones m\u00e1s riesgosas, precarias e ingratas que existen hoy en d\u00eda, adem\u00e1s de que es&nbsp;una alerta urgente sobre la manera injusta en que muchas veces se generaliza, se estigmatiza y se invisibiliza la dimensi\u00f3n humana detr\u00e1s del uniforme.<\/p>\n\n\n\n<p class=\"s3 wp-block-paragraph\">Es evidente que no se puede ser ingenuo: hay polic\u00edas coludidos con el crimen organizado. Es una verdad innegable, documentada en m\u00faltiples investigaciones period\u00edsticas y judiciales. Sin embargo, caer en la tentaci\u00f3n de juzgar a todos bajo esa misma \u00f3ptica no s\u00f3lo es injusto, sino profundamente peligroso. Porque criminalizar por sistema a los cuerpos de seguridad es una forma de revictimizar a quienes arriesgan su vida todos los d\u00edas en condiciones adversas, muchas veces sin respaldo ni protecci\u00f3n institucional.<\/p>\n\n\n\n<p class=\"s3 wp-block-paragraph\">La desaparici\u00f3n de una mujer polic\u00eda, como ocurri\u00f3 con F\u00e1tima del Roc\u00edo, quien es madre de tres hijos,&nbsp;deber\u00eda estremecer al aparato estatal y a la sociedad. Deber\u00eda generar una reflexi\u00f3n profunda sobre c\u00f3mo se abandonan a su suerte a los agentes del orden, especialmente en municipios golpeados por la violencia como Tecom\u00e1n.<\/p>\n\n\n\n<p class=\"s3 wp-block-paragraph\">Como lo evidenci\u00f3 en su momento Avanzada, resulta lamentable que a pesar de que la desaparici\u00f3n de F\u00e1tima del Roc\u00edo ocurri\u00f3 hace varios d\u00edas, las autoridades municipales de Tecom\u00e1n no se hab\u00edan pronunciado al respecto, como lo denunciaron y reclamaron sus compa\u00f1eras y compa\u00f1eros que realizaron un paro con exigencias relacionadas con las condiciones en que laboran.<\/p>\n\n\n\n<p class=\"s3 wp-block-paragraph\">La precariedad laboral que enfrentan muchos de ellos es&nbsp;alarmante&nbsp;porque sobreviven con&nbsp;salarios bajos, jornadas extenuantes, falta de prestaciones, equipos de trabajo obsoletos o inexistentes, y, lo m\u00e1s grave, una nula garant\u00eda de protecci\u00f3n personal y familiar frente a las amenazas del crimen.<\/p>\n\n\n\n<p class=\"s3 wp-block-paragraph\">En Colima, donde las cifras de homicidios dolosos, desapariciones y enfrentamientos armados se han mantenido en niveles alarmantes, ser polic\u00eda no es un privilegio, sino un acto cotidiano de sobrevivencia. Y ese drama humano rara vez es atendido con la seriedad que merece. Se exige mucho, se ofrece poco. Se les pide que enfrenten a organizaciones&nbsp;criminales con chalecos vencidos y armas inferiores. Se les ordena patrullar colonias peligrosas sin inteligencia, sin respaldo, sin garant\u00edas. Se les utiliza como carne de ca\u00f1\u00f3n en un conflicto donde muchas veces la l\u00ednea entre legalidad e ilegalidad est\u00e1 rota desde arriba.<\/p>\n\n\n\n<p class=\"s3 wp-block-paragraph\">La sociedad tiene derecho a exigir cuerpos policiacos honestos y funcionales. Pero tambi\u00e9n tiene la obligaci\u00f3n moral de reconocer que no todos los polic\u00edas son corruptos ni c\u00f3mplices. Muchos son mujeres y hombres que intentan hacer su trabajo con dignidad en un entorno profundamente adverso. Muchos tienen familias, hijos, aspiraciones, miedos. Muchos est\u00e1n tan atrapados como nosotros en un sistema que no protege a nadie, pero los expone a todos.<\/p>\n\n\n\n<p class=\"s3 wp-block-paragraph\">Negarles esa humanidad es condenarlos al olvido. Y condenarnos, como sociedad, a seguir viviendo en un estado donde nadie quiere \u2014ni puede\u2014 protegernos, porque si dejamos solos a los polic\u00edas que s\u00ed quieren hacer bien su trabajo, no habr\u00e1 futuro seguro para nadie.<\/p>\n<div class=\"fb-background-color\">\n\t\t\t  <div \n\t\t\t  \tclass = \"fb-comments\" \n\t\t\t  \tdata-href = \"https:\/\/diarioavanzada.com.mx\/?p=93084\"\n\t\t\t  \tdata-numposts = \"10\"\n\t\t\t  \tdata-lazy = \"true\"\n\t\t\t\tdata-colorscheme = \"light\"\n\t\t\t\tdata-order-by = \"social\"\n\t\t\t\tdata-mobile=true>\n\t\t\t  <\/div><\/div>\n\t\t  <style>\n\t\t    .fb-background-color {\n\t\t\t\tbackground:  !important;\n\t\t\t}\n\t\t\t.fb_iframe_widget_fluid_desktop iframe {\n\t\t\t    width: 100% !important;\n\t\t\t}\n\t\t  <\/style>\n\t\t  ","protected":false},"excerpt":{"rendered":"<p>EDITORIAL La desaparici\u00f3n de la oficial F\u00e1tima&nbsp;del Roc\u00edo D\u00edaz Arias, integrante de la Polic\u00eda Municipal de Tecom\u00e1n, ocurrida el pasado 26 de junio, representa mucho m\u00e1s que un caso&nbsp;particular. Es el reflejo crudo de una&nbsp;lamentable&nbsp;realidad: ser polic\u00eda en Colima, como en todo&nbsp;el&nbsp;pa\u00eds,&nbsp;es ejercer una de las profesiones m\u00e1s riesgosas, precarias e ingratas que existen hoy [&hellip;]<\/p>\n","protected":false},"author":7,"featured_media":93085,"comment_status":"closed","ping_status":"closed","sticky":false,"template":"","format":"standard","meta":{"_coblocks_attr":"","_coblocks_dimensions":"","_coblocks_responsive_height":"","_coblocks_accordion_ie_support":"","_crdt_document":"","advanced_seo_description":"","jetpack_seo_html_title":"","jetpack_seo_noindex":false,"_jetpack_memberships_contains_paid_content":false,"footnotes":""},"categories":[19,209,7,231],"tags":[210],"class_list":["post-93084","post","type-post","status-publish","format-standard","has-post-thumbnail","hentry","category-colima","category-importantes","category-noticias","category-seguridad","tag-portada"],"jetpack_featured_media_url":"https:\/\/diarioavanzada.com.mx\/wp-content\/uploads\/2025\/07\/img_6084-2.jpg","jetpack-related-posts":[],"jetpack_sharing_enabled":true,"amp_enabled":true,"_links":{"self":[{"href":"https:\/\/diarioavanzada.com.mx\/index.php?rest_route=\/wp\/v2\/posts\/93084","targetHints":{"allow":["GET"]}}],"collection":[{"href":"https:\/\/diarioavanzada.com.mx\/index.php?rest_route=\/wp\/v2\/posts"}],"about":[{"href":"https:\/\/diarioavanzada.com.mx\/index.php?rest_route=\/wp\/v2\/types\/post"}],"author":[{"embeddable":true,"href":"https:\/\/diarioavanzada.com.mx\/index.php?rest_route=\/wp\/v2\/users\/7"}],"replies":[{"embeddable":true,"href":"https:\/\/diarioavanzada.com.mx\/index.php?rest_route=%2Fwp%2Fv2%2Fcomments&post=93084"}],"version-history":[{"count":1,"href":"https:\/\/diarioavanzada.com.mx\/index.php?rest_route=\/wp\/v2\/posts\/93084\/revisions"}],"predecessor-version":[{"id":93086,"href":"https:\/\/diarioavanzada.com.mx\/index.php?rest_route=\/wp\/v2\/posts\/93084\/revisions\/93086"}],"wp:featuredmedia":[{"embeddable":true,"href":"https:\/\/diarioavanzada.com.mx\/index.php?rest_route=\/wp\/v2\/media\/93085"}],"wp:attachment":[{"href":"https:\/\/diarioavanzada.com.mx\/index.php?rest_route=%2Fwp%2Fv2%2Fmedia&parent=93084"}],"wp:term":[{"taxonomy":"category","embeddable":true,"href":"https:\/\/diarioavanzada.com.mx\/index.php?rest_route=%2Fwp%2Fv2%2Fcategories&post=93084"},{"taxonomy":"post_tag","embeddable":true,"href":"https:\/\/diarioavanzada.com.mx\/index.php?rest_route=%2Fwp%2Fv2%2Ftags&post=93084"}],"curies":[{"name":"wp","href":"https:\/\/api.w.org\/{rel}","templated":true}]}}