{"id":93056,"date":"2025-07-06T19:53:33","date_gmt":"2025-07-07T01:53:33","guid":{"rendered":"https:\/\/diarioavanzada.com.mx\/?p=93056"},"modified":"2025-07-06T19:53:36","modified_gmt":"2025-07-07T01:53:36","slug":"la-educacion-es-un-viaje-continuo-ana-lilia-moreno","status":"publish","type":"post","link":"https:\/\/diarioavanzada.com.mx\/?p=93056","title":{"rendered":"La educaci\u00f3n es un viaje continuo: Ana Lilia Moreno"},"content":{"rendered":"\n<p class=\"wp-block-paragraph\"><em>En emotiva ceremonia, egresan 50 estudiantes del Bachillerato 26 de la Universidad de Colima, ubicado en el municipio de Ixtlahuac\u00e1n.<\/em><\/p>\n\n\n\n<p class=\"wp-block-paragraph\">Colima, M\u00e9xico, Comunicado (06\/07\/2025).- Acompa\u00f1ados por sus familias, docentes y autoridades universitarias, 50 estudiantes del Bachillerato 26 de la Universidad de Colima, ubicado en el municipio de Ixtlahuac\u00e1n, recibieron el certificado que acredita el cierre de una de las etapas m\u00e1s significativas de su vida acad\u00e9mica: la educaci\u00f3n media superior.<\/p>\n\n\n\n<p class=\"wp-block-paragraph\">La ceremonia se realiz\u00f3 en el auditorio de la Casa de la Cultura, donde se destac\u00f3 no solo el esfuerzo individual de cada egresado y egresada, sino tambi\u00e9n el respaldo de una comunidad educativa comprometida con formar generaciones que aspiran a transformar su entorno.<\/p>\n\n\n\n<p class=\"wp-block-paragraph\">Durante el evento, el director del plantel, Mtro. Jos\u00e9 Guadalupe Narv\u00e1ez Zapata, expres\u00f3 que esta generaci\u00f3n no solo super\u00f3 materias y ex\u00e1menes, sino que tambi\u00e9n aprendi\u00f3 a convivir, a construir amistades, a sortear obst\u00e1culos y a crecer como personas. \u201cEste es solo el comienzo. Lleven con orgullo lo aprendido aqu\u00ed y salgan al mundo con la mirada en alto\u201d, les dijo.<\/p>\n\n\n\n<p class=\"wp-block-paragraph\">En nombre de sus compa\u00f1eros, la estudiante Dariana Alcaraz Guti\u00e9rrez comparti\u00f3 un mensaje en el que evoc\u00f3 aprendizajes y momentos que marcaron la trayectoria del grupo: desde puestas en escena hasta los consejos de sus docentes.<\/p>\n\n\n\n<p class=\"wp-block-paragraph\">La Mtra. Ana Lilia Moreno Osegueda, delegada en Tecom\u00e1n, en representaci\u00f3n del rector Christian Jorge Torres Ortiz Zerme\u00f1o, felicit\u00f3 a las y los j\u00f3venes por no rendirse y por demostrar que la constancia y las metas claras siempre dan frutos. \u201cHoy dejan atr\u00e1s el bachillerato, pero no el aprendizaje. La educaci\u00f3n es un viaje continuo. Lleven en sus alas lo vivido, lo aprendido y a todos quienes caminaron junto a ustedes\u201d, expres\u00f3.<\/p>\n\n\n\n<p class=\"wp-block-paragraph\">Moreno Osegueda tambi\u00e9n destac\u00f3 el papel de las familias y del profesorado, a quienes agradeci\u00f3 por ser soporte emocional, gu\u00eda acad\u00e9mica y fuente de inspiraci\u00f3n para los egresados.<\/p>\n\n\n\n<p class=\"wp-block-paragraph\">As\u00ed, el Bachillerato 26 culmin\u00f3 con \u00e9xito la formaci\u00f3n de una nueva generaci\u00f3n de j\u00f3venes de Ixtlahuac\u00e1n, reafirmando el compromiso de la Universidad de Colima con brindar oportunidades reales de desarrollo en todas las regiones del estado. La ceremonia concluy\u00f3 con una certeza en com\u00fan, que el camino apenas comienza.<\/p>\n\n\n\n<p class=\"wp-block-paragraph\">En el pres\u00eddium estuvieron \u00d3scar Pedraza, supervisor escolar, en representaci\u00f3n de la Direcci\u00f3n General de Educaci\u00f3n Media Superior; Juan Gabriel Fajardo, delegado sindical por parte del SUTUC y el estudiante Iv\u00e1n Salvador Sierra por la FEC.<\/p>\n\n\n\n<figure class=\"wp-block-image size-large\"><img loading=\"lazy\" decoding=\"async\" width=\"1024\" height=\"683\" src=\"https:\/\/diarioavanzada.com.mx\/wp-content\/uploads\/2025\/07\/Bachillerato-26-de-Ixtlahuacan-entrega-50-certificados_b-1024x683.jpg\" alt=\"\" class=\"wp-image-93058\" srcset=\"https:\/\/diarioavanzada.com.mx\/wp-content\/uploads\/2025\/07\/Bachillerato-26-de-Ixtlahuacan-entrega-50-certificados_b-1024x683.jpg 1024w, https:\/\/diarioavanzada.com.mx\/wp-content\/uploads\/2025\/07\/Bachillerato-26-de-Ixtlahuacan-entrega-50-certificados_b-300x200.jpg 300w, https:\/\/diarioavanzada.com.mx\/wp-content\/uploads\/2025\/07\/Bachillerato-26-de-Ixtlahuacan-entrega-50-certificados_b-768x512.jpg 768w, https:\/\/diarioavanzada.com.mx\/wp-content\/uploads\/2025\/07\/Bachillerato-26-de-Ixtlahuacan-entrega-50-certificados_b-1536x1024.jpg 1536w, https:\/\/diarioavanzada.com.mx\/wp-content\/uploads\/2025\/07\/Bachillerato-26-de-Ixtlahuacan-entrega-50-certificados_b-2048x1365.jpg 2048w, https:\/\/diarioavanzada.com.mx\/wp-content\/uploads\/2025\/07\/Bachillerato-26-de-Ixtlahuacan-entrega-50-certificados_b-1200x800.jpg 1200w\" sizes=\"auto, (max-width: 1024px) 100vw, 1024px\" \/><\/figure>\n\n\n\n<figure class=\"wp-block-image size-large\"><img loading=\"lazy\" decoding=\"async\" width=\"1024\" height=\"683\" src=\"https:\/\/diarioavanzada.com.mx\/wp-content\/uploads\/2025\/07\/Bachillerato-26-de-Ixtlahuacan-entrega-50-certificados_a-1024x683.jpg\" alt=\"\" class=\"wp-image-93059\" srcset=\"https:\/\/diarioavanzada.com.mx\/wp-content\/uploads\/2025\/07\/Bachillerato-26-de-Ixtlahuacan-entrega-50-certificados_a-1024x683.jpg 1024w, https:\/\/diarioavanzada.com.mx\/wp-content\/uploads\/2025\/07\/Bachillerato-26-de-Ixtlahuacan-entrega-50-certificados_a-300x200.jpg 300w, https:\/\/diarioavanzada.com.mx\/wp-content\/uploads\/2025\/07\/Bachillerato-26-de-Ixtlahuacan-entrega-50-certificados_a-768x512.jpg 768w, https:\/\/diarioavanzada.com.mx\/wp-content\/uploads\/2025\/07\/Bachillerato-26-de-Ixtlahuacan-entrega-50-certificados_a-1536x1024.jpg 1536w, https:\/\/diarioavanzada.com.mx\/wp-content\/uploads\/2025\/07\/Bachillerato-26-de-Ixtlahuacan-entrega-50-certificados_a-2048x1365.jpg 2048w, https:\/\/diarioavanzada.com.mx\/wp-content\/uploads\/2025\/07\/Bachillerato-26-de-Ixtlahuacan-entrega-50-certificados_a-1200x800.jpg 1200w\" sizes=\"auto, (max-width: 1024px) 100vw, 1024px\" \/><\/figure>\n\n\n\n<figure class=\"wp-block-image size-large\"><img loading=\"lazy\" decoding=\"async\" width=\"1024\" height=\"683\" src=\"https:\/\/diarioavanzada.com.mx\/wp-content\/uploads\/2025\/07\/Bachillerato-26-de-Ixtlahuacan-entrega-50-certificados_Ana-Lilia-1024x683.jpg\" alt=\"\" class=\"wp-image-93061\" srcset=\"https:\/\/diarioavanzada.com.mx\/wp-content\/uploads\/2025\/07\/Bachillerato-26-de-Ixtlahuacan-entrega-50-certificados_Ana-Lilia-1024x683.jpg 1024w, https:\/\/diarioavanzada.com.mx\/wp-content\/uploads\/2025\/07\/Bachillerato-26-de-Ixtlahuacan-entrega-50-certificados_Ana-Lilia-300x200.jpg 300w, https:\/\/diarioavanzada.com.mx\/wp-content\/uploads\/2025\/07\/Bachillerato-26-de-Ixtlahuacan-entrega-50-certificados_Ana-Lilia-768x512.jpg 768w, https:\/\/diarioavanzada.com.mx\/wp-content\/uploads\/2025\/07\/Bachillerato-26-de-Ixtlahuacan-entrega-50-certificados_Ana-Lilia-1536x1024.jpg 1536w, https:\/\/diarioavanzada.com.mx\/wp-content\/uploads\/2025\/07\/Bachillerato-26-de-Ixtlahuacan-entrega-50-certificados_Ana-Lilia-2048x1365.jpg 2048w, https:\/\/diarioavanzada.com.mx\/wp-content\/uploads\/2025\/07\/Bachillerato-26-de-Ixtlahuacan-entrega-50-certificados_Ana-Lilia-1200x800.jpg 1200w\" sizes=\"auto, (max-width: 1024px) 100vw, 1024px\" \/><\/figure>\n\n\n\n<figure class=\"wp-block-image size-large\"><img loading=\"lazy\" decoding=\"async\" width=\"1024\" height=\"683\" src=\"https:\/\/diarioavanzada.com.mx\/wp-content\/uploads\/2025\/07\/Bachillerato-26-de-Ixtlahuacan-entrega-50-certificados-1024x683.jpg\" alt=\"\" class=\"wp-image-93062\" srcset=\"https:\/\/diarioavanzada.com.mx\/wp-content\/uploads\/2025\/07\/Bachillerato-26-de-Ixtlahuacan-entrega-50-certificados-1024x683.jpg 1024w, https:\/\/diarioavanzada.com.mx\/wp-content\/uploads\/2025\/07\/Bachillerato-26-de-Ixtlahuacan-entrega-50-certificados-300x200.jpg 300w, https:\/\/diarioavanzada.com.mx\/wp-content\/uploads\/2025\/07\/Bachillerato-26-de-Ixtlahuacan-entrega-50-certificados-768x512.jpg 768w, https:\/\/diarioavanzada.com.mx\/wp-content\/uploads\/2025\/07\/Bachillerato-26-de-Ixtlahuacan-entrega-50-certificados-1536x1024.jpg 1536w, https:\/\/diarioavanzada.com.mx\/wp-content\/uploads\/2025\/07\/Bachillerato-26-de-Ixtlahuacan-entrega-50-certificados-2048x1365.jpg 2048w, https:\/\/diarioavanzada.com.mx\/wp-content\/uploads\/2025\/07\/Bachillerato-26-de-Ixtlahuacan-entrega-50-certificados-1200x800.jpg 1200w\" sizes=\"auto, (max-width: 1024px) 100vw, 1024px\" \/><\/figure>\n\n\n\n<figure class=\"wp-block-image size-large\"><img loading=\"lazy\" decoding=\"async\" width=\"1024\" height=\"683\" src=\"https:\/\/diarioavanzada.com.mx\/wp-content\/uploads\/2025\/07\/Bachillerato-26-de-Ixtlahuacan-entrega-50-certificados_Narvaez-1024x683.jpg\" alt=\"\" class=\"wp-image-93065\" srcset=\"https:\/\/diarioavanzada.com.mx\/wp-content\/uploads\/2025\/07\/Bachillerato-26-de-Ixtlahuacan-entrega-50-certificados_Narvaez-1024x683.jpg 1024w, https:\/\/diarioavanzada.com.mx\/wp-content\/uploads\/2025\/07\/Bachillerato-26-de-Ixtlahuacan-entrega-50-certificados_Narvaez-300x200.jpg 300w, https:\/\/diarioavanzada.com.mx\/wp-content\/uploads\/2025\/07\/Bachillerato-26-de-Ixtlahuacan-entrega-50-certificados_Narvaez-768x512.jpg 768w, https:\/\/diarioavanzada.com.mx\/wp-content\/uploads\/2025\/07\/Bachillerato-26-de-Ixtlahuacan-entrega-50-certificados_Narvaez-1536x1024.jpg 1536w, https:\/\/diarioavanzada.com.mx\/wp-content\/uploads\/2025\/07\/Bachillerato-26-de-Ixtlahuacan-entrega-50-certificados_Narvaez-2048x1365.jpg 2048w, https:\/\/diarioavanzada.com.mx\/wp-content\/uploads\/2025\/07\/Bachillerato-26-de-Ixtlahuacan-entrega-50-certificados_Narvaez-1200x800.jpg 1200w\" sizes=\"auto, (max-width: 1024px) 100vw, 1024px\" \/><\/figure>\n<div class=\"fb-background-color\">\n\t\t\t  <div \n\t\t\t  \tclass = \"fb-comments\" \n\t\t\t  \tdata-href = \"https:\/\/diarioavanzada.com.mx\/?p=93056\"\n\t\t\t  \tdata-numposts = \"10\"\n\t\t\t  \tdata-lazy = \"true\"\n\t\t\t\tdata-colorscheme = \"light\"\n\t\t\t\tdata-order-by = \"social\"\n\t\t\t\tdata-mobile=true>\n\t\t\t  <\/div><\/div>\n\t\t  <style>\n\t\t    .fb-background-color {\n\t\t\t\tbackground:  !important;\n\t\t\t}\n\t\t\t.fb_iframe_widget_fluid_desktop iframe {\n\t\t\t    width: 100% !important;\n\t\t\t}\n\t\t  <\/style>\n\t\t  ","protected":false},"excerpt":{"rendered":"<p>En emotiva ceremonia, egresan 50 estudiantes del Bachillerato 26 de la Universidad de Colima, ubicado en el municipio de Ixtlahuac\u00e1n. Colima, M\u00e9xico, Comunicado (06\/07\/2025).- Acompa\u00f1ados por sus familias, docentes y autoridades universitarias, 50 estudiantes del Bachillerato 26 de la Universidad de Colima, ubicado en el municipio de Ixtlahuac\u00e1n, recibieron el certificado que acredita el cierre [&hellip;]<\/p>\n","protected":false},"author":7,"featured_media":93063,"comment_status":"closed","ping_status":"closed","sticky":false,"template":"","format":"standard","meta":{"_coblocks_attr":"","_coblocks_dimensions":"","_coblocks_responsive_height":"","_coblocks_accordion_ie_support":"","_crdt_document":"","advanced_seo_description":"","jetpack_seo_html_title":"","jetpack_seo_noindex":false,"_jetpack_memberships_contains_paid_content":false,"footnotes":""},"categories":[19,209,7],"tags":[],"class_list":["post-93056","post","type-post","status-publish","format-standard","has-post-thumbnail","hentry","category-colima","category-importantes","category-noticias"],"jetpack_featured_media_url":"https:\/\/diarioavanzada.com.mx\/wp-content\/uploads\/2025\/07\/Bachillerato-26-de-Ixtlahuacan-entrega-50-certificados_c.jpg","jetpack-related-posts":[],"jetpack_sharing_enabled":true,"amp_enabled":true,"_links":{"self":[{"href":"https:\/\/diarioavanzada.com.mx\/index.php?rest_route=\/wp\/v2\/posts\/93056","targetHints":{"allow":["GET"]}}],"collection":[{"href":"https:\/\/diarioavanzada.com.mx\/index.php?rest_route=\/wp\/v2\/posts"}],"about":[{"href":"https:\/\/diarioavanzada.com.mx\/index.php?rest_route=\/wp\/v2\/types\/post"}],"author":[{"embeddable":true,"href":"https:\/\/diarioavanzada.com.mx\/index.php?rest_route=\/wp\/v2\/users\/7"}],"replies":[{"embeddable":true,"href":"https:\/\/diarioavanzada.com.mx\/index.php?rest_route=%2Fwp%2Fv2%2Fcomments&post=93056"}],"version-history":[{"count":4,"href":"https:\/\/diarioavanzada.com.mx\/index.php?rest_route=\/wp\/v2\/posts\/93056\/revisions"}],"predecessor-version":[{"id":93066,"href":"https:\/\/diarioavanzada.com.mx\/index.php?rest_route=\/wp\/v2\/posts\/93056\/revisions\/93066"}],"wp:featuredmedia":[{"embeddable":true,"href":"https:\/\/diarioavanzada.com.mx\/index.php?rest_route=\/wp\/v2\/media\/93063"}],"wp:attachment":[{"href":"https:\/\/diarioavanzada.com.mx\/index.php?rest_route=%2Fwp%2Fv2%2Fmedia&parent=93056"}],"wp:term":[{"taxonomy":"category","embeddable":true,"href":"https:\/\/diarioavanzada.com.mx\/index.php?rest_route=%2Fwp%2Fv2%2Fcategories&post=93056"},{"taxonomy":"post_tag","embeddable":true,"href":"https:\/\/diarioavanzada.com.mx\/index.php?rest_route=%2Fwp%2Fv2%2Ftags&post=93056"}],"curies":[{"name":"wp","href":"https:\/\/api.w.org\/{rel}","templated":true}]}}