{"id":9297,"date":"2019-12-24T09:15:19","date_gmt":"2019-12-24T14:15:19","guid":{"rendered":"https:\/\/diarioavanzada.com.mx\/?p=9297"},"modified":"2019-12-24T09:16:41","modified_gmt":"2019-12-24T14:16:41","slug":"aumenta-hasta-un-100-el-precio-de-algunas-frutas-y-verduras-en-colima","status":"publish","type":"post","link":"https:\/\/diarioavanzada.com.mx\/?p=9297","title":{"rendered":"Aumenta hasta un 100% el precio de algunas frutas y verduras en Colima"},"content":{"rendered":"\n<p class=\"wp-block-paragraph\">Colima, M\u00e9xico, Avanzada (24\/12\/2019).- Previo a la cena navide\u00f1a algunos productos de la canasta b\u00e1sica se dispararon en casi un 100 por ciento, seg\u00fan los precios de tiendas y mercados del estado de Colima.<\/p>\n\n\n\n<p class=\"wp-block-paragraph\">Por ejemplo, en los tianguis y mercados de la entidad, el kilo de jitomate se oferta en 23 pesos con 50 centavos y en tiendas de autoservicios el kilo alcanza casi los 35 pesos.<\/p>\n\n\n\n<p class=\"wp-block-paragraph\">El jueves de la semana pasada, el kilo de jitomate se vendi\u00f3 a 13 pesos, por lo tanto, el incremento es de 100 por ciento.<\/p>\n\n\n\n<p class=\"wp-block-paragraph\">\u201cEmpezamos el lunes con un aumento en los precios, y justo en los d\u00edas previos a las fiestas navide\u00f1as y seg\u00fan se prev\u00e9 aumentar\u00e1n un poco m\u00e1s. Es por la temporada de invierno, es cuando las frutas y verduras escasean y se incrementa el costo\u201d, dijo uno de los comerciantes locales.<\/p>\n\n\n\n<p class=\"wp-block-paragraph\">Mientras el kilo de uvas tambi\u00e9n registr\u00f3 un aumento considerable, pues la semana ante pasada se vend\u00eda en 60 pesos el kilo y ahora cuesta entre 80 pesos y 120 pesos el kilo, \u201ctambi\u00e9n hay un aumento importante por la temporada. Se prev\u00e9 que hasta mediados de enero estar\u00e1 bajando el precio\u201d, dijo.<\/p>\n\n\n\n<p class=\"wp-block-paragraph\">La manzana roja es otra de las frutas que registra un aumento importante, y sobre todo durante las fiestas decembrinas.<\/p>\n\n\n\n<p class=\"wp-block-paragraph\">En una breve entrevista, la se\u00f1ora Rosa Guti\u00e9rrez Mart\u00ednez indic\u00f3 que el aumento de los productos impacta la econom\u00eda familiar, \u201ctan s\u00f3lo para la cena navide\u00f1a, si quieres hacer una ensalada que lleva manzana, necesitas unos dos o tres kilos y de eso ya son m\u00e1s de 100 pesos, adem\u00e1s, las uvas son otros 100 pesos, las nueces, la crema, y la pi\u00f1a. Te gastas unos 300 o 400 pesos en eso. Si es un gasto considerable\u201d, dijo.<\/p>\n<div class=\"fb-background-color\">\n\t\t\t  <div \n\t\t\t  \tclass = \"fb-comments\" \n\t\t\t  \tdata-href = \"https:\/\/diarioavanzada.com.mx\/?p=9297\"\n\t\t\t  \tdata-numposts = \"10\"\n\t\t\t  \tdata-lazy = \"true\"\n\t\t\t\tdata-colorscheme = \"light\"\n\t\t\t\tdata-order-by = \"social\"\n\t\t\t\tdata-mobile=true>\n\t\t\t  <\/div><\/div>\n\t\t  <style>\n\t\t    .fb-background-color {\n\t\t\t\tbackground:  !important;\n\t\t\t}\n\t\t\t.fb_iframe_widget_fluid_desktop iframe {\n\t\t\t    width: 100% !important;\n\t\t\t}\n\t\t  <\/style>\n\t\t  ","protected":false},"excerpt":{"rendered":"<p>Colima, M\u00e9xico, Avanzada (24\/12\/2019).- Previo a la cena navide\u00f1a algunos productos de la canasta b\u00e1sica se dispararon en casi un 100 por ciento, seg\u00fan los precios de tiendas y mercados del estado de Colima. Por ejemplo, en los tianguis y mercados de la entidad, el kilo de jitomate se oferta en 23 pesos con 50 [&hellip;]<\/p>\n","protected":false},"author":5,"featured_media":9298,"comment_status":"closed","ping_status":"closed","sticky":false,"template":"","format":"standard","meta":{"_coblocks_attr":"","_coblocks_dimensions":"","_coblocks_responsive_height":"","_coblocks_accordion_ie_support":"","_crdt_document":"","advanced_seo_description":"","jetpack_seo_html_title":"","jetpack_seo_noindex":false,"_jetpack_memberships_contains_paid_content":false,"footnotes":""},"categories":[19],"tags":[210],"class_list":["post-9297","post","type-post","status-publish","format-standard","has-post-thumbnail","hentry","category-colima","tag-portada"],"jetpack_featured_media_url":"https:\/\/diarioavanzada.com.mx\/wp-content\/uploads\/2019\/12\/Frutas-y-verduras.jpg","jetpack-related-posts":[],"jetpack_sharing_enabled":true,"amp_enabled":true,"_links":{"self":[{"href":"https:\/\/diarioavanzada.com.mx\/index.php?rest_route=\/wp\/v2\/posts\/9297","targetHints":{"allow":["GET"]}}],"collection":[{"href":"https:\/\/diarioavanzada.com.mx\/index.php?rest_route=\/wp\/v2\/posts"}],"about":[{"href":"https:\/\/diarioavanzada.com.mx\/index.php?rest_route=\/wp\/v2\/types\/post"}],"author":[{"embeddable":true,"href":"https:\/\/diarioavanzada.com.mx\/index.php?rest_route=\/wp\/v2\/users\/5"}],"replies":[{"embeddable":true,"href":"https:\/\/diarioavanzada.com.mx\/index.php?rest_route=%2Fwp%2Fv2%2Fcomments&post=9297"}],"version-history":[{"count":0,"href":"https:\/\/diarioavanzada.com.mx\/index.php?rest_route=\/wp\/v2\/posts\/9297\/revisions"}],"wp:featuredmedia":[{"embeddable":true,"href":"https:\/\/diarioavanzada.com.mx\/index.php?rest_route=\/wp\/v2\/media\/9298"}],"wp:attachment":[{"href":"https:\/\/diarioavanzada.com.mx\/index.php?rest_route=%2Fwp%2Fv2%2Fmedia&parent=9297"}],"wp:term":[{"taxonomy":"category","embeddable":true,"href":"https:\/\/diarioavanzada.com.mx\/index.php?rest_route=%2Fwp%2Fv2%2Fcategories&post=9297"},{"taxonomy":"post_tag","embeddable":true,"href":"https:\/\/diarioavanzada.com.mx\/index.php?rest_route=%2Fwp%2Fv2%2Ftags&post=9297"}],"curies":[{"name":"wp","href":"https:\/\/api.w.org\/{rel}","templated":true}]}}