{"id":9284,"date":"2019-12-23T10:42:38","date_gmt":"2019-12-23T15:42:38","guid":{"rendered":"https:\/\/diarioavanzada.com.mx\/?p=9284"},"modified":"2019-12-23T10:42:39","modified_gmt":"2019-12-23T15:42:39","slug":"diputados-gastaran-20-mdp-en-internet-cableado-electrico-y-mejorar-accesos","status":"publish","type":"post","link":"https:\/\/diarioavanzada.com.mx\/?p=9284","title":{"rendered":"Diputados gastar\u00e1n 20 MDP en internet, cableado el\u00e9ctrico y mejorar accesos"},"content":{"rendered":"\n<p class=\"wp-block-paragraph\">Colima, M\u00e9xico, Avanzada&nbsp;(23\/12\/2019).- Para el pr\u00f3ximo a\u00f1o, El Congreso de Colima destinar\u00e1 20 millones&nbsp;de pesos para rehabilitar la red el\u00e9ctrica del Poder Legislativo, el Internet, construir accesos para personas con discapacidad y pagar las cuotas al instituto de Pensiones.&nbsp;<\/p>\n\n\n\n<p class=\"wp-block-paragraph\">En el presupuesto de Egresos para el 2020,&nbsp;de los tres poderes, el legislativo es el \u00fanico que tendr\u00e1 un aumento para el siguiente a\u00f1o, pese a que el Poder Judicial solicit\u00f3 un incremento de recursos.<\/p>\n\n\n\n<p class=\"wp-block-paragraph\">El presidente de la Comisi\u00f3n de Hacienda en el Congreso, Julio Anguiano Urbina justifico el aumento de presupuesto y dijo que est\u00e9&nbsp;es necesario porque el edificio del poder legislativo requiere con urgencia atenci\u00f3n para mejorar algunas \u00e1reas que est\u00e1n causando problemas.<\/p>\n\n\n\n<p class=\"wp-block-paragraph\">Indic\u00f3 que la red de energ\u00eda el\u00e9ctrica pr\u00e1cticamente es obsoleta y requiere una renovaci\u00f3n completa, pues constantemente hay apagones que afectan los trabajos.<\/p>\n\n\n\n<p class=\"wp-block-paragraph\">Asimismo explic\u00f3 que el servicio de internet que tienen es deficiente e impide cumplir con sus obligaciones en materia de transparencia pues las sesiones que deben transmitirse en vivo,&nbsp;se interrumpen constantemente.<\/p>\n\n\n\n<p class=\"wp-block-paragraph\">De igual manera, reconoci\u00f3 que para el pr\u00f3ximo a\u00f1o no se tiene contemplado la disminuci\u00f3n de los sueldos o las partidas que reciben los diputados locales.<\/p>\n\n\n\n<p class=\"wp-block-paragraph\">&#8220;No habr\u00e1 incremento ni en sueldo, ni en comisiones, ni se disminuir\u00e1. Se mantiene como&nbsp;lo hemos venido percibiendo en este 2019\u201d.<\/p>\n\n\n\n<p class=\"wp-block-paragraph\">Refiri\u00f3 que tambi\u00e9n har\u00e1n adecuaciones al edificio para poder atender a las personas que acuden con los diputados&nbsp;y padecen alguna discapacidad&#8221;.<\/p>\n<div class=\"fb-background-color\">\n\t\t\t  <div \n\t\t\t  \tclass = \"fb-comments\" \n\t\t\t  \tdata-href = \"https:\/\/diarioavanzada.com.mx\/?p=9284\"\n\t\t\t  \tdata-numposts = \"10\"\n\t\t\t  \tdata-lazy = \"true\"\n\t\t\t\tdata-colorscheme = \"light\"\n\t\t\t\tdata-order-by = \"social\"\n\t\t\t\tdata-mobile=true>\n\t\t\t  <\/div><\/div>\n\t\t  <style>\n\t\t    .fb-background-color {\n\t\t\t\tbackground:  !important;\n\t\t\t}\n\t\t\t.fb_iframe_widget_fluid_desktop iframe {\n\t\t\t    width: 100% !important;\n\t\t\t}\n\t\t  <\/style>\n\t\t  ","protected":false},"excerpt":{"rendered":"<p>Colima, M\u00e9xico, Avanzada&nbsp;(23\/12\/2019).- Para el pr\u00f3ximo a\u00f1o, El Congreso de Colima destinar\u00e1 20 millones&nbsp;de pesos para rehabilitar la red el\u00e9ctrica del Poder Legislativo, el Internet, construir accesos para personas con discapacidad y pagar las cuotas al instituto de Pensiones.&nbsp; En el presupuesto de Egresos para el 2020,&nbsp;de los tres poderes, el legislativo es el \u00fanico [&hellip;]<\/p>\n","protected":false},"author":5,"featured_media":7011,"comment_status":"closed","ping_status":"closed","sticky":false,"template":"","format":"standard","meta":{"_coblocks_attr":"","_coblocks_dimensions":"","_coblocks_responsive_height":"","_coblocks_accordion_ie_support":"","_crdt_document":"","advanced_seo_description":"","jetpack_seo_html_title":"","jetpack_seo_noindex":false,"_jetpack_memberships_contains_paid_content":false,"footnotes":""},"categories":[19],"tags":[210],"class_list":["post-9284","post","type-post","status-publish","format-standard","has-post-thumbnail","hentry","category-colima","tag-portada"],"jetpack_featured_media_url":"https:\/\/diarioavanzada.com.mx\/wp-content\/uploads\/2019\/08\/Congreso-trabajando.jpg","jetpack-related-posts":[],"jetpack_sharing_enabled":true,"amp_enabled":true,"_links":{"self":[{"href":"https:\/\/diarioavanzada.com.mx\/index.php?rest_route=\/wp\/v2\/posts\/9284","targetHints":{"allow":["GET"]}}],"collection":[{"href":"https:\/\/diarioavanzada.com.mx\/index.php?rest_route=\/wp\/v2\/posts"}],"about":[{"href":"https:\/\/diarioavanzada.com.mx\/index.php?rest_route=\/wp\/v2\/types\/post"}],"author":[{"embeddable":true,"href":"https:\/\/diarioavanzada.com.mx\/index.php?rest_route=\/wp\/v2\/users\/5"}],"replies":[{"embeddable":true,"href":"https:\/\/diarioavanzada.com.mx\/index.php?rest_route=%2Fwp%2Fv2%2Fcomments&post=9284"}],"version-history":[{"count":0,"href":"https:\/\/diarioavanzada.com.mx\/index.php?rest_route=\/wp\/v2\/posts\/9284\/revisions"}],"wp:featuredmedia":[{"embeddable":true,"href":"https:\/\/diarioavanzada.com.mx\/index.php?rest_route=\/wp\/v2\/media\/7011"}],"wp:attachment":[{"href":"https:\/\/diarioavanzada.com.mx\/index.php?rest_route=%2Fwp%2Fv2%2Fmedia&parent=9284"}],"wp:term":[{"taxonomy":"category","embeddable":true,"href":"https:\/\/diarioavanzada.com.mx\/index.php?rest_route=%2Fwp%2Fv2%2Fcategories&post=9284"},{"taxonomy":"post_tag","embeddable":true,"href":"https:\/\/diarioavanzada.com.mx\/index.php?rest_route=%2Fwp%2Fv2%2Ftags&post=9284"}],"curies":[{"name":"wp","href":"https:\/\/api.w.org\/{rel}","templated":true}]}}