{"id":92814,"date":"2025-07-04T19:35:16","date_gmt":"2025-07-05T01:35:16","guid":{"rendered":"https:\/\/diarioavanzada.com.mx\/?p=92814"},"modified":"2025-07-04T19:35:19","modified_gmt":"2025-07-05T01:35:19","slug":"concluyen-sus-estudios-en-tecnico-contable-32-estudiantes-en-bachillerato-28-camotlan","status":"publish","type":"post","link":"https:\/\/diarioavanzada.com.mx\/?p=92814","title":{"rendered":"Concluyen sus estudios en t\u00e9cnico contable 32 estudiantes en Bachillerato 28, Camotl\u00e1n"},"content":{"rendered":"\n<p class=\"wp-block-paragraph\"><em>\u201cRecuerden que la educaci\u00f3n es la \u00fanica forma de transformar nuestras vidas y entornos sociales\u201d: Ana Mar\u00eda Gallardo.<\/em><\/p>\n\n\n\n<p class=\"wp-block-paragraph\">Colima, M\u00e9xico, Comunicado (04\/07\/2025).- En un acto acad\u00e9mico realizado este mi\u00e9rcoles, 32 egresados y egresadas de la generaci\u00f3n 2022-2025 de la modalidad T\u00e9cnico Contable del Bachillerato 28 de la Universidad de Colima, ubicado en la comunidad de Camotl\u00e1n Miraflores, en Manzanillo, recibieron sus certificados en compa\u00f1\u00eda de la comunidad universitaria y familiares.<\/p>\n\n\n\n<p class=\"wp-block-paragraph\">Dicha ceremonia se realiz\u00f3 en las instalaciones del plantel. En representaci\u00f3n del Rector de la UdeC, Christian Jorge Torres Ortiz Zerme\u00f1o, dio un mensaje la maestra Ana Mar\u00eda Gallardo V\u00e1zquez, delegada universitaria en Manzanillo, quien agradeci\u00f3 a las familias por la oportunidad que le han brindado a esta casa de estudios para la formaci\u00f3n de sus hijas e hijos.<\/p>\n\n\n\n<p class=\"wp-block-paragraph\">\u201cAlgunos egresados han comentado que mientras unos tendr\u00e1n la posibilidad de seguir estudiando, otros, por alguna raz\u00f3n, se tomar\u00e1n un descanso. Les pido que s\u00f3lo sea un descanso y que posteriormente retomen su formaci\u00f3n. Recuerden que la educaci\u00f3n es la \u00fanica forma de transformar nuestras vidas y entornos sociales\u201d, coment\u00f3.<\/p>\n\n\n\n<p class=\"wp-block-paragraph\">Por \u00faltimo, invit\u00f3 al alumnado a estudiar un diplomado, una certificaci\u00f3n, una licenciatura, maestr\u00eda o doctorado. \u201cCuentan con la UdeC para eso; nos dar\u00e1 mucho gusto verlos\u201d, tambi\u00e9n mencion\u00f3 que en esta instituci\u00f3n se cre\u00f3 un c\u00edrculo virtuoso con las y los egresados, quienes se van y regresan a compartir sus experiencias de \u00e9xito en el Bachillerato 28\u201d. Dese\u00f3 que en el futuro, ellos y ellas puedan regresar a este plantel a contar sus historias de vida con las nuevas generaciones.<\/p>\n\n\n\n<p class=\"wp-block-paragraph\">El doctor Eugenio Sevares Bayardo, director del Bachillerato 28, expres\u00f3 que cada amistad forjada en las aulas ha contribuido a formar no solo estudiantes preparados, sino personas \u00edntegras con principios s\u00f3lidos y una visi\u00f3n clara de su futuro. \u201cHoy se cierra un ciclo importante agreg\u00f3-, pero tambi\u00e9n se abre la puerta a nuevas oportunidades. Ll\u00e9vense con orgullo el aprendizaje acad\u00e9mico, pero m\u00e1s la \u00e9tica, el respeto, la solidaridad y el compromiso que aqu\u00ed cultivan; son la semilla del cambio\u201d.<\/p>\n\n\n\n<p class=\"wp-block-paragraph\">Por \u00faltimo, agradeci\u00f3 a pap\u00e1s, mam\u00e1s, abuelos y abuelas, quienes han puesto todo su esfuerzo y dedicaci\u00f3n en la formaci\u00f3n de hijas e hijos. A los y las docentes, les agradeci\u00f3 su compromiso y empe\u00f1o en la b\u00fasqueda constante de la mejora acad\u00e9mica. Tambi\u00e9n agradeci\u00f3 al rector, \u201ccuya visi\u00f3n ha permeado toda la estructura universitaria, y el Bachillerato 28 no ha sido la excepci\u00f3n\u201d. A la delegada Ana Mar\u00eda Gallardo, \u201cpor su apoyo, presencia y cercan\u00eda con el plantel, lo que ha sido fundamental para el desarrollo de la comunidad acad\u00e9mica de nuestro bachillerato\u201d.<\/p>\n\n\n\n<p class=\"wp-block-paragraph\">En nombre de sus compa\u00f1eras y compa\u00f1eros, Fernanda Hern\u00e1ndez Mej\u00eda agradeci\u00f3 a las y los docentes \u201cpor hacer esto posible; al padrino de generaci\u00f3n, el maestro Ignacio Ojeda, por su apoyo y cari\u00f1o; al maestro Emmanuel por hacernos entender los n\u00fameros, a la maestra Mar\u00eda por saber transmitir su pasi\u00f3n por el ingl\u00e9s; al maestro Jos\u00e9 Luis por habernos ense\u00f1ado el deporte, a la orientadora Mariana, el maestro de la Mora, Edgar y Alejandra, gracias por todo el apoyo. A la maestra Liz, Irma y a Jorge y Yuridia, no los olvidaremos; gracias por ense\u00f1arnos tanto.<\/p>\n\n\n\n<p class=\"wp-block-paragraph\">\u201cA mis compa\u00f1eras y compa\u00f1eros, les pido no dejar de aprender y que tomen cada oportunidad con entusiasmo. Hay que afrontar lo que viene; la graduaci\u00f3n es el comienzo de nuevas oportunidades. Llevamos con nosotros las lecciones aprendidas y la fortaleza cultivada, independientemente del camino que tomamos\u201d, finaliz\u00f3.<\/p>\n\n\n\n<p class=\"wp-block-paragraph\">Estuvieron en la ceremonia: Alejandro Palomino, supervisor escolar de la Delegaci\u00f3n Manzanillo, por parte de la Direcci\u00f3n General de Educaci\u00f3n Media Superior; Manuel Rivera en representaci\u00f3n de la FEC y Mar\u00eda del Rosario Carrizales, en nombre del SUTUC.<\/p>\n\n\n\n<figure class=\"wp-block-image size-large\"><img loading=\"lazy\" decoding=\"async\" width=\"1024\" height=\"683\" src=\"https:\/\/diarioavanzada.com.mx\/wp-content\/uploads\/2025\/07\/Se-graduan-32-jovenes-del-Bach-28-de-Camotlan_Sevares-1-1024x683.jpg\" alt=\"\" class=\"wp-image-92823\" srcset=\"https:\/\/diarioavanzada.com.mx\/wp-content\/uploads\/2025\/07\/Se-graduan-32-jovenes-del-Bach-28-de-Camotlan_Sevares-1-1024x683.jpg 1024w, https:\/\/diarioavanzada.com.mx\/wp-content\/uploads\/2025\/07\/Se-graduan-32-jovenes-del-Bach-28-de-Camotlan_Sevares-1-300x200.jpg 300w, https:\/\/diarioavanzada.com.mx\/wp-content\/uploads\/2025\/07\/Se-graduan-32-jovenes-del-Bach-28-de-Camotlan_Sevares-1-768x512.jpg 768w, https:\/\/diarioavanzada.com.mx\/wp-content\/uploads\/2025\/07\/Se-graduan-32-jovenes-del-Bach-28-de-Camotlan_Sevares-1-1200x800.jpg 1200w, https:\/\/diarioavanzada.com.mx\/wp-content\/uploads\/2025\/07\/Se-graduan-32-jovenes-del-Bach-28-de-Camotlan_Sevares-1.jpg 1224w\" sizes=\"auto, (max-width: 1024px) 100vw, 1024px\" \/><\/figure>\n\n\n\n<figure class=\"wp-block-image size-large\"><img loading=\"lazy\" decoding=\"async\" width=\"1024\" height=\"683\" src=\"https:\/\/diarioavanzada.com.mx\/wp-content\/uploads\/2025\/07\/Se-graduan-32-jovenes-del-Bach-28-de-Camotlan_a-1024x683.jpg\" alt=\"\" class=\"wp-image-92826\" srcset=\"https:\/\/diarioavanzada.com.mx\/wp-content\/uploads\/2025\/07\/Se-graduan-32-jovenes-del-Bach-28-de-Camotlan_a-1024x683.jpg 1024w, https:\/\/diarioavanzada.com.mx\/wp-content\/uploads\/2025\/07\/Se-graduan-32-jovenes-del-Bach-28-de-Camotlan_a-300x200.jpg 300w, https:\/\/diarioavanzada.com.mx\/wp-content\/uploads\/2025\/07\/Se-graduan-32-jovenes-del-Bach-28-de-Camotlan_a-768x512.jpg 768w, https:\/\/diarioavanzada.com.mx\/wp-content\/uploads\/2025\/07\/Se-graduan-32-jovenes-del-Bach-28-de-Camotlan_a-1200x800.jpg 1200w, https:\/\/diarioavanzada.com.mx\/wp-content\/uploads\/2025\/07\/Se-graduan-32-jovenes-del-Bach-28-de-Camotlan_a.jpg 1224w\" sizes=\"auto, (max-width: 1024px) 100vw, 1024px\" \/><\/figure>\n\n\n\n<figure class=\"wp-block-image size-large\"><img loading=\"lazy\" decoding=\"async\" width=\"1024\" height=\"683\" src=\"https:\/\/diarioavanzada.com.mx\/wp-content\/uploads\/2025\/07\/Se-graduan-32-jovenes-del-Bach-28-de-Camotlan_c-1024x683.jpg\" alt=\"\" class=\"wp-image-92828\" srcset=\"https:\/\/diarioavanzada.com.mx\/wp-content\/uploads\/2025\/07\/Se-graduan-32-jovenes-del-Bach-28-de-Camotlan_c-1024x683.jpg 1024w, https:\/\/diarioavanzada.com.mx\/wp-content\/uploads\/2025\/07\/Se-graduan-32-jovenes-del-Bach-28-de-Camotlan_c-300x200.jpg 300w, https:\/\/diarioavanzada.com.mx\/wp-content\/uploads\/2025\/07\/Se-graduan-32-jovenes-del-Bach-28-de-Camotlan_c-768x512.jpg 768w, https:\/\/diarioavanzada.com.mx\/wp-content\/uploads\/2025\/07\/Se-graduan-32-jovenes-del-Bach-28-de-Camotlan_c-1200x800.jpg 1200w, https:\/\/diarioavanzada.com.mx\/wp-content\/uploads\/2025\/07\/Se-graduan-32-jovenes-del-Bach-28-de-Camotlan_c.jpg 1224w\" sizes=\"auto, (max-width: 1024px) 100vw, 1024px\" \/><\/figure>\n\n\n\n<figure class=\"wp-block-image size-large\"><img loading=\"lazy\" decoding=\"async\" width=\"1024\" height=\"683\" src=\"https:\/\/diarioavanzada.com.mx\/wp-content\/uploads\/2025\/07\/Se-graduan-32-jovenes-del-Bach-28-de-Camotlan_d-1024x683.jpg\" alt=\"\" class=\"wp-image-92829\" srcset=\"https:\/\/diarioavanzada.com.mx\/wp-content\/uploads\/2025\/07\/Se-graduan-32-jovenes-del-Bach-28-de-Camotlan_d-1024x683.jpg 1024w, https:\/\/diarioavanzada.com.mx\/wp-content\/uploads\/2025\/07\/Se-graduan-32-jovenes-del-Bach-28-de-Camotlan_d-300x200.jpg 300w, https:\/\/diarioavanzada.com.mx\/wp-content\/uploads\/2025\/07\/Se-graduan-32-jovenes-del-Bach-28-de-Camotlan_d-768x512.jpg 768w, https:\/\/diarioavanzada.com.mx\/wp-content\/uploads\/2025\/07\/Se-graduan-32-jovenes-del-Bach-28-de-Camotlan_d-1200x800.jpg 1200w, https:\/\/diarioavanzada.com.mx\/wp-content\/uploads\/2025\/07\/Se-graduan-32-jovenes-del-Bach-28-de-Camotlan_d.jpg 1224w\" sizes=\"auto, (max-width: 1024px) 100vw, 1024px\" \/><\/figure>\n<div class=\"fb-background-color\">\n\t\t\t  <div \n\t\t\t  \tclass = \"fb-comments\" \n\t\t\t  \tdata-href = \"https:\/\/diarioavanzada.com.mx\/?p=92814\"\n\t\t\t  \tdata-numposts = \"10\"\n\t\t\t  \tdata-lazy = \"true\"\n\t\t\t\tdata-colorscheme = \"light\"\n\t\t\t\tdata-order-by = \"social\"\n\t\t\t\tdata-mobile=true>\n\t\t\t  <\/div><\/div>\n\t\t  <style>\n\t\t    .fb-background-color {\n\t\t\t\tbackground:  !important;\n\t\t\t}\n\t\t\t.fb_iframe_widget_fluid_desktop iframe {\n\t\t\t    width: 100% !important;\n\t\t\t}\n\t\t  <\/style>\n\t\t  ","protected":false},"excerpt":{"rendered":"<p>\u201cRecuerden que la educaci\u00f3n es la \u00fanica forma de transformar nuestras vidas y entornos sociales\u201d: Ana Mar\u00eda Gallardo. Colima, M\u00e9xico, Comunicado (04\/07\/2025).- En un acto acad\u00e9mico realizado este mi\u00e9rcoles, 32 egresados y egresadas de la generaci\u00f3n 2022-2025 de la modalidad T\u00e9cnico Contable del Bachillerato 28 de la Universidad de Colima, ubicado en la comunidad de [&hellip;]<\/p>\n","protected":false},"author":7,"featured_media":92825,"comment_status":"closed","ping_status":"closed","sticky":false,"template":"","format":"standard","meta":{"_coblocks_attr":"","_coblocks_dimensions":"","_coblocks_responsive_height":"","_coblocks_accordion_ie_support":"","_crdt_document":"","advanced_seo_description":"","jetpack_seo_html_title":"","jetpack_seo_noindex":false,"_jetpack_memberships_contains_paid_content":false,"footnotes":""},"categories":[19,209],"tags":[],"class_list":["post-92814","post","type-post","status-publish","format-standard","has-post-thumbnail","hentry","category-colima","category-importantes"],"jetpack_featured_media_url":"https:\/\/diarioavanzada.com.mx\/wp-content\/uploads\/2025\/07\/Se-graduan-32-jovenes-del-Bach-28-de-Camotlan.jpg","jetpack-related-posts":[],"jetpack_sharing_enabled":true,"amp_enabled":true,"_links":{"self":[{"href":"https:\/\/diarioavanzada.com.mx\/index.php?rest_route=\/wp\/v2\/posts\/92814","targetHints":{"allow":["GET"]}}],"collection":[{"href":"https:\/\/diarioavanzada.com.mx\/index.php?rest_route=\/wp\/v2\/posts"}],"about":[{"href":"https:\/\/diarioavanzada.com.mx\/index.php?rest_route=\/wp\/v2\/types\/post"}],"author":[{"embeddable":true,"href":"https:\/\/diarioavanzada.com.mx\/index.php?rest_route=\/wp\/v2\/users\/7"}],"replies":[{"embeddable":true,"href":"https:\/\/diarioavanzada.com.mx\/index.php?rest_route=%2Fwp%2Fv2%2Fcomments&post=92814"}],"version-history":[{"count":4,"href":"https:\/\/diarioavanzada.com.mx\/index.php?rest_route=\/wp\/v2\/posts\/92814\/revisions"}],"predecessor-version":[{"id":92831,"href":"https:\/\/diarioavanzada.com.mx\/index.php?rest_route=\/wp\/v2\/posts\/92814\/revisions\/92831"}],"wp:featuredmedia":[{"embeddable":true,"href":"https:\/\/diarioavanzada.com.mx\/index.php?rest_route=\/wp\/v2\/media\/92825"}],"wp:attachment":[{"href":"https:\/\/diarioavanzada.com.mx\/index.php?rest_route=%2Fwp%2Fv2%2Fmedia&parent=92814"}],"wp:term":[{"taxonomy":"category","embeddable":true,"href":"https:\/\/diarioavanzada.com.mx\/index.php?rest_route=%2Fwp%2Fv2%2Fcategories&post=92814"},{"taxonomy":"post_tag","embeddable":true,"href":"https:\/\/diarioavanzada.com.mx\/index.php?rest_route=%2Fwp%2Fv2%2Ftags&post=92814"}],"curies":[{"name":"wp","href":"https:\/\/api.w.org\/{rel}","templated":true}]}}