{"id":92800,"date":"2025-07-04T19:28:05","date_gmt":"2025-07-05T01:28:05","guid":{"rendered":"https:\/\/diarioavanzada.com.mx\/?p=92800"},"modified":"2025-07-04T19:28:09","modified_gmt":"2025-07-05T01:28:09","slug":"el-conocimiento-es-la-base-pero-la-pasion-y-perseverancia-nos-llevaran-lejos-graduado","status":"publish","type":"post","link":"https:\/\/diarioavanzada.com.mx\/?p=92800","title":{"rendered":"El conocimiento es la base, pero la pasi\u00f3n y perseverancia nos llevar\u00e1n lejos: graduado"},"content":{"rendered":"\n<p class=\"wp-block-paragraph\"><em>\u201cTienen en esta instituci\u00f3n una segunda casa. El mundo necesita j\u00f3venes con visi\u00f3n, preparaci\u00f3n y compromiso. Estamos seguros de que ustedes son parte de esa generaci\u00f3n que har\u00e1 la diferencia\u201d: Carlos Montes.<\/em><\/p>\n\n\n\n<p class=\"wp-block-paragraph\">Colima, M\u00e9xico, Comunicado (04\/07\/2025).- En una ceremonia acad\u00e9mica celebrada en las instalaciones de los Bachilleratos 12 y 13 de la Universidad de Colima, ubicados en el municipio de Cuauht\u00e9moc, se llev\u00f3 a cabo la entrega de certificados a las y los egresados de ambos planteles, marcando el cierre de una etapa formativa y el inicio de nuevos proyectos de vida.<\/p>\n\n\n\n<p class=\"wp-block-paragraph\">Durante el evento, el director del Bachillerato 13, Miguel Alberto Mac\u00edas Amador, felicit\u00f3 a la comunidad estudiantil por su constancia y reconoci\u00f3 el compromiso del personal docente y administrativo: \u201cHan demostrado dedicaci\u00f3n, esfuerzo y perseverancia. Ahora les corresponde mirar hacia adelante con ilusi\u00f3n y responsabilidad\u201d.<\/p>\n\n\n\n<p class=\"wp-block-paragraph\">A nombre de su generaci\u00f3n, el estudiante Julio C\u00e9sar Amezcua Castellanos comparti\u00f3 un mensaje en el que reflexion\u00f3 sobre los aprendizajes obtenidos y los retos por venir: \u201cNos espera una nueva etapa que da un poco de miedo, pero tambi\u00e9n nos emociona. Pase lo que pase, estamos destinados a seguir adelante. El conocimiento es la base, pero la pasi\u00f3n y la perseverancia son el motor que nos llevar\u00e1 lejos\u201d.<\/p>\n\n\n\n<p class=\"wp-block-paragraph\">Tambi\u00e9n resalt\u00f3 el valor de las amistades construidas: \u201cCompartimos risas, estr\u00e9s, consejos&#8230; todo eso nos une. No dejemos que se pierda esa conexi\u00f3n. Llevemos con nosotros esa forma \u00fanica de brillar\u201d.<\/p>\n\n\n\n<p class=\"wp-block-paragraph\">Por su parte, el director del Bachillerato 12, Juan Mart\u00edn Rico L\u00f3pez, reconoci\u00f3 el esfuerzo de quienes lograron culminar sus estudios, en especial de quienes lo hicieron combinando trabajo y estudio. \u201cEste logro es fruto de sacrificios personales y familiares. Muchos de ustedes renunciaron a tiempo en casa para alcanzar esta meta, que marcar\u00e1 sus vidas con orgullo\u201d.<\/p>\n\n\n\n<p class=\"wp-block-paragraph\">Invit\u00f3 a las y los egresados a confiar en sus capacidades: \u201cNo permitan que nadie les diga que no pueden. Ustedes son m\u00e1s capaces de lo que imaginan; el l\u00edmite lo ponen ustedes mismos\u201d, concluy\u00f3.<\/p>\n\n\n\n<p class=\"wp-block-paragraph\">Por parte del estudiantado del Bachillerato 12, Daniel Puga Velasco agradeci\u00f3 a sus familias y al personal docente por el acompa\u00f1amiento brindado, y destac\u00f3 los v\u00ednculos construidos durante estos a\u00f1os. \u201cCada obst\u00e1culo superado nos fortaleci\u00f3 y cada logro nos impuls\u00f3. Hemos sido autores de cap\u00edtulos inolvidables, escribiendo historias de amistad, superaci\u00f3n y aprendizaje. Personas valiosas cruzaron nuestro camino y permanecer\u00e1n con nosotros m\u00e1s all\u00e1 de esta etapa\u201d.<\/p>\n\n\n\n<p class=\"wp-block-paragraph\">En representaci\u00f3n del rector, Dr. Christian Jorge Torres Ortiz Zerme\u00f1o, asisti\u00f3 Carlos Alberto Montes Carbajal, delegado del campus Villa de \u00c1lvarez, quien felicit\u00f3 a las y los egresados por haber culminado el nivel medio superior. \u201cFinalizar el bachillerato no es un punto final, es una gran coma en la historia de sus vidas. Esta etapa abre la puerta al siguiente gran paso: su formaci\u00f3n profesional\u201d.<\/p>\n\n\n\n<p class=\"wp-block-paragraph\">Montes Carbajal record\u00f3 que la Universidad de Colima mantiene abiertas sus puertas para continuar acompa\u00f1\u00e1ndolos en su preparaci\u00f3n. \u201cTienen en esta instituci\u00f3n una segunda casa. El mundo necesita j\u00f3venes con visi\u00f3n, preparaci\u00f3n y compromiso. Estamos seguros de que ustedes son parte de esa generaci\u00f3n que har\u00e1 la diferencia\u201d.<\/p>\n\n\n\n<p class=\"wp-block-paragraph\">Tambi\u00e9n estuvieron en el pres\u00eddium: Susana Aurelia Preciado, coordinadora general de Docencia; Jorge Silvas, supervisor escolar por parte de la Direcci\u00f3n general de Educaci\u00f3n Media Superior; Sa\u00fal Guti\u00e9rrez, en representaci\u00f3n del SUTUC, y Alexis Jes\u00fas Ceballos por parte de la FEC.<\/p>\n\n\n\n<figure class=\"wp-block-image size-large\"><img loading=\"lazy\" decoding=\"async\" width=\"1024\" height=\"683\" src=\"https:\/\/diarioavanzada.com.mx\/wp-content\/uploads\/2025\/07\/Entrega-de-certificados-en-los-Bachilleratos-12-y-13-de-Cuauhtemoc_c-1024x683.jpg\" alt=\"\" class=\"wp-image-92802\" srcset=\"https:\/\/diarioavanzada.com.mx\/wp-content\/uploads\/2025\/07\/Entrega-de-certificados-en-los-Bachilleratos-12-y-13-de-Cuauhtemoc_c-1024x683.jpg 1024w, https:\/\/diarioavanzada.com.mx\/wp-content\/uploads\/2025\/07\/Entrega-de-certificados-en-los-Bachilleratos-12-y-13-de-Cuauhtemoc_c-300x200.jpg 300w, https:\/\/diarioavanzada.com.mx\/wp-content\/uploads\/2025\/07\/Entrega-de-certificados-en-los-Bachilleratos-12-y-13-de-Cuauhtemoc_c-768x512.jpg 768w, https:\/\/diarioavanzada.com.mx\/wp-content\/uploads\/2025\/07\/Entrega-de-certificados-en-los-Bachilleratos-12-y-13-de-Cuauhtemoc_c-1536x1024.jpg 1536w, https:\/\/diarioavanzada.com.mx\/wp-content\/uploads\/2025\/07\/Entrega-de-certificados-en-los-Bachilleratos-12-y-13-de-Cuauhtemoc_c-2048x1365.jpg 2048w, https:\/\/diarioavanzada.com.mx\/wp-content\/uploads\/2025\/07\/Entrega-de-certificados-en-los-Bachilleratos-12-y-13-de-Cuauhtemoc_c-1200x800.jpg 1200w\" sizes=\"auto, (max-width: 1024px) 100vw, 1024px\" \/><\/figure>\n\n\n\n<figure class=\"wp-block-image size-large\"><img loading=\"lazy\" decoding=\"async\" width=\"1024\" height=\"683\" src=\"https:\/\/diarioavanzada.com.mx\/wp-content\/uploads\/2025\/07\/Entrega-de-certificados-en-los-Bachilleratos-12-y-13-de-Cuauhtemoc-1024x683.jpg\" alt=\"\" class=\"wp-image-92803\" srcset=\"https:\/\/diarioavanzada.com.mx\/wp-content\/uploads\/2025\/07\/Entrega-de-certificados-en-los-Bachilleratos-12-y-13-de-Cuauhtemoc-1024x683.jpg 1024w, https:\/\/diarioavanzada.com.mx\/wp-content\/uploads\/2025\/07\/Entrega-de-certificados-en-los-Bachilleratos-12-y-13-de-Cuauhtemoc-300x200.jpg 300w, https:\/\/diarioavanzada.com.mx\/wp-content\/uploads\/2025\/07\/Entrega-de-certificados-en-los-Bachilleratos-12-y-13-de-Cuauhtemoc-768x512.jpg 768w, https:\/\/diarioavanzada.com.mx\/wp-content\/uploads\/2025\/07\/Entrega-de-certificados-en-los-Bachilleratos-12-y-13-de-Cuauhtemoc-1536x1024.jpg 1536w, https:\/\/diarioavanzada.com.mx\/wp-content\/uploads\/2025\/07\/Entrega-de-certificados-en-los-Bachilleratos-12-y-13-de-Cuauhtemoc-2048x1365.jpg 2048w, https:\/\/diarioavanzada.com.mx\/wp-content\/uploads\/2025\/07\/Entrega-de-certificados-en-los-Bachilleratos-12-y-13-de-Cuauhtemoc-1200x800.jpg 1200w\" sizes=\"auto, (max-width: 1024px) 100vw, 1024px\" \/><\/figure>\n\n\n\n<figure class=\"wp-block-image size-large\"><img loading=\"lazy\" decoding=\"async\" width=\"1024\" height=\"683\" src=\"https:\/\/diarioavanzada.com.mx\/wp-content\/uploads\/2025\/07\/Entrega-de-certificados-en-los-Bachilleratos-12-y-13-de-Cuauhtemoc_b-1024x683.jpg\" alt=\"\" class=\"wp-image-92804\" srcset=\"https:\/\/diarioavanzada.com.mx\/wp-content\/uploads\/2025\/07\/Entrega-de-certificados-en-los-Bachilleratos-12-y-13-de-Cuauhtemoc_b-1024x683.jpg 1024w, https:\/\/diarioavanzada.com.mx\/wp-content\/uploads\/2025\/07\/Entrega-de-certificados-en-los-Bachilleratos-12-y-13-de-Cuauhtemoc_b-300x200.jpg 300w, https:\/\/diarioavanzada.com.mx\/wp-content\/uploads\/2025\/07\/Entrega-de-certificados-en-los-Bachilleratos-12-y-13-de-Cuauhtemoc_b-768x512.jpg 768w, https:\/\/diarioavanzada.com.mx\/wp-content\/uploads\/2025\/07\/Entrega-de-certificados-en-los-Bachilleratos-12-y-13-de-Cuauhtemoc_b-1536x1024.jpg 1536w, https:\/\/diarioavanzada.com.mx\/wp-content\/uploads\/2025\/07\/Entrega-de-certificados-en-los-Bachilleratos-12-y-13-de-Cuauhtemoc_b-2048x1365.jpg 2048w, https:\/\/diarioavanzada.com.mx\/wp-content\/uploads\/2025\/07\/Entrega-de-certificados-en-los-Bachilleratos-12-y-13-de-Cuauhtemoc_b-1200x800.jpg 1200w\" sizes=\"auto, (max-width: 1024px) 100vw, 1024px\" \/><\/figure>\n\n\n\n<figure class=\"wp-block-image size-large\"><img loading=\"lazy\" decoding=\"async\" width=\"1024\" height=\"683\" src=\"https:\/\/diarioavanzada.com.mx\/wp-content\/uploads\/2025\/07\/Entrega-de-certificados-en-los-Bachilleratos-12-y-13-de-Cuauhtemoc_d-1024x683.jpg\" alt=\"\" class=\"wp-image-92806\" srcset=\"https:\/\/diarioavanzada.com.mx\/wp-content\/uploads\/2025\/07\/Entrega-de-certificados-en-los-Bachilleratos-12-y-13-de-Cuauhtemoc_d-1024x683.jpg 1024w, https:\/\/diarioavanzada.com.mx\/wp-content\/uploads\/2025\/07\/Entrega-de-certificados-en-los-Bachilleratos-12-y-13-de-Cuauhtemoc_d-300x200.jpg 300w, https:\/\/diarioavanzada.com.mx\/wp-content\/uploads\/2025\/07\/Entrega-de-certificados-en-los-Bachilleratos-12-y-13-de-Cuauhtemoc_d-768x512.jpg 768w, https:\/\/diarioavanzada.com.mx\/wp-content\/uploads\/2025\/07\/Entrega-de-certificados-en-los-Bachilleratos-12-y-13-de-Cuauhtemoc_d-1536x1024.jpg 1536w, https:\/\/diarioavanzada.com.mx\/wp-content\/uploads\/2025\/07\/Entrega-de-certificados-en-los-Bachilleratos-12-y-13-de-Cuauhtemoc_d-2048x1365.jpg 2048w, https:\/\/diarioavanzada.com.mx\/wp-content\/uploads\/2025\/07\/Entrega-de-certificados-en-los-Bachilleratos-12-y-13-de-Cuauhtemoc_d-1200x800.jpg 1200w\" sizes=\"auto, (max-width: 1024px) 100vw, 1024px\" \/><\/figure>\n\n\n\n<figure class=\"wp-block-image size-large\"><img loading=\"lazy\" decoding=\"async\" width=\"1024\" height=\"683\" src=\"https:\/\/diarioavanzada.com.mx\/wp-content\/uploads\/2025\/07\/Entrega-de-certificados-en-los-Bachilleratos-12-y-13-de-Cuauhtemoc_Carlos-1024x683.jpg\" alt=\"\" class=\"wp-image-92807\" srcset=\"https:\/\/diarioavanzada.com.mx\/wp-content\/uploads\/2025\/07\/Entrega-de-certificados-en-los-Bachilleratos-12-y-13-de-Cuauhtemoc_Carlos-1024x683.jpg 1024w, https:\/\/diarioavanzada.com.mx\/wp-content\/uploads\/2025\/07\/Entrega-de-certificados-en-los-Bachilleratos-12-y-13-de-Cuauhtemoc_Carlos-300x200.jpg 300w, https:\/\/diarioavanzada.com.mx\/wp-content\/uploads\/2025\/07\/Entrega-de-certificados-en-los-Bachilleratos-12-y-13-de-Cuauhtemoc_Carlos-768x512.jpg 768w, https:\/\/diarioavanzada.com.mx\/wp-content\/uploads\/2025\/07\/Entrega-de-certificados-en-los-Bachilleratos-12-y-13-de-Cuauhtemoc_Carlos-1536x1024.jpg 1536w, https:\/\/diarioavanzada.com.mx\/wp-content\/uploads\/2025\/07\/Entrega-de-certificados-en-los-Bachilleratos-12-y-13-de-Cuauhtemoc_Carlos-2048x1365.jpg 2048w, https:\/\/diarioavanzada.com.mx\/wp-content\/uploads\/2025\/07\/Entrega-de-certificados-en-los-Bachilleratos-12-y-13-de-Cuauhtemoc_Carlos-1200x800.jpg 1200w\" sizes=\"auto, (max-width: 1024px) 100vw, 1024px\" \/><\/figure>\n\n\n\n<figure class=\"wp-block-image size-large\"><img loading=\"lazy\" decoding=\"async\" width=\"1024\" height=\"768\" src=\"https:\/\/diarioavanzada.com.mx\/wp-content\/uploads\/2025\/07\/Entrega-de-certificados-en-los-Bachilleratos-12-y-13-de-Cuauhtemoc_f-1024x768.jpg\" alt=\"\" class=\"wp-image-92808\" srcset=\"https:\/\/diarioavanzada.com.mx\/wp-content\/uploads\/2025\/07\/Entrega-de-certificados-en-los-Bachilleratos-12-y-13-de-Cuauhtemoc_f-1024x768.jpg 1024w, https:\/\/diarioavanzada.com.mx\/wp-content\/uploads\/2025\/07\/Entrega-de-certificados-en-los-Bachilleratos-12-y-13-de-Cuauhtemoc_f-300x225.jpg 300w, https:\/\/diarioavanzada.com.mx\/wp-content\/uploads\/2025\/07\/Entrega-de-certificados-en-los-Bachilleratos-12-y-13-de-Cuauhtemoc_f-768x576.jpg 768w, https:\/\/diarioavanzada.com.mx\/wp-content\/uploads\/2025\/07\/Entrega-de-certificados-en-los-Bachilleratos-12-y-13-de-Cuauhtemoc_f-800x600.jpg?crop=1 800w, https:\/\/diarioavanzada.com.mx\/wp-content\/uploads\/2025\/07\/Entrega-de-certificados-en-los-Bachilleratos-12-y-13-de-Cuauhtemoc_f-600x450.jpg?crop=1 600w, https:\/\/diarioavanzada.com.mx\/wp-content\/uploads\/2025\/07\/Entrega-de-certificados-en-los-Bachilleratos-12-y-13-de-Cuauhtemoc_f-400x300.jpg?crop=1 400w, https:\/\/diarioavanzada.com.mx\/wp-content\/uploads\/2025\/07\/Entrega-de-certificados-en-los-Bachilleratos-12-y-13-de-Cuauhtemoc_f-200x150.jpg?crop=1 200w, https:\/\/diarioavanzada.com.mx\/wp-content\/uploads\/2025\/07\/Entrega-de-certificados-en-los-Bachilleratos-12-y-13-de-Cuauhtemoc_f.jpg 1154w\" sizes=\"auto, (max-width: 1024px) 100vw, 1024px\" \/><\/figure>\n\n\n\n<figure class=\"wp-block-image size-large\"><img loading=\"lazy\" decoding=\"async\" width=\"1024\" height=\"683\" src=\"https:\/\/diarioavanzada.com.mx\/wp-content\/uploads\/2025\/07\/Entrega-de-certificados-en-los-Bachilleratos-12-y-13-de-Cuauhtemoc_Daniel-1024x683.jpg\" alt=\"\" class=\"wp-image-92810\" srcset=\"https:\/\/diarioavanzada.com.mx\/wp-content\/uploads\/2025\/07\/Entrega-de-certificados-en-los-Bachilleratos-12-y-13-de-Cuauhtemoc_Daniel-1024x683.jpg 1024w, https:\/\/diarioavanzada.com.mx\/wp-content\/uploads\/2025\/07\/Entrega-de-certificados-en-los-Bachilleratos-12-y-13-de-Cuauhtemoc_Daniel-300x200.jpg 300w, https:\/\/diarioavanzada.com.mx\/wp-content\/uploads\/2025\/07\/Entrega-de-certificados-en-los-Bachilleratos-12-y-13-de-Cuauhtemoc_Daniel-768x512.jpg 768w, https:\/\/diarioavanzada.com.mx\/wp-content\/uploads\/2025\/07\/Entrega-de-certificados-en-los-Bachilleratos-12-y-13-de-Cuauhtemoc_Daniel-1200x800.jpg 1200w, https:\/\/diarioavanzada.com.mx\/wp-content\/uploads\/2025\/07\/Entrega-de-certificados-en-los-Bachilleratos-12-y-13-de-Cuauhtemoc_Daniel.jpg 1224w\" sizes=\"auto, (max-width: 1024px) 100vw, 1024px\" \/><\/figure>\n<div class=\"fb-background-color\">\n\t\t\t  <div \n\t\t\t  \tclass = \"fb-comments\" \n\t\t\t  \tdata-href = \"https:\/\/diarioavanzada.com.mx\/?p=92800\"\n\t\t\t  \tdata-numposts = \"10\"\n\t\t\t  \tdata-lazy = \"true\"\n\t\t\t\tdata-colorscheme = \"light\"\n\t\t\t\tdata-order-by = \"social\"\n\t\t\t\tdata-mobile=true>\n\t\t\t  <\/div><\/div>\n\t\t  <style>\n\t\t    .fb-background-color {\n\t\t\t\tbackground:  !important;\n\t\t\t}\n\t\t\t.fb_iframe_widget_fluid_desktop iframe {\n\t\t\t    width: 100% !important;\n\t\t\t}\n\t\t  <\/style>\n\t\t  ","protected":false},"excerpt":{"rendered":"<p>\u201cTienen en esta instituci\u00f3n una segunda casa. El mundo necesita j\u00f3venes con visi\u00f3n, preparaci\u00f3n y compromiso. Estamos seguros de que ustedes son parte de esa generaci\u00f3n que har\u00e1 la diferencia\u201d: Carlos Montes. Colima, M\u00e9xico, Comunicado (04\/07\/2025).- En una ceremonia acad\u00e9mica celebrada en las instalaciones de los Bachilleratos 12 y 13 de la Universidad de Colima, [&hellip;]<\/p>\n","protected":false},"author":7,"featured_media":92811,"comment_status":"closed","ping_status":"closed","sticky":false,"template":"","format":"standard","meta":{"_coblocks_attr":"","_coblocks_dimensions":"","_coblocks_responsive_height":"","_coblocks_accordion_ie_support":"","_crdt_document":"","advanced_seo_description":"","jetpack_seo_html_title":"","jetpack_seo_noindex":false,"_jetpack_memberships_contains_paid_content":false,"footnotes":""},"categories":[19,209],"tags":[],"class_list":["post-92800","post","type-post","status-publish","format-standard","has-post-thumbnail","hentry","category-colima","category-importantes"],"jetpack_featured_media_url":"https:\/\/diarioavanzada.com.mx\/wp-content\/uploads\/2025\/07\/Entrega-de-certificados-en-los-Bachilleratos-12-y-13-de-Cuauhtemoc_e.jpg","jetpack-related-posts":[],"jetpack_sharing_enabled":true,"amp_enabled":true,"_links":{"self":[{"href":"https:\/\/diarioavanzada.com.mx\/index.php?rest_route=\/wp\/v2\/posts\/92800","targetHints":{"allow":["GET"]}}],"collection":[{"href":"https:\/\/diarioavanzada.com.mx\/index.php?rest_route=\/wp\/v2\/posts"}],"about":[{"href":"https:\/\/diarioavanzada.com.mx\/index.php?rest_route=\/wp\/v2\/types\/post"}],"author":[{"embeddable":true,"href":"https:\/\/diarioavanzada.com.mx\/index.php?rest_route=\/wp\/v2\/users\/7"}],"replies":[{"embeddable":true,"href":"https:\/\/diarioavanzada.com.mx\/index.php?rest_route=%2Fwp%2Fv2%2Fcomments&post=92800"}],"version-history":[{"count":5,"href":"https:\/\/diarioavanzada.com.mx\/index.php?rest_route=\/wp\/v2\/posts\/92800\/revisions"}],"predecessor-version":[{"id":92813,"href":"https:\/\/diarioavanzada.com.mx\/index.php?rest_route=\/wp\/v2\/posts\/92800\/revisions\/92813"}],"wp:featuredmedia":[{"embeddable":true,"href":"https:\/\/diarioavanzada.com.mx\/index.php?rest_route=\/wp\/v2\/media\/92811"}],"wp:attachment":[{"href":"https:\/\/diarioavanzada.com.mx\/index.php?rest_route=%2Fwp%2Fv2%2Fmedia&parent=92800"}],"wp:term":[{"taxonomy":"category","embeddable":true,"href":"https:\/\/diarioavanzada.com.mx\/index.php?rest_route=%2Fwp%2Fv2%2Fcategories&post=92800"},{"taxonomy":"post_tag","embeddable":true,"href":"https:\/\/diarioavanzada.com.mx\/index.php?rest_route=%2Fwp%2Fv2%2Ftags&post=92800"}],"curies":[{"name":"wp","href":"https:\/\/api.w.org\/{rel}","templated":true}]}}