{"id":92776,"date":"2025-07-04T19:11:56","date_gmt":"2025-07-05T01:11:56","guid":{"rendered":"https:\/\/diarioavanzada.com.mx\/?p=92776"},"modified":"2025-07-04T19:13:23","modified_gmt":"2025-07-05T01:13:23","slug":"asiste-rector-a-homenaje-academico-postumo-que-el-cbtis-157-rinde-al-universitario-jesus-martinez","status":"publish","type":"post","link":"https:\/\/diarioavanzada.com.mx\/?p=92776","title":{"rendered":"Asiste rector a homenaje acad\u00e9mico p\u00f3stumo que el CBTIS 157 rinde al universitario Jes\u00fas Mart\u00ednez"},"content":{"rendered":"\n<p class=\"wp-block-paragraph\"><em>\u201cLa Universidad de Colima, como instituci\u00f3n p\u00fablica comprometida con la educaci\u00f3n de calidad y el desarrollo de nuestro estado, tiene para ustedes las puertas abiertas\u201d: Christian Torres Ortiz, rector.<\/em><\/p>\n\n\n\n<p class=\"wp-block-paragraph\">Colima, M\u00e9xico, Comunicado (04\/07\/2025).- Este viernes, Christian Jorge Torres Ortiz Zerme\u00f1o, rector de la Universidad de Colima, fue padrino de la generaci\u00f3n 2022-2025 del CBTIS 157, que llev\u00f3 por nombre \u201cJos\u00e9 de Jes\u00fas Mart\u00ednez Puga\u201d, un amigo personal del rector y exfuncionario de esta casa de estudios, quien falleciera en abril de este a\u00f1o tras una larga enfermedad. La ceremonia se realiz\u00f3 en el Paraninfo Universitario.<\/p>\n\n\n\n<p class=\"wp-block-paragraph\">\u201cPepe era y es una persona muy especial, un compa\u00f1ero docente ejemplar, un amigo entra\u00f1able, pero sobre todo y principalmente, un gran ser humano\u201d. resalt\u00f3 el rector durante su mensaje. Agradeci\u00f3 la distinci\u00f3n de ser invitado como padrino de esta generaci\u00f3n y los invit\u00f3 a continuar sus estudios en educaci\u00f3n superior. \u201cLa Universidad de Colima, como instituci\u00f3n p\u00fablica comprometida con la educaci\u00f3n de calidad y el desarrollo del estado, tiene para ustedes las puertas abiertas\u201d.<\/p>\n\n\n\n<p class=\"wp-block-paragraph\">Al terminar su intervenci\u00f3n, pidi\u00f3 \u201cque esta generaci\u00f3n que hoy lleva con orgullo el nombre de un gran ser humano, un gran maestro, sea tambi\u00e9n recordada como la generaci\u00f3n que eligi\u00f3 seguir aprendiendo, seguir creciendo y seguir construyendo juntas y juntos un mejor futuro\u201d.<\/p>\n\n\n\n<p class=\"wp-block-paragraph\">Adolfo N\u00fa\u00f1ez Gonz\u00e1lez, secretario de Educaci\u00f3n y Cultura de Colima, felicit\u00f3 a las y los egresados por concluir con \u00e9xito el ciclo escolar. \u201cEstamos seguros que sabr\u00e1n honrar y responder a la confianza y los apoyos que le dieron sus maestras, sus maestros, y sus familias\u201d. Finalmente, como profesor que tambi\u00e9n es, pidi\u00f3 a las y los j\u00f3venes agradecer a quienes los apoyaron para concluir sus estudios.<\/p>\n\n\n\n<p class=\"wp-block-paragraph\">Esther Guti\u00e9rrez Andrade, alcaldesa de Villa de \u00c1lvarez invitada tambi\u00e9n a esta graduaci\u00f3n, felicit\u00f3 a las y los egresados \u201cpor la superaci\u00f3n de una etapa m\u00e1s y por el gran equipo que conforman directivos y docentes. Hoy concluyen un paso m\u00e1s, uno importante, en el camino de su formaci\u00f3n acad\u00e9mica, que a\u00fan no termina\u201d.<\/p>\n\n\n\n<p class=\"wp-block-paragraph\">Por su parte, Sergio Hugo Urquiza Garc\u00eda, director del plantel, coment\u00f3 que esta generaci\u00f3n ha sido muy exitosa. \u201cNos ha tra\u00eddo grandes satisfacciones al plantel. Muchas felicidades por estos logros; estoy seguro de que por ese camino que llevan van a seguir logrando triunfos en su vida. Felicidades tambi\u00e9n a sus familias, a sus pap\u00e1s, porque han hecho muy buen trabajo con ustedes\u201d.<\/p>\n\n\n\n<p class=\"wp-block-paragraph\">La se\u00f1ora Mar\u00eda del Carmen, a nombre de la familia Mart\u00ednez Puga, agradeci\u00f3 la distinci\u00f3n a quien fuera tambi\u00e9n maestro del 157. Agradeci\u00f3 el apoyo y acompa\u00f1amiento de todos sus compa\u00f1eros, maestros, directivos y alumnos del plantel. En especial, reconoci\u00f3 el apoyo y la amistad que ten\u00eda Pepe con el rector de la Universidad de Colima, \u201cquien fue no solo un gran compa\u00f1ero, sino tambi\u00e9n un excelente amigo para \u00e9l; le agradecemos que est\u00e9 presente en este importante evento y que haya sido padrino de generaci\u00f3n\u201d.<\/p>\n\n\n\n<p class=\"wp-block-paragraph\">Sandra Pilar Solano Rodr\u00edguez, representante de la DGTI en el estado de Colima, agradeci\u00f3 al plantel por dotar de herramientas t\u00e9cnicas a los ahora graduados. \u201cA ustedes, j\u00f3venes, gracias por ense\u00f1arnos que un andar constante y firme conduce al camino del \u00e9xito. Sigan as\u00ed, persiguiendo sus metas, cumpliendo sus sue\u00f1os y viviendo con intensidad y valent\u00eda\u201d.<\/p>\n\n\n\n<p class=\"wp-block-paragraph\">Por \u00faltimo, la estudiante con el mejor promedio de la generaci\u00f3n, a nombre de las y los graduados, resalt\u00f3: \u201cHoy cerramos un ciclo, un camino que no siempre fue f\u00e1cil, pero que sin duda estuvo lleno de aprendizajes, retos, crecimiento y momentos que llevaremos con nosotros para siempre. Hoy nos vamos con aprendizajes, con amistades, con sue\u00f1os y con la certeza de que estamos mejor preparados para lo que viene. Caminamos hacia adelante sabiendo que el esfuerzo vale la pena, y aunque el futuro sea incierto, ya dimos un gran paso. Gracias a todos los que fueron parte de este camino y gracias por creer en nosotros\u201d.<\/p>\n\n\n\n<figure class=\"wp-block-image size-large\"><img loading=\"lazy\" decoding=\"async\" width=\"1024\" height=\"769\" src=\"https:\/\/diarioavanzada.com.mx\/wp-content\/uploads\/2025\/07\/Asiste-rector-a-graduacion-del-CBTIS-157_Esther-1024x769.jpg\" alt=\"\" class=\"wp-image-92783\" srcset=\"https:\/\/diarioavanzada.com.mx\/wp-content\/uploads\/2025\/07\/Asiste-rector-a-graduacion-del-CBTIS-157_Esther-1024x769.jpg 1024w, https:\/\/diarioavanzada.com.mx\/wp-content\/uploads\/2025\/07\/Asiste-rector-a-graduacion-del-CBTIS-157_Esther-300x225.jpg 300w, https:\/\/diarioavanzada.com.mx\/wp-content\/uploads\/2025\/07\/Asiste-rector-a-graduacion-del-CBTIS-157_Esther-768x577.jpg 768w, https:\/\/diarioavanzada.com.mx\/wp-content\/uploads\/2025\/07\/Asiste-rector-a-graduacion-del-CBTIS-157_Esther-800x600.jpg?crop=1 800w, https:\/\/diarioavanzada.com.mx\/wp-content\/uploads\/2025\/07\/Asiste-rector-a-graduacion-del-CBTIS-157_Esther-600x450.jpg?crop=1 600w, https:\/\/diarioavanzada.com.mx\/wp-content\/uploads\/2025\/07\/Asiste-rector-a-graduacion-del-CBTIS-157_Esther-400x300.jpg?crop=1 400w, https:\/\/diarioavanzada.com.mx\/wp-content\/uploads\/2025\/07\/Asiste-rector-a-graduacion-del-CBTIS-157_Esther-200x150.jpg?crop=1 200w, https:\/\/diarioavanzada.com.mx\/wp-content\/uploads\/2025\/07\/Asiste-rector-a-graduacion-del-CBTIS-157_Esther.jpg 1048w\" sizes=\"auto, (max-width: 1024px) 100vw, 1024px\" \/><\/figure>\n\n\n\n<figure class=\"wp-block-image size-large\"><img loading=\"lazy\" decoding=\"async\" width=\"1024\" height=\"683\" src=\"https:\/\/diarioavanzada.com.mx\/wp-content\/uploads\/2025\/07\/Asiste-rector-a-graduacion-del-CBTIS-157_Adolfo-1024x683.jpg\" alt=\"\" class=\"wp-image-92778\" srcset=\"https:\/\/diarioavanzada.com.mx\/wp-content\/uploads\/2025\/07\/Asiste-rector-a-graduacion-del-CBTIS-157_Adolfo-1024x683.jpg 1024w, https:\/\/diarioavanzada.com.mx\/wp-content\/uploads\/2025\/07\/Asiste-rector-a-graduacion-del-CBTIS-157_Adolfo-300x200.jpg 300w, https:\/\/diarioavanzada.com.mx\/wp-content\/uploads\/2025\/07\/Asiste-rector-a-graduacion-del-CBTIS-157_Adolfo-768x512.jpg 768w, https:\/\/diarioavanzada.com.mx\/wp-content\/uploads\/2025\/07\/Asiste-rector-a-graduacion-del-CBTIS-157_Adolfo.jpg 1048w\" sizes=\"auto, (max-width: 1024px) 100vw, 1024px\" \/><\/figure>\n\n\n\n<figure class=\"wp-block-image size-large\"><img loading=\"lazy\" decoding=\"async\" width=\"1024\" height=\"702\" src=\"https:\/\/diarioavanzada.com.mx\/wp-content\/uploads\/2025\/07\/Asiste-rector-a-graduacion-del-CBTIS-157_Carmen-1024x702.jpg\" alt=\"\" class=\"wp-image-92779\" srcset=\"https:\/\/diarioavanzada.com.mx\/wp-content\/uploads\/2025\/07\/Asiste-rector-a-graduacion-del-CBTIS-157_Carmen-1024x702.jpg 1024w, https:\/\/diarioavanzada.com.mx\/wp-content\/uploads\/2025\/07\/Asiste-rector-a-graduacion-del-CBTIS-157_Carmen-300x206.jpg 300w, https:\/\/diarioavanzada.com.mx\/wp-content\/uploads\/2025\/07\/Asiste-rector-a-graduacion-del-CBTIS-157_Carmen-768x526.jpg 768w, https:\/\/diarioavanzada.com.mx\/wp-content\/uploads\/2025\/07\/Asiste-rector-a-graduacion-del-CBTIS-157_Carmen.jpg 1048w\" sizes=\"auto, (max-width: 1024px) 100vw, 1024px\" \/><\/figure>\n\n\n\n<figure class=\"wp-block-image size-large\"><img loading=\"lazy\" decoding=\"async\" width=\"1024\" height=\"683\" src=\"https:\/\/diarioavanzada.com.mx\/wp-content\/uploads\/2025\/07\/Asiste-rector-a-graduacion-del-CBTIS-157_Alumna-1024x683.jpg\" alt=\"\" class=\"wp-image-92781\" srcset=\"https:\/\/diarioavanzada.com.mx\/wp-content\/uploads\/2025\/07\/Asiste-rector-a-graduacion-del-CBTIS-157_Alumna-1024x683.jpg 1024w, https:\/\/diarioavanzada.com.mx\/wp-content\/uploads\/2025\/07\/Asiste-rector-a-graduacion-del-CBTIS-157_Alumna-300x200.jpg 300w, https:\/\/diarioavanzada.com.mx\/wp-content\/uploads\/2025\/07\/Asiste-rector-a-graduacion-del-CBTIS-157_Alumna-768x512.jpg 768w, https:\/\/diarioavanzada.com.mx\/wp-content\/uploads\/2025\/07\/Asiste-rector-a-graduacion-del-CBTIS-157_Alumna.jpg 1048w\" sizes=\"auto, (max-width: 1024px) 100vw, 1024px\" \/><\/figure>\n\n\n\n<p class=\"wp-block-paragraph\"><\/p>\n<div class=\"fb-background-color\">\n\t\t\t  <div \n\t\t\t  \tclass = \"fb-comments\" \n\t\t\t  \tdata-href = \"https:\/\/diarioavanzada.com.mx\/?p=92776\"\n\t\t\t  \tdata-numposts = \"10\"\n\t\t\t  \tdata-lazy = \"true\"\n\t\t\t\tdata-colorscheme = \"light\"\n\t\t\t\tdata-order-by = \"social\"\n\t\t\t\tdata-mobile=true>\n\t\t\t  <\/div><\/div>\n\t\t  <style>\n\t\t    .fb-background-color {\n\t\t\t\tbackground:  !important;\n\t\t\t}\n\t\t\t.fb_iframe_widget_fluid_desktop iframe {\n\t\t\t    width: 100% !important;\n\t\t\t}\n\t\t  <\/style>\n\t\t  ","protected":false},"excerpt":{"rendered":"<p>\u201cLa Universidad de Colima, como instituci\u00f3n p\u00fablica comprometida con la educaci\u00f3n de calidad y el desarrollo de nuestro estado, tiene para ustedes las puertas abiertas\u201d: Christian Torres Ortiz, rector. Colima, M\u00e9xico, Comunicado (04\/07\/2025).- Este viernes, Christian Jorge Torres Ortiz Zerme\u00f1o, rector de la Universidad de Colima, fue padrino de la generaci\u00f3n 2022-2025 del CBTIS 157, [&hellip;]<\/p>\n","protected":false},"author":7,"featured_media":92782,"comment_status":"closed","ping_status":"closed","sticky":false,"template":"","format":"standard","meta":{"_coblocks_attr":"","_coblocks_dimensions":"","_coblocks_responsive_height":"","_coblocks_accordion_ie_support":"","_crdt_document":"","advanced_seo_description":"","jetpack_seo_html_title":"","jetpack_seo_noindex":false,"_jetpack_memberships_contains_paid_content":false,"footnotes":""},"categories":[19,209,7],"tags":[],"class_list":["post-92776","post","type-post","status-publish","format-standard","has-post-thumbnail","hentry","category-colima","category-importantes","category-noticias"],"jetpack_featured_media_url":"https:\/\/diarioavanzada.com.mx\/wp-content\/uploads\/2025\/07\/Asiste-rector-a-graduacion-del-CBTIS-157_a.jpg","jetpack-related-posts":[],"jetpack_sharing_enabled":true,"amp_enabled":true,"_links":{"self":[{"href":"https:\/\/diarioavanzada.com.mx\/index.php?rest_route=\/wp\/v2\/posts\/92776","targetHints":{"allow":["GET"]}}],"collection":[{"href":"https:\/\/diarioavanzada.com.mx\/index.php?rest_route=\/wp\/v2\/posts"}],"about":[{"href":"https:\/\/diarioavanzada.com.mx\/index.php?rest_route=\/wp\/v2\/types\/post"}],"author":[{"embeddable":true,"href":"https:\/\/diarioavanzada.com.mx\/index.php?rest_route=\/wp\/v2\/users\/7"}],"replies":[{"embeddable":true,"href":"https:\/\/diarioavanzada.com.mx\/index.php?rest_route=%2Fwp%2Fv2%2Fcomments&post=92776"}],"version-history":[{"count":5,"href":"https:\/\/diarioavanzada.com.mx\/index.php?rest_route=\/wp\/v2\/posts\/92776\/revisions"}],"predecessor-version":[{"id":92786,"href":"https:\/\/diarioavanzada.com.mx\/index.php?rest_route=\/wp\/v2\/posts\/92776\/revisions\/92786"}],"wp:featuredmedia":[{"embeddable":true,"href":"https:\/\/diarioavanzada.com.mx\/index.php?rest_route=\/wp\/v2\/media\/92782"}],"wp:attachment":[{"href":"https:\/\/diarioavanzada.com.mx\/index.php?rest_route=%2Fwp%2Fv2%2Fmedia&parent=92776"}],"wp:term":[{"taxonomy":"category","embeddable":true,"href":"https:\/\/diarioavanzada.com.mx\/index.php?rest_route=%2Fwp%2Fv2%2Fcategories&post=92776"},{"taxonomy":"post_tag","embeddable":true,"href":"https:\/\/diarioavanzada.com.mx\/index.php?rest_route=%2Fwp%2Fv2%2Ftags&post=92776"}],"curies":[{"name":"wp","href":"https:\/\/api.w.org\/{rel}","templated":true}]}}