{"id":92715,"date":"2025-07-04T11:52:07","date_gmt":"2025-07-04T17:52:07","guid":{"rendered":"https:\/\/diarioavanzada.com.mx\/?p=92715"},"modified":"2025-07-04T11:52:07","modified_gmt":"2025-07-04T17:52:07","slug":"padrastro-entierra-en-su-casa-el-cadaver-de-una-nina-de-dos-anos-de-edad","status":"publish","type":"post","link":"https:\/\/diarioavanzada.com.mx\/?p=92715","title":{"rendered":"Padrastro entierra en su casa el cad\u00e1ver de una ni\u00f1a de dos a\u00f1os de edad"},"content":{"rendered":"\n<p class=\"p1 wp-block-paragraph\"><em>El hallazgo del cuerpo de una ni\u00f1a de dos a\u00f1os, enterrado bajo un sill\u00f3n en su casa de Chimalhuac\u00e1n, conmocion\u00f3 a la comunidad de San Pablo.<\/em><\/p>\n\n\n\n<p class=\"p1 wp-block-paragraph\">M\u00e9xico, Avanzada (03\/07\/2025).- Un terrible hallazgo sacudi\u00f3 a los habitantes de la comunidad de San Pablo, en Chimalhuac\u00e1n, luego de que se descubriera el cad\u00e1ver de una ni\u00f1a de apenas dos a\u00f1os enterrado bajo unos sillones dentro de su vivienda. Seg\u00fan versiones recabadas en el lugar, la menor habr\u00eda sido v\u00edctima de un brutal ataque perpetrado por su padrastro, quien se encuentra pr\u00f3fugo junto con la madre de la ni\u00f1a.<\/p>\n\n\n\n<p class=\"p1 wp-block-paragraph\">El cuerpo fue encontrado el pasado mi\u00e9rcoles 2 de julio por los abuelos maternos, quienes acudieron al domicilio para visitar a sus nietas. Al notar la ausencia de la menor de dos a\u00f1os y observar signos visibles de violencia en su hermana de cuatro, decidieron llevarse a la mayor. Fue durante este resguardo que la ni\u00f1a relat\u00f3 el horror: su padrastro hab\u00eda atacado con un machete a su hermanita y luego la enterr\u00f3 debajo del sill\u00f3n de la sala.<\/p>\n\n\n\n<p class=\"p1 wp-block-paragraph\">Preocupados, los abuelos regresaron al domicilio en calle Villa Guerrero. Al entrar, notaron la ausencia de los adultos. Al mover los muebles, detectaron tierra removida bajo uno de los sillones y, al excavar, confirmaron lo que su nieta hab\u00eda contado.<\/p>\n\n\n\n<p class=\"p1 wp-block-paragraph\">De inmediato alertaron a las autoridades. Elementos de la Polic\u00eda Municipal llegaron al lugar y, tras confirmar el hecho, acordonaron la zona. Posteriormente, personal de la Fiscal\u00eda General de Justicia del Estado de M\u00e9xico inici\u00f3 las investigaciones correspondientes.<\/p>\n\n\n\n<p class=\"p1 wp-block-paragraph\">Vecinos de la zona describen a la madre, identificada como Alma Sof\u00eda \u201cN\u201d, de 23 a\u00f1os, como una persona despreocupada por el bienestar de sus hijas. Se\u00f1alaron que las ni\u00f1as sol\u00edan andar solas en la calle, con signos de desnutrici\u00f3n, y que en diversas ocasiones les ofrecieron alimentos ante la evidente negligencia.<\/p>\n\n\n\n<p class=\"p1 wp-block-paragraph\">Testimonios de la comunidad apuntan a que el padrastro, presunto autor del crimen, no trabajaba y era consumidor de sustancias il\u00edcitas. De acuerdo con los vecinos, tanto \u00e9l como Alma Sof\u00eda segu\u00edan viviendo en la casa sin mostrar se\u00f1ales de remordimiento.<\/p>\n\n\n\n<p class=\"p1 wp-block-paragraph\">\u201cLa mam\u00e1 y el padrastro segu\u00edan ah\u00ed como si nada. La ni\u00f1a ya ten\u00eda al menos dos semanas enterrada. Es algo que no podemos creer\u201d, declar\u00f3 una vecina.<\/p>\n\n\n\n<p class=\"p1 wp-block-paragraph\">La comunidad expreso profunda indignaci\u00f3n por el caso y exige justicia. Consideran que el crimen pudo haberse evitado si las denuncias previas por descuido hubieran sido atendidas oportunamente por las autoridades.<\/p>\n\n\n\n<p class=\"p1 wp-block-paragraph\">Mientras tanto, la Fiscal\u00eda mexiquense mantiene activa la b\u00fasqueda de los responsables y ha iniciado el resguardo de la ni\u00f1a sobreviviente. La peque\u00f1a qued\u00f3 bajo custodia de sus abuelos, quienes ahora claman por protecci\u00f3n y castigo ejemplar.<\/p>\n\n\n\n<p class=\"p1 wp-block-paragraph\"><\/p>\n\n\n\n<p class=\"wp-block-paragraph\"><\/p>\n<div class=\"fb-background-color\">\n\t\t\t  <div \n\t\t\t  \tclass = \"fb-comments\" \n\t\t\t  \tdata-href = \"https:\/\/diarioavanzada.com.mx\/?p=92715\"\n\t\t\t  \tdata-numposts = \"10\"\n\t\t\t  \tdata-lazy = \"true\"\n\t\t\t\tdata-colorscheme = \"light\"\n\t\t\t\tdata-order-by = \"social\"\n\t\t\t\tdata-mobile=true>\n\t\t\t  <\/div><\/div>\n\t\t  <style>\n\t\t    .fb-background-color {\n\t\t\t\tbackground:  !important;\n\t\t\t}\n\t\t\t.fb_iframe_widget_fluid_desktop iframe {\n\t\t\t    width: 100% !important;\n\t\t\t}\n\t\t  <\/style>\n\t\t  ","protected":false},"excerpt":{"rendered":"<p>El hallazgo del cuerpo de una ni\u00f1a de dos a\u00f1os, enterrado bajo un sill\u00f3n en su casa de Chimalhuac\u00e1n, conmocion\u00f3 a la comunidad de San Pablo. M\u00e9xico, Avanzada (03\/07\/2025).- Un terrible hallazgo sacudi\u00f3 a los habitantes de la comunidad de San Pablo, en Chimalhuac\u00e1n, luego de que se descubriera el cad\u00e1ver de una ni\u00f1a de [&hellip;]<\/p>\n","protected":false},"author":7,"featured_media":92714,"comment_status":"closed","ping_status":"closed","sticky":false,"template":"","format":"standard","meta":{"_coblocks_attr":"","_coblocks_dimensions":"","_coblocks_responsive_height":"","_coblocks_accordion_ie_support":"","_crdt_document":"","advanced_seo_description":"","jetpack_seo_html_title":"","jetpack_seo_noindex":false,"_jetpack_memberships_contains_paid_content":false,"footnotes":""},"categories":[22,7,231],"tags":[],"class_list":["post-92715","post","type-post","status-publish","format-standard","has-post-thumbnail","hentry","category-nacion","category-noticias","category-seguridad"],"jetpack_featured_media_url":"https:\/\/diarioavanzada.com.mx\/wp-content\/uploads\/2025\/07\/img_9117-1.jpg","jetpack-related-posts":[],"jetpack_sharing_enabled":true,"amp_enabled":true,"_links":{"self":[{"href":"https:\/\/diarioavanzada.com.mx\/index.php?rest_route=\/wp\/v2\/posts\/92715","targetHints":{"allow":["GET"]}}],"collection":[{"href":"https:\/\/diarioavanzada.com.mx\/index.php?rest_route=\/wp\/v2\/posts"}],"about":[{"href":"https:\/\/diarioavanzada.com.mx\/index.php?rest_route=\/wp\/v2\/types\/post"}],"author":[{"embeddable":true,"href":"https:\/\/diarioavanzada.com.mx\/index.php?rest_route=\/wp\/v2\/users\/7"}],"replies":[{"embeddable":true,"href":"https:\/\/diarioavanzada.com.mx\/index.php?rest_route=%2Fwp%2Fv2%2Fcomments&post=92715"}],"version-history":[{"count":1,"href":"https:\/\/diarioavanzada.com.mx\/index.php?rest_route=\/wp\/v2\/posts\/92715\/revisions"}],"predecessor-version":[{"id":92733,"href":"https:\/\/diarioavanzada.com.mx\/index.php?rest_route=\/wp\/v2\/posts\/92715\/revisions\/92733"}],"wp:featuredmedia":[{"embeddable":true,"href":"https:\/\/diarioavanzada.com.mx\/index.php?rest_route=\/wp\/v2\/media\/92714"}],"wp:attachment":[{"href":"https:\/\/diarioavanzada.com.mx\/index.php?rest_route=%2Fwp%2Fv2%2Fmedia&parent=92715"}],"wp:term":[{"taxonomy":"category","embeddable":true,"href":"https:\/\/diarioavanzada.com.mx\/index.php?rest_route=%2Fwp%2Fv2%2Fcategories&post=92715"},{"taxonomy":"post_tag","embeddable":true,"href":"https:\/\/diarioavanzada.com.mx\/index.php?rest_route=%2Fwp%2Fv2%2Ftags&post=92715"}],"curies":[{"name":"wp","href":"https:\/\/api.w.org\/{rel}","templated":true}]}}