{"id":9270,"date":"2019-12-22T10:15:15","date_gmt":"2019-12-22T15:15:15","guid":{"rendered":"https:\/\/diarioavanzada.com.mx\/?p=9270"},"modified":"2019-12-22T10:16:02","modified_gmt":"2019-12-22T15:16:02","slug":"despiden-a-600-trabajadores-en-el-gobierno-del-estado-pero-rifan-automovil-kia","status":"publish","type":"post","link":"https:\/\/diarioavanzada.com.mx\/?p=9270","title":{"rendered":"Despiden a 600 trabajadores en el Gobierno de Colima pero les rifan autom\u00f3vil KIA"},"content":{"rendered":"\n<p class=\"wp-block-paragraph\">Colima, M\u00e9xico, Avanzada (22\/12\/2019).- El secretario del Trabajo y Previsi\u00f3n Social del Gobierno del Estado, Vicente Reyna&nbsp; P\u00e9rez confirm\u00f3 que ser\u00e1n 600 empleados de confianza y contrato los que ser\u00e1n despedidos de la administraci\u00f3n estatal.<\/p>\n\n\n\n<p class=\"wp-block-paragraph\">Durante&nbsp; la posada del sindicato de Trabajadores del Gobierno del Estado, el funcionario pidi\u00f3 a los bur\u00f3cratas redoblar esfuerzos y valorar las condiciones de trabajo que tienen.<\/p>\n\n\n\n<p class=\"wp-block-paragraph\">El funcionario estatal se\u00f1al\u00f3 que varios de los trabajadores ya fueron notificados sobre la culminaci\u00f3n del contrato laboral con el gobierno del Estado.<\/p>\n\n\n\n<p class=\"wp-block-paragraph\">El funcionario fue el representante del gobernador, Ignacio Peralta S\u00e1nchez en el evento donde se rif\u00f3 un autom\u00f3vil KIA 2020, autom\u00e1tico para los trabajadores sindicalizados y jubilados.<\/p>\n\n\n\n<p class=\"wp-block-paragraph\">El funcionario se\u00f1al\u00f3 que las condiciones econ\u00f3micas del estado y el pa\u00eds son complejas e insisti\u00f3 que el panorama para el pr\u00f3ximo a\u00f1o es adverso.<\/p>\n\n\n\n<p class=\"wp-block-paragraph\">Fotograf\u00eda tomada de Facebook.<\/p>\n<div class=\"fb-background-color\">\n\t\t\t  <div \n\t\t\t  \tclass = \"fb-comments\" \n\t\t\t  \tdata-href = \"https:\/\/diarioavanzada.com.mx\/?p=9270\"\n\t\t\t  \tdata-numposts = \"10\"\n\t\t\t  \tdata-lazy = \"true\"\n\t\t\t\tdata-colorscheme = \"light\"\n\t\t\t\tdata-order-by = \"social\"\n\t\t\t\tdata-mobile=true>\n\t\t\t  <\/div><\/div>\n\t\t  <style>\n\t\t    .fb-background-color {\n\t\t\t\tbackground:  !important;\n\t\t\t}\n\t\t\t.fb_iframe_widget_fluid_desktop iframe {\n\t\t\t    width: 100% !important;\n\t\t\t}\n\t\t  <\/style>\n\t\t  ","protected":false},"excerpt":{"rendered":"<p>Colima, M\u00e9xico, Avanzada (22\/12\/2019).- El secretario del Trabajo y Previsi\u00f3n Social del Gobierno del Estado, Vicente Reyna&nbsp; P\u00e9rez confirm\u00f3 que ser\u00e1n 600 empleados de confianza y contrato los que ser\u00e1n despedidos de la administraci\u00f3n estatal. Durante&nbsp; la posada del sindicato de Trabajadores del Gobierno del Estado, el funcionario pidi\u00f3 a los bur\u00f3cratas redoblar esfuerzos y [&hellip;]<\/p>\n","protected":false},"author":5,"featured_media":9271,"comment_status":"closed","ping_status":"closed","sticky":false,"template":"","format":"standard","meta":{"_coblocks_attr":"","_coblocks_dimensions":"","_coblocks_responsive_height":"","_coblocks_accordion_ie_support":"","_crdt_document":"","advanced_seo_description":"","jetpack_seo_html_title":"","jetpack_seo_noindex":false,"_jetpack_memberships_contains_paid_content":false,"footnotes":""},"categories":[19],"tags":[210],"class_list":["post-9270","post","type-post","status-publish","format-standard","has-post-thumbnail","hentry","category-colima","tag-portada"],"jetpack_featured_media_url":"https:\/\/diarioavanzada.com.mx\/wp-content\/uploads\/2019\/12\/Sindicalizado-y-auto-KIA.jpg","jetpack-related-posts":[],"jetpack_sharing_enabled":true,"amp_enabled":true,"_links":{"self":[{"href":"https:\/\/diarioavanzada.com.mx\/index.php?rest_route=\/wp\/v2\/posts\/9270","targetHints":{"allow":["GET"]}}],"collection":[{"href":"https:\/\/diarioavanzada.com.mx\/index.php?rest_route=\/wp\/v2\/posts"}],"about":[{"href":"https:\/\/diarioavanzada.com.mx\/index.php?rest_route=\/wp\/v2\/types\/post"}],"author":[{"embeddable":true,"href":"https:\/\/diarioavanzada.com.mx\/index.php?rest_route=\/wp\/v2\/users\/5"}],"replies":[{"embeddable":true,"href":"https:\/\/diarioavanzada.com.mx\/index.php?rest_route=%2Fwp%2Fv2%2Fcomments&post=9270"}],"version-history":[{"count":0,"href":"https:\/\/diarioavanzada.com.mx\/index.php?rest_route=\/wp\/v2\/posts\/9270\/revisions"}],"wp:featuredmedia":[{"embeddable":true,"href":"https:\/\/diarioavanzada.com.mx\/index.php?rest_route=\/wp\/v2\/media\/9271"}],"wp:attachment":[{"href":"https:\/\/diarioavanzada.com.mx\/index.php?rest_route=%2Fwp%2Fv2%2Fmedia&parent=9270"}],"wp:term":[{"taxonomy":"category","embeddable":true,"href":"https:\/\/diarioavanzada.com.mx\/index.php?rest_route=%2Fwp%2Fv2%2Fcategories&post=9270"},{"taxonomy":"post_tag","embeddable":true,"href":"https:\/\/diarioavanzada.com.mx\/index.php?rest_route=%2Fwp%2Fv2%2Ftags&post=9270"}],"curies":[{"name":"wp","href":"https:\/\/api.w.org\/{rel}","templated":true}]}}