{"id":92551,"date":"2025-07-02T22:23:43","date_gmt":"2025-07-03T04:23:43","guid":{"rendered":"https:\/\/diarioavanzada.com.mx\/?p=92551"},"modified":"2025-07-02T22:23:43","modified_gmt":"2025-07-03T04:23:43","slug":"buscan-a-clavel-yazmin-fernandez-desaparecio-en-tecoman","status":"publish","type":"post","link":"https:\/\/diarioavanzada.com.mx\/?p=92551","title":{"rendered":"Buscan a Clavel Yazm\u00edn Fern\u00e1ndez, desapareci\u00f3 en Tecom\u00e1n"},"content":{"rendered":"\n<p class=\"p1 wp-block-paragraph\">Colima, M\u00e9xico, Avanzada (02\/07\/2025).- La Fiscal\u00eda General del Estado activ\u00f3 una Alerta Alba para localizar a Clavel Yazm\u00edn Fern\u00e1ndez Garc\u00eda, de 20 a\u00f1os de edad, quien fue vista por \u00faltima vez el 29 de junio del presente a\u00f1o, alrededor de las 15:00 horas, en la ciudad de Tecom\u00e1n, Colima.<\/p>\n\n\n\n<p class=\"p1 wp-block-paragraph\">De acuerdo con la ficha de b\u00fasqueda, Clavel presenta complexi\u00f3n robusta, mide aproximadamente 1.60 metros, tiene tez morena clara, cabello largo y lacio de color casta\u00f1o, cejas delgadas y pobladas, nariz peque\u00f1a y respingada, ojos grandes color caf\u00e9 claro, orejas regulares, boca grande con labios regulares.<\/p>\n\n\n\n<p class=\"p1 wp-block-paragraph\">Las autoridades solicitan el apoyo de la ciudadan\u00eda para brindar cualquier informaci\u00f3n que ayude a dar con su paradero, comunic\u00e1ndose a los tel\u00e9fonos de la Fiscal\u00eda: 312 316 4580, 312 316 4581, 312 316 4582, 312 316 4583, 312 316 4584, 312 316 4585, 312 316 4586, 312 316 4587, 312 316 4588 y 312 316 4589.<\/p>\n\n\n\n<figure class=\"wp-block-image size-large\"><img loading=\"lazy\" decoding=\"async\" width=\"765\" height=\"1024\" src=\"https:\/\/diarioavanzada.com.mx\/wp-content\/uploads\/2025\/07\/img_5889-1-765x1024.jpg\" class=\"wp-image-92549\" srcset=\"https:\/\/diarioavanzada.com.mx\/wp-content\/uploads\/2025\/07\/img_5889-1-765x1024.jpg 765w, https:\/\/diarioavanzada.com.mx\/wp-content\/uploads\/2025\/07\/img_5889-1-224x300.jpg 224w, https:\/\/diarioavanzada.com.mx\/wp-content\/uploads\/2025\/07\/img_5889-1-768x1028.jpg 768w, https:\/\/diarioavanzada.com.mx\/wp-content\/uploads\/2025\/07\/img_5889-1.jpg 956w\" sizes=\"auto, (max-width: 765px) 100vw, 765px\" \/><\/figure>\n\n\n\n<p class=\"p1 wp-block-paragraph\"><\/p>\n<div class=\"fb-background-color\">\n\t\t\t  <div \n\t\t\t  \tclass = \"fb-comments\" \n\t\t\t  \tdata-href = \"https:\/\/diarioavanzada.com.mx\/?p=92551\"\n\t\t\t  \tdata-numposts = \"10\"\n\t\t\t  \tdata-lazy = \"true\"\n\t\t\t\tdata-colorscheme = \"light\"\n\t\t\t\tdata-order-by = \"social\"\n\t\t\t\tdata-mobile=true>\n\t\t\t  <\/div><\/div>\n\t\t  <style>\n\t\t    .fb-background-color {\n\t\t\t\tbackground:  !important;\n\t\t\t}\n\t\t\t.fb_iframe_widget_fluid_desktop iframe {\n\t\t\t    width: 100% !important;\n\t\t\t}\n\t\t  <\/style>\n\t\t  ","protected":false},"excerpt":{"rendered":"<p>Colima, M\u00e9xico, Avanzada (02\/07\/2025).- La Fiscal\u00eda General del Estado activ\u00f3 una Alerta Alba para localizar a Clavel Yazm\u00edn Fern\u00e1ndez Garc\u00eda, de 20 a\u00f1os de edad, quien fue vista por \u00faltima vez el 29 de junio del presente a\u00f1o, alrededor de las 15:00 horas, en la ciudad de Tecom\u00e1n, Colima. De acuerdo con la ficha de [&hellip;]<\/p>\n","protected":false},"author":7,"featured_media":92550,"comment_status":"closed","ping_status":"closed","sticky":false,"template":"","format":"standard","meta":{"_coblocks_attr":"","_coblocks_dimensions":"","_coblocks_responsive_height":"","_coblocks_accordion_ie_support":"","_crdt_document":"","advanced_seo_description":"","jetpack_seo_html_title":"","jetpack_seo_noindex":false,"_jetpack_memberships_contains_paid_content":false,"footnotes":""},"categories":[19,209,7,231],"tags":[210],"class_list":["post-92551","post","type-post","status-publish","format-standard","has-post-thumbnail","hentry","category-colima","category-importantes","category-noticias","category-seguridad","tag-portada"],"jetpack_featured_media_url":"https:\/\/diarioavanzada.com.mx\/wp-content\/uploads\/2025\/07\/img_5890-1.jpg","jetpack-related-posts":[],"jetpack_sharing_enabled":true,"amp_enabled":true,"_links":{"self":[{"href":"https:\/\/diarioavanzada.com.mx\/index.php?rest_route=\/wp\/v2\/posts\/92551","targetHints":{"allow":["GET"]}}],"collection":[{"href":"https:\/\/diarioavanzada.com.mx\/index.php?rest_route=\/wp\/v2\/posts"}],"about":[{"href":"https:\/\/diarioavanzada.com.mx\/index.php?rest_route=\/wp\/v2\/types\/post"}],"author":[{"embeddable":true,"href":"https:\/\/diarioavanzada.com.mx\/index.php?rest_route=\/wp\/v2\/users\/7"}],"replies":[{"embeddable":true,"href":"https:\/\/diarioavanzada.com.mx\/index.php?rest_route=%2Fwp%2Fv2%2Fcomments&post=92551"}],"version-history":[{"count":0,"href":"https:\/\/diarioavanzada.com.mx\/index.php?rest_route=\/wp\/v2\/posts\/92551\/revisions"}],"wp:featuredmedia":[{"embeddable":true,"href":"https:\/\/diarioavanzada.com.mx\/index.php?rest_route=\/wp\/v2\/media\/92550"}],"wp:attachment":[{"href":"https:\/\/diarioavanzada.com.mx\/index.php?rest_route=%2Fwp%2Fv2%2Fmedia&parent=92551"}],"wp:term":[{"taxonomy":"category","embeddable":true,"href":"https:\/\/diarioavanzada.com.mx\/index.php?rest_route=%2Fwp%2Fv2%2Fcategories&post=92551"},{"taxonomy":"post_tag","embeddable":true,"href":"https:\/\/diarioavanzada.com.mx\/index.php?rest_route=%2Fwp%2Fv2%2Ftags&post=92551"}],"curies":[{"name":"wp","href":"https:\/\/api.w.org\/{rel}","templated":true}]}}