{"id":92530,"date":"2025-07-02T18:53:48","date_gmt":"2025-07-03T00:53:48","guid":{"rendered":"https:\/\/diarioavanzada.com.mx\/?p=92530"},"modified":"2025-07-02T18:53:50","modified_gmt":"2025-07-03T00:53:50","slug":"impulsa-udec-en-tecoman-las-vocaciones-cientificas","status":"publish","type":"post","link":"https:\/\/diarioavanzada.com.mx\/?p=92530","title":{"rendered":"Impulsa UdeC en Tecom\u00e1n las vocaciones cient\u00edficas"},"content":{"rendered":"\n<p class=\"wp-block-paragraph\"><em>M\u00e1s de 70 bachilleres participaron en la Semana de las Ciencias Biol\u00f3gicas, Veterinarias y Administrativas.<\/em><\/p>\n\n\n\n<p class=\"wp-block-paragraph\">Colima, M\u00e9xico, Comunicado (02\/07\/2025).- Con la finalidad de acercar a las y los j\u00f3venes al entorno universitario y brindarles herramientas para que puedan tener una elecci\u00f3n profesional informada, el Campus Tecom\u00e1n de la Universidad de Colima (UdeC) celebr\u00f3, del 16 al 20 de junio, la Semana de las Ciencias Biol\u00f3gicas, Veterinarias y Administrativas para J\u00f3venes.<\/p>\n\n\n\n<p class=\"wp-block-paragraph\">El evento, organizado por la Direcci\u00f3n General de Educaci\u00f3n Superior y la Coordinaci\u00f3n General de Docencia, reuni\u00f3 a 72 estudiantes de cuarto semestre provenientes de los bachilleratos 5, 6, 7, 19, 20, 21, 24, 26, 31 y 35. A lo largo de cinco d\u00edas, los y las participantes vivieron una experiencia universitaria inmersiva orientada a despertar su inter\u00e9s por las ciencias biol\u00f3gicas, veterinarias y administrativas, y a guiarlos en la definici\u00f3n de su vocaci\u00f3n profesional.<\/p>\n\n\n\n<p class=\"wp-block-paragraph\">A lo largo de la jornada, las distintas facultades del campus ofrecieron actividades acad\u00e9micas y pr\u00e1cticas dise\u00f1adas para mostrar el potencial de cada disciplina.<\/p>\n\n\n\n<p class=\"wp-block-paragraph\">La Facultad de Contabilidad y Administraci\u00f3n present\u00f3 charlas de divulgaci\u00f3n, simuladores de negocios, talleres para la creaci\u00f3n de tiendas en l\u00ednea y din\u00e1micas motivacionales, permitiendo a los y las j\u00f3venes adentrarse en el mundo empresarial y sus posibilidades.<\/p>\n\n\n\n<p class=\"wp-block-paragraph\">Por su parte, la Facultad de Ciencias Biol\u00f3gicas y Agropecuarias organiz\u00f3 talleres sobre biodiversidad, manejo de residuos org\u00e1nicos y clasificaci\u00f3n de insectos, as\u00ed como recorridos por laboratorios y pr\u00e1cticas con maquinaria agr\u00edcola. Tambi\u00e9n se abordaron temas como el control biol\u00f3gico, la simbiosis micorr\u00edzica y las enfermedades de las plantas.<\/p>\n\n\n\n<p class=\"wp-block-paragraph\">La Facultad de Medicina Veterinaria y Zootecnia expuso la historia y perspectivas de esta disciplina, adem\u00e1s de ofrecer talleres especializados en zootecnia, producci\u00f3n animal, patolog\u00eda cl\u00ednica y atenci\u00f3n veterinaria para gatos, equinos y perros.<\/p>\n\n\n\n<p class=\"wp-block-paragraph\">Cada actividad fue guiada por docentes y estudiantes universitarios, quienes compartieron sus conocimientos, experiencias y respondieron inquietudes. \u201cEste tipo de encuentros son esenciales para que los j\u00f3venes puedan tomar decisiones con mayor claridad y certeza sobre su futuro profesional\u201d, expres\u00f3 uno de los coordinadores del evento.<\/p>\n\n\n\n<p class=\"wp-block-paragraph\">La Semana concluy\u00f3 con una evaluaci\u00f3n positiva por parte de los participantes, quienes se mostraron entusiastas y motivados por las posibilidades acad\u00e9micas ofrecidas por la Universidad de Colima. El ejercicio reafirma el compromiso institucional con la orientaci\u00f3n vocacional y la formaci\u00f3n integral de las nuevas generaciones.<\/p>\n<div class=\"fb-background-color\">\n\t\t\t  <div \n\t\t\t  \tclass = \"fb-comments\" \n\t\t\t  \tdata-href = \"https:\/\/diarioavanzada.com.mx\/?p=92530\"\n\t\t\t  \tdata-numposts = \"10\"\n\t\t\t  \tdata-lazy = \"true\"\n\t\t\t\tdata-colorscheme = \"light\"\n\t\t\t\tdata-order-by = \"social\"\n\t\t\t\tdata-mobile=true>\n\t\t\t  <\/div><\/div>\n\t\t  <style>\n\t\t    .fb-background-color {\n\t\t\t\tbackground:  !important;\n\t\t\t}\n\t\t\t.fb_iframe_widget_fluid_desktop iframe {\n\t\t\t    width: 100% !important;\n\t\t\t}\n\t\t  <\/style>\n\t\t  ","protected":false},"excerpt":{"rendered":"<p>M\u00e1s de 70 bachilleres participaron en la Semana de las Ciencias Biol\u00f3gicas, Veterinarias y Administrativas. Colima, M\u00e9xico, Comunicado (02\/07\/2025).- Con la finalidad de acercar a las y los j\u00f3venes al entorno universitario y brindarles herramientas para que puedan tener una elecci\u00f3n profesional informada, el Campus Tecom\u00e1n de la Universidad de Colima (UdeC) celebr\u00f3, del 16 [&hellip;]<\/p>\n","protected":false},"author":7,"featured_media":92548,"comment_status":"closed","ping_status":"closed","sticky":false,"template":"","format":"standard","meta":{"_coblocks_attr":"","_coblocks_dimensions":"","_coblocks_responsive_height":"","_coblocks_accordion_ie_support":"","_crdt_document":"","advanced_seo_description":"","jetpack_seo_html_title":"","jetpack_seo_noindex":false,"_jetpack_memberships_contains_paid_content":false,"footnotes":""},"categories":[19,209,7],"tags":[],"class_list":["post-92530","post","type-post","status-publish","format-standard","has-post-thumbnail","hentry","category-colima","category-importantes","category-noticias"],"jetpack_featured_media_url":"https:\/\/diarioavanzada.com.mx\/wp-content\/uploads\/2025\/07\/Campus-Tecoman-impulsa-vocaciones-cientificas-con-la-Semana-de-las-Ciencias_i.jpg","jetpack-related-posts":[],"jetpack_sharing_enabled":true,"amp_enabled":true,"_links":{"self":[{"href":"https:\/\/diarioavanzada.com.mx\/index.php?rest_route=\/wp\/v2\/posts\/92530","targetHints":{"allow":["GET"]}}],"collection":[{"href":"https:\/\/diarioavanzada.com.mx\/index.php?rest_route=\/wp\/v2\/posts"}],"about":[{"href":"https:\/\/diarioavanzada.com.mx\/index.php?rest_route=\/wp\/v2\/types\/post"}],"author":[{"embeddable":true,"href":"https:\/\/diarioavanzada.com.mx\/index.php?rest_route=\/wp\/v2\/users\/7"}],"replies":[{"embeddable":true,"href":"https:\/\/diarioavanzada.com.mx\/index.php?rest_route=%2Fwp%2Fv2%2Fcomments&post=92530"}],"version-history":[{"count":7,"href":"https:\/\/diarioavanzada.com.mx\/index.php?rest_route=\/wp\/v2\/posts\/92530\/revisions"}],"predecessor-version":[{"id":92547,"href":"https:\/\/diarioavanzada.com.mx\/index.php?rest_route=\/wp\/v2\/posts\/92530\/revisions\/92547"}],"wp:featuredmedia":[{"embeddable":true,"href":"https:\/\/diarioavanzada.com.mx\/index.php?rest_route=\/wp\/v2\/media\/92548"}],"wp:attachment":[{"href":"https:\/\/diarioavanzada.com.mx\/index.php?rest_route=%2Fwp%2Fv2%2Fmedia&parent=92530"}],"wp:term":[{"taxonomy":"category","embeddable":true,"href":"https:\/\/diarioavanzada.com.mx\/index.php?rest_route=%2Fwp%2Fv2%2Fcategories&post=92530"},{"taxonomy":"post_tag","embeddable":true,"href":"https:\/\/diarioavanzada.com.mx\/index.php?rest_route=%2Fwp%2Fv2%2Ftags&post=92530"}],"curies":[{"name":"wp","href":"https:\/\/api.w.org\/{rel}","templated":true}]}}