{"id":92500,"date":"2025-07-02T18:25:11","date_gmt":"2025-07-03T00:25:11","guid":{"rendered":"https:\/\/diarioavanzada.com.mx\/?p=92500"},"modified":"2025-07-02T18:25:14","modified_gmt":"2025-07-03T00:25:14","slug":"entregan-certificados-a-destacada-generacion-del-bachillerato-4","status":"publish","type":"post","link":"https:\/\/diarioavanzada.com.mx\/?p=92500","title":{"rendered":"Entregan certificados a destacada generaci\u00f3n del Bachillerato 4"},"content":{"rendered":"\n<p class=\"wp-block-paragraph\"><em>\u201cNos quedamos con los d\u00edas eternos, los ex\u00e1menes dif\u00edciles, las risas que nos salvaron y tambi\u00e9n con los vac\u00edos que quiz\u00e1 nadie vio, pero que igual dolieron. Todo eso forma parte del logro\u201d: Samantha Paulina L\u00f3pez, egresada.<\/em><\/p>\n\n\n\n<p class=\"wp-block-paragraph\">Colima, M\u00e9xico, Comunicado (02\/07\/2025).- Este mi\u00e9rcoles por la ma\u00f1ana, el Bachillerato 4 de la Universidad de Colima entreg\u00f3 344 certificados a estudiantes de la generaci\u00f3n 2022\u20132025, en una emotiva ceremonia acad\u00e9mica celebrada en el Teatro Universitario, ante la presencia de autoridades educativas, docentes y madres y padres de familia.<\/p>\n\n\n\n<p class=\"wp-block-paragraph\">En representaci\u00f3n del rector Christian Jorge Torres Ortiz Zerme\u00f1o, asisti\u00f3 Carlos Montes Carbajal, delegado del campus Villa de \u00c1lvarez, quien reconoci\u00f3 el esfuerzo de esta generaci\u00f3n, a la que defini\u00f3 como destacada por sus m\u00faltiples logros acad\u00e9micos, cient\u00edficos, culturales y deportivos. \u201cEl bachillerato es una etapa de aprendizajes, retos superados, amistades y metas alcanzadas. Esta generaci\u00f3n ha demostrado pasi\u00f3n, constancia y compromiso, cualidades que nos llenan de orgullo como instituci\u00f3n\u201d, afirm\u00f3.<\/p>\n\n\n\n<p class=\"wp-block-paragraph\">Montes Carbajal record\u00f3 que este grupo de estudiantes obtuvo el primer lugar estatal en los concursos de Biolog\u00eda, F\u00edsica y Matem\u00e1ticas, el tercer lugar en el certamen \u201cSilvia Torres\u201d de F\u00edsica y Matem\u00e1ticas, as\u00ed como el primer lugar en el concurso estatal de Lectura en voz alta. Adem\u00e1s, ganaron el certamen \u201cLoro Matem\u00e1tico\u201d y tuvieron una participaci\u00f3n sobresaliente en programas de Mentor\u00edas en Ciencias, Tecnolog\u00eda, Ingenier\u00eda y Matem\u00e1ticas (STEM), siendo el bachillerato que m\u00e1s mujeres aport\u00f3 a esta iniciativa.<\/p>\n\n\n\n<p class=\"wp-block-paragraph\">En el \u00e1mbito deportivo, destac\u00f3 su desempe\u00f1o en los Juegos Deportivos Nacionales de Educaci\u00f3n Media Superior, donde obtuvieron dos medallas a nivel nacional. A lo largo de tres a\u00f1os, 15 estudiantes de esta generaci\u00f3n clasificaron a la etapa nacional en distintas disciplinas. \u201cEstos logros no son casualidad, son resultado del trabajo constante y del compromiso de cada uno de ustedes\u201d, subray\u00f3.<\/p>\n\n\n\n<p class=\"wp-block-paragraph\">M\u00e1s adelante, reflexion\u00f3 sobre la importancia de continuar con la formaci\u00f3n acad\u00e9mica: \u201cVivimos en un mundo que exige preparaci\u00f3n, pensamiento cr\u00edtico e innovaci\u00f3n. La educaci\u00f3n superior es clave para abrir puertas, romper barreras y transformar el mundo. Ustedes tienen el talento, la disciplina y el car\u00e1cter para enfrentar ese reto\u201d.<\/p>\n\n\n\n<p class=\"wp-block-paragraph\">Por su parte, C\u00e9sar Meza Romero, director del Bachillerato 4, se\u00f1al\u00f3 que la entrega del certificado representa el cierre de una etapa que implic\u00f3 esfuerzo, dedicaci\u00f3n y constancia. \u201cEste documento es reflejo de tres a\u00f1os de trabajo, del apoyo de sus familias y de la formaci\u00f3n integral que abarca los \u00e1mbitos acad\u00e9mico, cultural y deportivo\u201d, dijo.<\/p>\n\n\n\n<p class=\"wp-block-paragraph\">Felicit\u00f3 a la generaci\u00f3n por concluir con \u00e9xito esta etapa de su educaci\u00f3n, y agradeci\u00f3 al personal docente por su compromiso diario: \u201cGracias por formar no s\u00f3lo buenos estudiantes, sino mejores seres humanos\u201d. Tambi\u00e9n destac\u00f3 los logros obtenidos por esta generaci\u00f3n a nivel estatal, nacional e internacional: \u201cDeben sentirse orgullosos de ser egresadas y egresados de este plantel\u201d.<\/p>\n\n\n\n<p class=\"wp-block-paragraph\">En representaci\u00f3n de sus compa\u00f1eras y compa\u00f1eros, la estudiante Samantha Paulina L\u00f3pez Ordorica comparti\u00f3 un emotivo mensaje en el que reconoci\u00f3 que, m\u00e1s all\u00e1 del conocimiento adquirido, se llevan consigo vivencias profundas. \u201cNos quedamos con los d\u00edas eternos, los ex\u00e1menes dif\u00edciles, las risas que nos salvaron y tambi\u00e9n con los vac\u00edos que quiz\u00e1 nadie vio, pero que igual dolieron. Todo eso forma parte del logro\u201d, expres\u00f3.<\/p>\n\n\n\n<p class=\"wp-block-paragraph\">A\u00f1adi\u00f3 que su generaci\u00f3n no solo curs\u00f3 el bachillerato, sino que lo desafi\u00f3 y lo transform\u00f3: \u201cAprendimos el valor de la amistad, del trabajo en equipo y de la resiliencia. Eso tambi\u00e9n es motivo de orgullo\u201d.<\/p>\n\n\n\n<p class=\"wp-block-paragraph\">Finalmente, comparti\u00f3 un consejo con sus compa\u00f1eros: \u201cNo se trata de ser siempre el mejor, sino de ser cada vez m\u00e1s t\u00fa. No te compares ni corras una carrera que no es la tuya. Es mejor equivocarte siguiendo tus principios que tener la raz\u00f3n obedeciendo los de alguien m\u00e1s. Si en alg\u00fan momento sientes que vas tarde, recuerda que no todos partimos desde el mismo lugar\u201d.<\/p>\n\n\n\n<p class=\"wp-block-paragraph\">En el pres\u00eddium estuvieron tambi\u00e9n Mart\u00edn Robles de Anda, director general de Educaci\u00f3n Media Superior; Jes\u00fas Jim\u00e9nez Guti\u00e9rrez, representante del SUTUC, e Isabel Larios N\u00fa\u00f1ez, secretaria general de la FEC.<\/p>\n\n\n\n<figure class=\"wp-block-image size-large\"><img loading=\"lazy\" decoding=\"async\" width=\"1024\" height=\"683\" src=\"https:\/\/diarioavanzada.com.mx\/wp-content\/uploads\/2025\/07\/Entregan-344-certificados-a-estudiantes-del-Bachillerato-4_Carlos-1024x683.jpg\" alt=\"\" class=\"wp-image-92502\" srcset=\"https:\/\/diarioavanzada.com.mx\/wp-content\/uploads\/2025\/07\/Entregan-344-certificados-a-estudiantes-del-Bachillerato-4_Carlos-1024x683.jpg 1024w, https:\/\/diarioavanzada.com.mx\/wp-content\/uploads\/2025\/07\/Entregan-344-certificados-a-estudiantes-del-Bachillerato-4_Carlos-300x200.jpg 300w, https:\/\/diarioavanzada.com.mx\/wp-content\/uploads\/2025\/07\/Entregan-344-certificados-a-estudiantes-del-Bachillerato-4_Carlos-768x512.jpg 768w, https:\/\/diarioavanzada.com.mx\/wp-content\/uploads\/2025\/07\/Entregan-344-certificados-a-estudiantes-del-Bachillerato-4_Carlos-1536x1024.jpg 1536w, https:\/\/diarioavanzada.com.mx\/wp-content\/uploads\/2025\/07\/Entregan-344-certificados-a-estudiantes-del-Bachillerato-4_Carlos-2048x1365.jpg 2048w, https:\/\/diarioavanzada.com.mx\/wp-content\/uploads\/2025\/07\/Entregan-344-certificados-a-estudiantes-del-Bachillerato-4_Carlos-1200x800.jpg 1200w\" sizes=\"auto, (max-width: 1024px) 100vw, 1024px\" \/><\/figure>\n\n\n\n<figure class=\"wp-block-image size-large\"><img loading=\"lazy\" decoding=\"async\" width=\"1024\" height=\"683\" src=\"https:\/\/diarioavanzada.com.mx\/wp-content\/uploads\/2025\/07\/Entregan-344-certificados-a-estudiantes-del-Bachillerato-4_a-1024x683.jpg\" alt=\"\" class=\"wp-image-92503\" srcset=\"https:\/\/diarioavanzada.com.mx\/wp-content\/uploads\/2025\/07\/Entregan-344-certificados-a-estudiantes-del-Bachillerato-4_a-1024x683.jpg 1024w, https:\/\/diarioavanzada.com.mx\/wp-content\/uploads\/2025\/07\/Entregan-344-certificados-a-estudiantes-del-Bachillerato-4_a-300x200.jpg 300w, https:\/\/diarioavanzada.com.mx\/wp-content\/uploads\/2025\/07\/Entregan-344-certificados-a-estudiantes-del-Bachillerato-4_a-768x512.jpg 768w, https:\/\/diarioavanzada.com.mx\/wp-content\/uploads\/2025\/07\/Entregan-344-certificados-a-estudiantes-del-Bachillerato-4_a-1536x1024.jpg 1536w, https:\/\/diarioavanzada.com.mx\/wp-content\/uploads\/2025\/07\/Entregan-344-certificados-a-estudiantes-del-Bachillerato-4_a-2048x1365.jpg 2048w, https:\/\/diarioavanzada.com.mx\/wp-content\/uploads\/2025\/07\/Entregan-344-certificados-a-estudiantes-del-Bachillerato-4_a-1200x800.jpg 1200w\" sizes=\"auto, (max-width: 1024px) 100vw, 1024px\" \/><\/figure>\n\n\n\n<figure class=\"wp-block-image size-large\"><img loading=\"lazy\" decoding=\"async\" width=\"1024\" height=\"683\" src=\"https:\/\/diarioavanzada.com.mx\/wp-content\/uploads\/2025\/07\/Entregan-344-certificados-a-estudiantes-del-Bachillerato-4_b-1024x683.jpg\" alt=\"\" class=\"wp-image-92506\" srcset=\"https:\/\/diarioavanzada.com.mx\/wp-content\/uploads\/2025\/07\/Entregan-344-certificados-a-estudiantes-del-Bachillerato-4_b-1024x683.jpg 1024w, https:\/\/diarioavanzada.com.mx\/wp-content\/uploads\/2025\/07\/Entregan-344-certificados-a-estudiantes-del-Bachillerato-4_b-300x200.jpg 300w, https:\/\/diarioavanzada.com.mx\/wp-content\/uploads\/2025\/07\/Entregan-344-certificados-a-estudiantes-del-Bachillerato-4_b-768x512.jpg 768w, https:\/\/diarioavanzada.com.mx\/wp-content\/uploads\/2025\/07\/Entregan-344-certificados-a-estudiantes-del-Bachillerato-4_b-1536x1024.jpg 1536w, https:\/\/diarioavanzada.com.mx\/wp-content\/uploads\/2025\/07\/Entregan-344-certificados-a-estudiantes-del-Bachillerato-4_b-2048x1365.jpg 2048w, https:\/\/diarioavanzada.com.mx\/wp-content\/uploads\/2025\/07\/Entregan-344-certificados-a-estudiantes-del-Bachillerato-4_b-1200x800.jpg 1200w\" sizes=\"auto, (max-width: 1024px) 100vw, 1024px\" \/><\/figure>\n\n\n\n<figure class=\"wp-block-image size-large\"><img loading=\"lazy\" decoding=\"async\" width=\"1024\" height=\"683\" src=\"https:\/\/diarioavanzada.com.mx\/wp-content\/uploads\/2025\/07\/Entregan-344-certificados-a-estudiantes-del-Bachillerato-4_c-1024x683.jpg\" alt=\"\" class=\"wp-image-92507\" srcset=\"https:\/\/diarioavanzada.com.mx\/wp-content\/uploads\/2025\/07\/Entregan-344-certificados-a-estudiantes-del-Bachillerato-4_c-1024x683.jpg 1024w, https:\/\/diarioavanzada.com.mx\/wp-content\/uploads\/2025\/07\/Entregan-344-certificados-a-estudiantes-del-Bachillerato-4_c-300x200.jpg 300w, https:\/\/diarioavanzada.com.mx\/wp-content\/uploads\/2025\/07\/Entregan-344-certificados-a-estudiantes-del-Bachillerato-4_c-768x512.jpg 768w, https:\/\/diarioavanzada.com.mx\/wp-content\/uploads\/2025\/07\/Entregan-344-certificados-a-estudiantes-del-Bachillerato-4_c-1536x1024.jpg 1536w, https:\/\/diarioavanzada.com.mx\/wp-content\/uploads\/2025\/07\/Entregan-344-certificados-a-estudiantes-del-Bachillerato-4_c-2048x1365.jpg 2048w, https:\/\/diarioavanzada.com.mx\/wp-content\/uploads\/2025\/07\/Entregan-344-certificados-a-estudiantes-del-Bachillerato-4_c-1200x800.jpg 1200w\" sizes=\"auto, (max-width: 1024px) 100vw, 1024px\" \/><\/figure>\n\n\n\n<figure class=\"wp-block-image size-large\"><img loading=\"lazy\" decoding=\"async\" width=\"1024\" height=\"683\" src=\"https:\/\/diarioavanzada.com.mx\/wp-content\/uploads\/2025\/07\/Entregan-344-certificados-a-estudiantes-del-Bachillerato-4_e-1024x683.jpg\" alt=\"\" class=\"wp-image-92508\" srcset=\"https:\/\/diarioavanzada.com.mx\/wp-content\/uploads\/2025\/07\/Entregan-344-certificados-a-estudiantes-del-Bachillerato-4_e-1024x683.jpg 1024w, https:\/\/diarioavanzada.com.mx\/wp-content\/uploads\/2025\/07\/Entregan-344-certificados-a-estudiantes-del-Bachillerato-4_e-300x200.jpg 300w, https:\/\/diarioavanzada.com.mx\/wp-content\/uploads\/2025\/07\/Entregan-344-certificados-a-estudiantes-del-Bachillerato-4_e-768x512.jpg 768w, https:\/\/diarioavanzada.com.mx\/wp-content\/uploads\/2025\/07\/Entregan-344-certificados-a-estudiantes-del-Bachillerato-4_e-1536x1024.jpg 1536w, https:\/\/diarioavanzada.com.mx\/wp-content\/uploads\/2025\/07\/Entregan-344-certificados-a-estudiantes-del-Bachillerato-4_e-2048x1365.jpg 2048w, https:\/\/diarioavanzada.com.mx\/wp-content\/uploads\/2025\/07\/Entregan-344-certificados-a-estudiantes-del-Bachillerato-4_e-1200x800.jpg 1200w\" sizes=\"auto, (max-width: 1024px) 100vw, 1024px\" \/><\/figure>\n\n\n\n<p class=\"wp-block-paragraph\"><\/p>\n<div class=\"fb-background-color\">\n\t\t\t  <div \n\t\t\t  \tclass = \"fb-comments\" \n\t\t\t  \tdata-href = \"https:\/\/diarioavanzada.com.mx\/?p=92500\"\n\t\t\t  \tdata-numposts = \"10\"\n\t\t\t  \tdata-lazy = \"true\"\n\t\t\t\tdata-colorscheme = \"light\"\n\t\t\t\tdata-order-by = \"social\"\n\t\t\t\tdata-mobile=true>\n\t\t\t  <\/div><\/div>\n\t\t  <style>\n\t\t    .fb-background-color {\n\t\t\t\tbackground:  !important;\n\t\t\t}\n\t\t\t.fb_iframe_widget_fluid_desktop iframe {\n\t\t\t    width: 100% !important;\n\t\t\t}\n\t\t  <\/style>\n\t\t  ","protected":false},"excerpt":{"rendered":"<p>\u201cNos quedamos con los d\u00edas eternos, los ex\u00e1menes dif\u00edciles, las risas que nos salvaron y tambi\u00e9n con los vac\u00edos que quiz\u00e1 nadie vio, pero que igual dolieron. Todo eso forma parte del logro\u201d: Samantha Paulina L\u00f3pez, egresada. Colima, M\u00e9xico, Comunicado (02\/07\/2025).- Este mi\u00e9rcoles por la ma\u00f1ana, el Bachillerato 4 de la Universidad de Colima entreg\u00f3 [&hellip;]<\/p>\n","protected":false},"author":7,"featured_media":92504,"comment_status":"closed","ping_status":"closed","sticky":false,"template":"","format":"standard","meta":{"_coblocks_attr":"","_coblocks_dimensions":"","_coblocks_responsive_height":"","_coblocks_accordion_ie_support":"","_crdt_document":"","advanced_seo_description":"","jetpack_seo_html_title":"","jetpack_seo_noindex":false,"_jetpack_memberships_contains_paid_content":false,"footnotes":""},"categories":[19,209,22],"tags":[],"class_list":["post-92500","post","type-post","status-publish","format-standard","has-post-thumbnail","hentry","category-colima","category-importantes","category-nacion"],"jetpack_featured_media_url":"https:\/\/diarioavanzada.com.mx\/wp-content\/uploads\/2025\/07\/Entregan-344-certificados-a-estudiantes-del-Bachillerato-4.jpg","jetpack-related-posts":[],"jetpack_sharing_enabled":true,"amp_enabled":true,"_links":{"self":[{"href":"https:\/\/diarioavanzada.com.mx\/index.php?rest_route=\/wp\/v2\/posts\/92500","targetHints":{"allow":["GET"]}}],"collection":[{"href":"https:\/\/diarioavanzada.com.mx\/index.php?rest_route=\/wp\/v2\/posts"}],"about":[{"href":"https:\/\/diarioavanzada.com.mx\/index.php?rest_route=\/wp\/v2\/types\/post"}],"author":[{"embeddable":true,"href":"https:\/\/diarioavanzada.com.mx\/index.php?rest_route=\/wp\/v2\/users\/7"}],"replies":[{"embeddable":true,"href":"https:\/\/diarioavanzada.com.mx\/index.php?rest_route=%2Fwp%2Fv2%2Fcomments&post=92500"}],"version-history":[{"count":4,"href":"https:\/\/diarioavanzada.com.mx\/index.php?rest_route=\/wp\/v2\/posts\/92500\/revisions"}],"predecessor-version":[{"id":92510,"href":"https:\/\/diarioavanzada.com.mx\/index.php?rest_route=\/wp\/v2\/posts\/92500\/revisions\/92510"}],"wp:featuredmedia":[{"embeddable":true,"href":"https:\/\/diarioavanzada.com.mx\/index.php?rest_route=\/wp\/v2\/media\/92504"}],"wp:attachment":[{"href":"https:\/\/diarioavanzada.com.mx\/index.php?rest_route=%2Fwp%2Fv2%2Fmedia&parent=92500"}],"wp:term":[{"taxonomy":"category","embeddable":true,"href":"https:\/\/diarioavanzada.com.mx\/index.php?rest_route=%2Fwp%2Fv2%2Fcategories&post=92500"},{"taxonomy":"post_tag","embeddable":true,"href":"https:\/\/diarioavanzada.com.mx\/index.php?rest_route=%2Fwp%2Fv2%2Ftags&post=92500"}],"curies":[{"name":"wp","href":"https:\/\/api.w.org\/{rel}","templated":true}]}}